{"id":1289,"date":"2024-08-02T12:31:02","date_gmt":"2024-08-02T15:31:02","guid":{"rendered":"https:\/\/idihcs.fahce.unlp.edu.ar\/pmt\/?p=1289"},"modified":"2024-08-02T12:33:23","modified_gmt":"2024-08-02T15:33:23","slug":"actividades-2023","status":"publish","type":"post","link":"https:\/\/idihcs.fahce.unlp.edu.ar\/pmt\/actividades-2023\/","title":{"rendered":"Actividades 2023"},"content":{"rendered":"\n<p>a) Publicaci\u00f3n del libro <em>Los procesos de formaci\u00f3n y reconfiguraci\u00f3n de la clase trabajadora: reflexiones te\u00f3ricas y problemas conceptuales<\/em>, bajo la Coordinaci\u00f3n de Pablo Ghigliani y Silvia Simonassi, La Plata: Programa Mundos del Trabajo \u2013 UNLP.<\/p>\n\n\n\n<p>b) Seminarios del Trayecto Formativo Mundos del Trabajo:<\/p>\n\n\n\n<p>\u201c\u00bfFelices los cuatro? Marxismo, feminismo, teor\u00eda e historia social del trabajo\u201d, a cargo de\u00a0Andrea And\u00fajar y Pablo Ghigliani.<\/p>\n\n\n\n<p>\u201cHistoria social del trabajo y teor\u00eda feminista: interseccionalidad, reproducci\u00f3n social y masculinidades\u201d, a cargo de Pablo Ghigliani, Facultad de Humanidades y Ciencias de la Educaci\u00f3n, Universidad de la Rep\u00fablica.<\/p>\n\n\n\n<p>c) Participamos del encuentro &#8220;Sindicatos y trabajadores en la mira de los servicios de inteligencia&#8221;, organizada conjuntamente por el Grupo de Investigaci\u00f3n en Archivos de la Represi\u00f3n (GIAR) y el N\u00facleo de Comunicaci\u00f3n y Discurso del Centro de Innovaci\u00f3n de los Trabajadores (CITRA).<\/p>\n","protected":false},"excerpt":{"rendered":"<p>a) Publicaci\u00f3n del libro Los procesos de formaci\u00f3n y reconfiguraci\u00f3n de la clase trabajadora: reflexiones te\u00f3ricas y problemas conceptuales, bajo la Coordinaci\u00f3n de Pablo Ghigliani y Silvia Simonassi, La Plata: Programa Mundos del Trabajo \u2013 UNLP. b) Seminarios del Trayecto Formativo Mundos del Trabajo: \u201c\u00bfFelices los cuatro? Marxismo, feminismo, teor\u00eda e historia social del trabajo\u201d, [&hellip;]<\/p>\n","protected":false},"author":34,"featured_media":0,"comment_status":"closed","ping_status":"closed","sticky":false,"template":"","format":"standard","meta":{"_themeisle_gutenberg_block_has_review":false,"footnotes":""},"categories":[17],"class_list":["post-1289","post","type-post","status-publish","format-standard","hentry","category-resumen-anual-actividades"],"acf":[],"rttpg_featured_image_url":null,"rttpg_author":{"display_name":"pghigliani","author_link":"https:\/\/idihcs.fahce.unlp.edu.ar\/pmt\/author\/pghigliani\/"},"rttpg_comment":0,"rttpg_category":"<a href=\"https:\/\/idihcs.fahce.unlp.edu.ar\/pmt\/category\/resumen-anual-actividades\/\" rel=\"category tag\">Resumen Anual de Actividades<\/a>","rttpg_excerpt":"a) Publicaci\u00f3n del libro Los procesos de formaci\u00f3n y reconfiguraci\u00f3n de la clase trabajadora: reflexiones te\u00f3ricas y problemas conceptuales, bajo la Coordinaci\u00f3n de Pablo Ghigliani y Silvia Simonassi, La Plata: Programa Mundos del Trabajo \u2013 UNLP. b) Seminarios del Trayecto Formativo Mundos del Trabajo: \u201c\u00bfFelices los cuatro? Marxismo, feminismo, teor\u00eda e historia social del trabajo\u201d,&hellip;","_links":{"self":[{"href":"https:\/\/idihcs.fahce.unlp.edu.ar\/pmt\/wp-json\/wp\/v2\/posts\/1289","targetHints":{"allow":["GET"]}}],"collection":[{"href":"https:\/\/idihcs.fahce.unlp.edu.ar\/pmt\/wp-json\/wp\/v2\/posts"}],"about":[{"href":"https:\/\/idihcs.fahce.unlp.edu.ar\/pmt\/wp-json\/wp\/v2\/types\/post"}],"author":[{"embeddable":true,"href":"https:\/\/idihcs.fahce.unlp.edu.ar\/pmt\/wp-json\/wp\/v2\/users\/34"}],"replies":[{"embeddable":true,"href":"https:\/\/idihcs.fahce.unlp.edu.ar\/pmt\/wp-json\/wp\/v2\/comments?post=1289"}],"version-history":[{"count":3,"href":"https:\/\/idihcs.fahce.unlp.edu.ar\/pmt\/wp-json\/wp\/v2\/posts\/1289\/revisions"}],"predecessor-version":[{"id":1294,"href":"https:\/\/idihcs.fahce.unlp.edu.ar\/pmt\/wp-json\/wp\/v2\/posts\/1289\/revisions\/1294"}],"wp:attachment":[{"href":"https:\/\/idihcs.fahce.unlp.edu.ar\/pmt\/wp-json\/wp\/v2\/media?parent=1289"}],"wp:term":[{"taxonomy":"category","embeddable":true,"href":"https:\/\/idihcs.fahce.unlp.edu.ar\/pmt\/wp-json\/wp\/v2\/categories?post=1289"}],"curies":[{"name":"wp","href":"https:\/\/api.w.org\/{rel}","templated":true}]}}