{"id":1286,"date":"2024-08-02T12:29:21","date_gmt":"2024-08-02T15:29:21","guid":{"rendered":"https:\/\/idihcs.fahce.unlp.edu.ar\/pmt\/?p=1286"},"modified":"2024-08-02T12:29:35","modified_gmt":"2024-08-02T15:29:35","slug":"actividades-2022","status":"publish","type":"post","link":"https:\/\/idihcs.fahce.unlp.edu.ar\/pmt\/actividades-2022\/","title":{"rendered":"Actividades 2022"},"content":{"rendered":"\n<p>a) Colaboraci\u00f3n en el libro <em>Repress\u00e3o aos trabalhadores e responsabilidade empresarial nas ditaduras do Cone Sul<\/em>, coordinado por Larissa Corr\u00eaa, Marcelo Almeida de Carvalho Silva y Richard Martins, Brasil: Editora PUC-Rio.<\/p>\n\n\n\n<p>b) Seminarios del Trayecto Formativo Mundos del Trabajo:<\/p>\n\n\n\n<p>\u201cHerramientas computacionales para el an\u00e1lisis de la conflictividad social\u201d, a cargo de Agust\u00edn Nieto (CONICET \u2013 UNMP).<\/p>\n\n\n\n<p>&nbsp;\u201c\u00bfFelices los cuatro? Marxismo, feminismo, teor\u00eda e historia social del trabajo\u201d, a cargo de&nbsp;Andrea Andujar y Pablo Ghigliani.<\/p>\n\n\n\n<p>c) Participaci\u00f3n en el Proyecto de Investigaci\u00f3n Orientado \u201cDesigualdades de g\u00e9nero en el mundo del trabajo: aportes a la formaci\u00f3n sindical para la construcci\u00f3n de espacios laborales con equidad en la Provincia de Buenos Aires\u201d, CONICET &#8211; UNLP \u2013 UNAJ, 2022-2023.<\/p>\n","protected":false},"excerpt":{"rendered":"<p>a) Colaboraci\u00f3n en el libro Repress\u00e3o aos trabalhadores e responsabilidade empresarial nas ditaduras do Cone Sul, coordinado por Larissa Corr\u00eaa, Marcelo Almeida de Carvalho Silva y Richard Martins, Brasil: Editora PUC-Rio. b) Seminarios del Trayecto Formativo Mundos del Trabajo: \u201cHerramientas computacionales para el an\u00e1lisis de la conflictividad social\u201d, a cargo de Agust\u00edn Nieto (CONICET \u2013 [&hellip;]<\/p>\n","protected":false},"author":34,"featured_media":0,"comment_status":"closed","ping_status":"closed","sticky":false,"template":"","format":"standard","meta":{"_themeisle_gutenberg_block_has_review":false,"footnotes":""},"categories":[17],"class_list":["post-1286","post","type-post","status-publish","format-standard","hentry","category-resumen-anual-actividades"],"acf":[],"rttpg_featured_image_url":null,"rttpg_author":{"display_name":"pghigliani","author_link":"https:\/\/idihcs.fahce.unlp.edu.ar\/pmt\/author\/pghigliani\/"},"rttpg_comment":0,"rttpg_category":"<a href=\"https:\/\/idihcs.fahce.unlp.edu.ar\/pmt\/category\/resumen-anual-actividades\/\" rel=\"category tag\">Resumen Anual de Actividades<\/a>","rttpg_excerpt":"a) Colaboraci\u00f3n en el libro Repress\u00e3o aos trabalhadores e responsabilidade empresarial nas ditaduras do Cone Sul, coordinado por Larissa Corr\u00eaa, Marcelo Almeida de Carvalho Silva y Richard Martins, Brasil: Editora PUC-Rio. b) Seminarios del Trayecto Formativo Mundos del Trabajo: \u201cHerramientas computacionales para el an\u00e1lisis de la conflictividad social\u201d, a cargo de Agust\u00edn Nieto (CONICET \u2013&hellip;","_links":{"self":[{"href":"https:\/\/idihcs.fahce.unlp.edu.ar\/pmt\/wp-json\/wp\/v2\/posts\/1286","targetHints":{"allow":["GET"]}}],"collection":[{"href":"https:\/\/idihcs.fahce.unlp.edu.ar\/pmt\/wp-json\/wp\/v2\/posts"}],"about":[{"href":"https:\/\/idihcs.fahce.unlp.edu.ar\/pmt\/wp-json\/wp\/v2\/types\/post"}],"author":[{"embeddable":true,"href":"https:\/\/idihcs.fahce.unlp.edu.ar\/pmt\/wp-json\/wp\/v2\/users\/34"}],"replies":[{"embeddable":true,"href":"https:\/\/idihcs.fahce.unlp.edu.ar\/pmt\/wp-json\/wp\/v2\/comments?post=1286"}],"version-history":[{"count":1,"href":"https:\/\/idihcs.fahce.unlp.edu.ar\/pmt\/wp-json\/wp\/v2\/posts\/1286\/revisions"}],"predecessor-version":[{"id":1288,"href":"https:\/\/idihcs.fahce.unlp.edu.ar\/pmt\/wp-json\/wp\/v2\/posts\/1286\/revisions\/1288"}],"wp:attachment":[{"href":"https:\/\/idihcs.fahce.unlp.edu.ar\/pmt\/wp-json\/wp\/v2\/media?parent=1286"}],"wp:term":[{"taxonomy":"category","embeddable":true,"href":"https:\/\/idihcs.fahce.unlp.edu.ar\/pmt\/wp-json\/wp\/v2\/categories?post=1286"}],"curies":[{"name":"wp","href":"https:\/\/api.w.org\/{rel}","templated":true}]}}