{"id":631,"date":"2019-10-07T14:14:29","date_gmt":"2019-10-07T17:14:29","guid":{"rendered":"http:\/\/idihcs.fahce.unlp.edu.ar\/piemmer\/?p=631"},"modified":"2019-10-07T16:22:20","modified_gmt":"2019-10-07T19:22:20","slug":"workshop-historia-reciente-militancias-exilios-y-refugio","status":"publish","type":"post","link":"https:\/\/idihcs.fahce.unlp.edu.ar\/piemmer\/workshop-historia-reciente-militancias-exilios-y-refugio\/","title":{"rendered":"Workshop &#8220;Historia Reciente, militancias, exilios y refugio&#8221;"},"content":{"rendered":"<p><img loading=\"lazy\" decoding=\"async\" class=\"alignnone size-large wp-image-632\" src=\"http:\/\/idihcs.fahce.unlp.edu.ar\/piemmer\/wp-content\/uploads\/sites\/23\/2019\/10\/Workshop-Historia-Reciente-1024x724.jpg\" alt=\"\" width=\"696\" height=\"492\" srcset=\"https:\/\/idihcs.fahce.unlp.edu.ar\/piemmer\/wp-content\/uploads\/sites\/23\/2019\/10\/Workshop-Historia-Reciente-1024x724.jpg 1024w, https:\/\/idihcs.fahce.unlp.edu.ar\/piemmer\/wp-content\/uploads\/sites\/23\/2019\/10\/Workshop-Historia-Reciente-300x212.jpg 300w, https:\/\/idihcs.fahce.unlp.edu.ar\/piemmer\/wp-content\/uploads\/sites\/23\/2019\/10\/Workshop-Historia-Reciente-768x543.jpg 768w, https:\/\/idihcs.fahce.unlp.edu.ar\/piemmer\/wp-content\/uploads\/sites\/23\/2019\/10\/Workshop-Historia-Reciente-100x70.jpg 100w, https:\/\/idihcs.fahce.unlp.edu.ar\/piemmer\/wp-content\/uploads\/sites\/23\/2019\/10\/Workshop-Historia-Reciente-696x492.jpg 696w, https:\/\/idihcs.fahce.unlp.edu.ar\/piemmer\/wp-content\/uploads\/sites\/23\/2019\/10\/Workshop-Historia-Reciente-1068x755.jpg 1068w, https:\/\/idihcs.fahce.unlp.edu.ar\/piemmer\/wp-content\/uploads\/sites\/23\/2019\/10\/Workshop-Historia-Reciente-594x420.jpg 594w, https:\/\/idihcs.fahce.unlp.edu.ar\/piemmer\/wp-content\/uploads\/sites\/23\/2019\/10\/Workshop-Historia-Reciente-1920x1358.jpg 1920w, https:\/\/idihcs.fahce.unlp.edu.ar\/piemmer\/wp-content\/uploads\/sites\/23\/2019\/10\/Workshop-Historia-Reciente.jpg 1984w\" sizes=\"auto, (max-width: 696px) 100vw, 696px\" \/><\/p>\n<div><i><b>Programa<\/b><\/i><\/div>\n<div><b>Workshop<\/b><\/div>\n<div>\n<div><b>&#8220;Historia Reciente, militancias, exilios y refugio&#8221;<\/b><\/div>\n<div><\/div>\n<div>Fecha: martes 8 de octubre, 11 hs.<\/div>\n<div>Lugar: Sala del Consejo, Edificio A, Facultad de Humanidades y Ciencias de la Educaci\u00f3n<\/div>\n<\/div>\n<div>\n<div><\/div>\n<div><b><i><span style=\"color: #000000\">11.00 hs, Presentaci\u00f3n<\/span><\/i><\/b><\/div>\n<div><i><span style=\"color: #000000\">Agendas y perspectivas de an\u00e1lisis sobre la Historia Reciente y los procesos de memoria<br \/>\n<\/span><\/i><\/div>\n<ul>\n<li><span style=\"color: #000000\">Dra. Patricia Flier (IdIHCS-UNLP)\u00a0<\/span><\/li>\n<\/ul>\n<p><span style=\"color: #000000\">\u201cEl campo de la Historia Reciente: balance, perspectivas y nuevos desaf\u00edos\u201d<br \/>\n<\/span><\/p>\n<ul>\n<li><span style=\"color: #000000\">Dr. Emmanuel Kahan (IdIHCS-CONICET\/UNLP)\u00a0<\/span><\/li>\n<\/ul>\n<p><span style=\"color: #000000\">\u201cMemoria y usos p\u00fablicos del pasado: horizontes de nuestras agendas de trabajo\u201d<\/span><\/p>\n<p><b>12.00 hs. Bloque 1<\/b><\/p>\n<\/div>\n<div><span style=\"color: #000000\"><i>El Golpe de Estado en Chile: historia, memoria y resistencias<\/i><br \/>\n<\/span><\/div>\n<div>\n<ul>\n<li><span style=\"color: #000000\">Dr. Pedro Rosas Aravena (Escuela de Pedagog\u00eda en Historia y Ciencias Sociales- UAHC)\u00a0<\/span><\/li>\n<\/ul>\n<p><span style=\"color: #000000\">\u201cLa Unidad Popular, golpe de Estado y resistencias 1973-1990\u201d<\/span><\/p>\n<\/div>\n<div>\n<ul>\n<li><span style=\"color: #000000\">Dra. Carla Pe\u00f1aloza (Programa Historia, Memoria y Derechos Humanos, FFyH-UCH)\u00a0<\/span><\/li>\n<\/ul>\n<p><span style=\"color: #000000\">\u201cCompa\u00f1eras: militancias, g\u00e9nero y memorias en la Unidad Popular&#8221;\u00a0 \u00a0<\/span><\/p>\n<\/div>\n<div><span style=\"color: #000000\">\u00a0<\/span><\/div>\n<div><b><span style=\"color: #000000\">13.15 hs. Almuerzo<\/span><\/b><\/div>\n<div><span style=\"color: #000000\">\u00a0<\/span><\/div>\n<div><b><span style=\"color: #000000\">14.00 hs. Bloque 2<\/span><\/b><\/div>\n<div><span style=\"color: #000000\"><i>Notas para pensar los exilios, movilizaciones forzadas y refugios<\/i><br \/>\n<\/span><\/p>\n<ul>\n<li><span style=\"color: #000000\">Dra. Adriana Palomera (Centro de Estudios Migratorios, UCH)\u00a0<\/span><\/li>\n<\/ul>\n<p><span style=\"color: #000000\">&#8220;Amparo y protecci\u00f3n ante el golpe de estado de 1973. Refugiadas y asiladas latinoamericanas en los primeros a\u00f1os de la dictadura chilena.&#8221;<br \/>\n<\/span><\/p>\n<ul>\n<li><span style=\"color: #000000\">Dra. Natalia Casola (IIEGE-UBA\/CONICET)\u00a0<\/span><\/li>\n<\/ul>\n<p><span style=\"color: #000000\">\u201cConflictos y repertorios de organizaci\u00f3n de los refugiados chilenos en Buenos Aires (1973-1983). Una mirada desde el g\u00e9nero\u201d<\/span><\/p>\n<\/div>\n<div>\n<ul>\n<li><span style=\"color: #000000\">Dra. M\u00f3nica Gatica y Dr. Gonzalo P\u00e9rez Alvarez (INSHIS-FHCS-UNP)\u00a0<\/span><\/li>\n<\/ul>\n<p><span style=\"color: #000000\">\u201cEntre exilios y deportaciones: \u00bfmovilidades forzadas?\u201d<br \/>\n<\/span><\/p>\n<\/div>\n<div>\n<div><span style=\"color: #000000\">\u00a0<\/span><\/div>\n<\/div>\n<div><span style=\"color: #000000\"><b>15.40 hs. Cierre a cargo de la Dra. Patricia Flier<\/b>\u00a0<\/span><\/div>\n","protected":false},"excerpt":{"rendered":"<p>Programa Workshop &#8220;Historia Reciente, militancias, exilios y refugio&#8221; Fecha: martes 8 de octubre, 11 hs. Lugar: Sala del Consejo, Edificio A, Facultad de Humanidades y Ciencias de la Educaci\u00f3n 11.00 hs, Presentaci\u00f3n Agendas y perspectivas de an\u00e1lisis sobre la Historia Reciente y los procesos de memoria Dra. Patricia Flier (IdIHCS-UNLP)\u00a0 \u201cEl campo de la Historia [&hellip;]<\/p>\n","protected":false},"author":24,"featured_media":632,"comment_status":"closed","ping_status":"closed","sticky":false,"template":"","format":"standard","meta":{"_themeisle_gutenberg_block_has_review":false,"footnotes":""},"categories":[17,2,4],"class_list":["post-631","post","type-post","status-publish","format-standard","has-post-thumbnail","hentry","category-actividades","category-destacados","category-novedades"],"acf":[],"rttpg_featured_image_url":{"full":["https:\/\/idihcs.fahce.unlp.edu.ar\/piemmer\/wp-content\/uploads\/sites\/23\/2019\/10\/Workshop-Historia-Reciente.jpg",1984,1403,false],"landscape":["https:\/\/idihcs.fahce.unlp.edu.ar\/piemmer\/wp-content\/uploads\/sites\/23\/2019\/10\/Workshop-Historia-Reciente.jpg",1984,1403,false],"portraits":["https:\/\/idihcs.fahce.unlp.edu.ar\/piemmer\/wp-content\/uploads\/sites\/23\/2019\/10\/Workshop-Historia-Reciente.jpg",1984,1403,false],"thumbnail":["https:\/\/idihcs.fahce.unlp.edu.ar\/piemmer\/wp-content\/uploads\/sites\/23\/2019\/10\/Workshop-Historia-Reciente-150x150.jpg",150,150,true],"medium":["https:\/\/idihcs.fahce.unlp.edu.ar\/piemmer\/wp-content\/uploads\/sites\/23\/2019\/10\/Workshop-Historia-Reciente-300x212.jpg",300,212,true],"large":["https:\/\/idihcs.fahce.unlp.edu.ar\/piemmer\/wp-content\/uploads\/sites\/23\/2019\/10\/Workshop-Historia-Reciente-1024x724.jpg",696,492,true],"1536x1536":["https:\/\/idihcs.fahce.unlp.edu.ar\/piemmer\/wp-content\/uploads\/sites\/23\/2019\/10\/Workshop-Historia-Reciente.jpg",1536,1086,false],"2048x2048":["https:\/\/idihcs.fahce.unlp.edu.ar\/piemmer\/wp-content\/uploads\/sites\/23\/2019\/10\/Workshop-Historia-Reciente.jpg",1984,1403,false],"td_80x60":["https:\/\/idihcs.fahce.unlp.edu.ar\/piemmer\/wp-content\/uploads\/sites\/23\/2019\/10\/Workshop-Historia-Reciente-80x60.jpg",80,60,true],"td_100x70":["https:\/\/idihcs.fahce.unlp.edu.ar\/piemmer\/wp-content\/uploads\/sites\/23\/2019\/10\/Workshop-Historia-Reciente-100x70.jpg",100,70,true],"td_218x150":["https:\/\/idihcs.fahce.unlp.edu.ar\/piemmer\/wp-content\/uploads\/sites\/23\/2019\/10\/Workshop-Historia-Reciente-218x150.jpg",218,150,true],"td_265x198":["https:\/\/idihcs.fahce.unlp.edu.ar\/piemmer\/wp-content\/uploads\/sites\/23\/2019\/10\/Workshop-Historia-Reciente-265x198.jpg",265,198,true],"td_324x160":["https:\/\/idihcs.fahce.unlp.edu.ar\/piemmer\/wp-content\/uploads\/sites\/23\/2019\/10\/Workshop-Historia-Reciente-324x160.jpg",324,160,true],"td_324x235":["https:\/\/idihcs.fahce.unlp.edu.ar\/piemmer\/wp-content\/uploads\/sites\/23\/2019\/10\/Workshop-Historia-Reciente-324x235.jpg",324,235,true],"td_324x400":["https:\/\/idihcs.fahce.unlp.edu.ar\/piemmer\/wp-content\/uploads\/sites\/23\/2019\/10\/Workshop-Historia-Reciente-324x400.jpg",324,400,true],"td_356x220":["https:\/\/idihcs.fahce.unlp.edu.ar\/piemmer\/wp-content\/uploads\/sites\/23\/2019\/10\/Workshop-Historia-Reciente-356x220.jpg",356,220,true],"td_356x364":["https:\/\/idihcs.fahce.unlp.edu.ar\/piemmer\/wp-content\/uploads\/sites\/23\/2019\/10\/Workshop-Historia-Reciente-356x364.jpg",356,364,true],"td_485x360":["https:\/\/idihcs.fahce.unlp.edu.ar\/piemmer\/wp-content\/uploads\/sites\/23\/2019\/10\/Workshop-Historia-Reciente-485x360.jpg",485,360,true],"td_533x261":["https:\/\/idihcs.fahce.unlp.edu.ar\/piemmer\/wp-content\/uploads\/sites\/23\/2019\/10\/Workshop-Historia-Reciente-533x261.jpg",533,261,true],"td_534x462":["https:\/\/idihcs.fahce.unlp.edu.ar\/piemmer\/wp-content\/uploads\/sites\/23\/2019\/10\/Workshop-Historia-Reciente-534x462.jpg",534,462,true],"td_696x0":["https:\/\/idihcs.fahce.unlp.edu.ar\/piemmer\/wp-content\/uploads\/sites\/23\/2019\/10\/Workshop-Historia-Reciente-696x492.jpg",696,492,true],"td_696x385":["https:\/\/idihcs.fahce.unlp.edu.ar\/piemmer\/wp-content\/uploads\/sites\/23\/2019\/10\/Workshop-Historia-Reciente-696x385.jpg",696,385,true],"td_741x486":["https:\/\/idihcs.fahce.unlp.edu.ar\/piemmer\/wp-content\/uploads\/sites\/23\/2019\/10\/Workshop-Historia-Reciente-741x486.jpg",741,486,true],"td_1068x580":["https:\/\/idihcs.fahce.unlp.edu.ar\/piemmer\/wp-content\/uploads\/sites\/23\/2019\/10\/Workshop-Historia-Reciente-1068x580.jpg",1068,580,true],"td_1068x0":["https:\/\/idihcs.fahce.unlp.edu.ar\/piemmer\/wp-content\/uploads\/sites\/23\/2019\/10\/Workshop-Historia-Reciente-1068x755.jpg",1068,755,true],"td_0x420":["https:\/\/idihcs.fahce.unlp.edu.ar\/piemmer\/wp-content\/uploads\/sites\/23\/2019\/10\/Workshop-Historia-Reciente-594x420.jpg",594,420,true],"td_1920x0":["https:\/\/idihcs.fahce.unlp.edu.ar\/piemmer\/wp-content\/uploads\/sites\/23\/2019\/10\/Workshop-Historia-Reciente-1920x1358.jpg",1920,1358,true],"rt_custom":["https:\/\/idihcs.fahce.unlp.edu.ar\/piemmer\/wp-content\/uploads\/sites\/23\/2019\/10\/Workshop-Historia-Reciente.jpg",1984,1403,false]},"rttpg_author":{"display_name":"melinajeanjean","author_link":"https:\/\/idihcs.fahce.unlp.edu.ar\/piemmer\/author\/melinajeanjean\/"},"rttpg_comment":0,"rttpg_category":"<a href=\"https:\/\/idihcs.fahce.unlp.edu.ar\/piemmer\/category\/actividades\/\" rel=\"category tag\">Actividades<\/a> <a href=\"https:\/\/idihcs.fahce.unlp.edu.ar\/piemmer\/category\/destacados\/\" rel=\"category tag\">Destacados<\/a> <a href=\"https:\/\/idihcs.fahce.unlp.edu.ar\/piemmer\/category\/novedades\/\" rel=\"category tag\">Novedades<\/a>","rttpg_excerpt":"Programa Workshop &#8220;Historia Reciente, militancias, exilios y refugio&#8221; Fecha: martes 8 de octubre, 11 hs. Lugar: Sala del Consejo, Edificio A, Facultad de Humanidades y Ciencias de la Educaci\u00f3n 11.00 hs, Presentaci\u00f3n Agendas y perspectivas de an\u00e1lisis sobre la Historia Reciente y los procesos de memoria Dra. Patricia Flier (IdIHCS-UNLP)\u00a0 \u201cEl campo de la Historia&hellip;","_links":{"self":[{"href":"https:\/\/idihcs.fahce.unlp.edu.ar\/piemmer\/wp-json\/wp\/v2\/posts\/631","targetHints":{"allow":["GET"]}}],"collection":[{"href":"https:\/\/idihcs.fahce.unlp.edu.ar\/piemmer\/wp-json\/wp\/v2\/posts"}],"about":[{"href":"https:\/\/idihcs.fahce.unlp.edu.ar\/piemmer\/wp-json\/wp\/v2\/types\/post"}],"author":[{"embeddable":true,"href":"https:\/\/idihcs.fahce.unlp.edu.ar\/piemmer\/wp-json\/wp\/v2\/users\/24"}],"replies":[{"embeddable":true,"href":"https:\/\/idihcs.fahce.unlp.edu.ar\/piemmer\/wp-json\/wp\/v2\/comments?post=631"}],"version-history":[{"count":3,"href":"https:\/\/idihcs.fahce.unlp.edu.ar\/piemmer\/wp-json\/wp\/v2\/posts\/631\/revisions"}],"predecessor-version":[{"id":635,"href":"https:\/\/idihcs.fahce.unlp.edu.ar\/piemmer\/wp-json\/wp\/v2\/posts\/631\/revisions\/635"}],"wp:featuredmedia":[{"embeddable":true,"href":"https:\/\/idihcs.fahce.unlp.edu.ar\/piemmer\/wp-json\/wp\/v2\/media\/632"}],"wp:attachment":[{"href":"https:\/\/idihcs.fahce.unlp.edu.ar\/piemmer\/wp-json\/wp\/v2\/media?parent=631"}],"wp:term":[{"taxonomy":"category","embeddable":true,"href":"https:\/\/idihcs.fahce.unlp.edu.ar\/piemmer\/wp-json\/wp\/v2\/categories?post=631"}],"curies":[{"name":"wp","href":"https:\/\/api.w.org\/{rel}","templated":true}]}}