{"id":501,"date":"2018-10-15T03:24:58","date_gmt":"2018-10-15T06:24:58","guid":{"rendered":"http:\/\/idihcs.fahce.unlp.edu.ar\/piemmer\/?p=501"},"modified":"2024-10-19T21:05:52","modified_gmt":"2024-10-20T00:05:52","slug":"carla-penaloza-palma","status":"publish","type":"post","link":"https:\/\/idihcs.fahce.unlp.edu.ar\/piemmer\/carla-penaloza-palma\/","title":{"rendered":"Carla Pe\u00f1aloza Palma"},"content":{"rendered":"<p><img loading=\"lazy\" decoding=\"async\" class=\"wp-image-787 aligncenter\" src=\"https:\/\/idihcs.fahce.unlp.edu.ar\/piemmer\/wp-content\/uploads\/sites\/23\/2018\/10\/Carla-Penaloza.jpg\" alt=\"\" width=\"347\" height=\"379\" srcset=\"https:\/\/idihcs.fahce.unlp.edu.ar\/piemmer\/wp-content\/uploads\/sites\/23\/2018\/10\/Carla-Penaloza.jpg 908w, https:\/\/idihcs.fahce.unlp.edu.ar\/piemmer\/wp-content\/uploads\/sites\/23\/2018\/10\/Carla-Penaloza-275x300.jpg 275w, https:\/\/idihcs.fahce.unlp.edu.ar\/piemmer\/wp-content\/uploads\/sites\/23\/2018\/10\/Carla-Penaloza-768x838.jpg 768w, https:\/\/idihcs.fahce.unlp.edu.ar\/piemmer\/wp-content\/uploads\/sites\/23\/2018\/10\/Carla-Penaloza-696x760.jpg 696w, https:\/\/idihcs.fahce.unlp.edu.ar\/piemmer\/wp-content\/uploads\/sites\/23\/2018\/10\/Carla-Penaloza-385x420.jpg 385w\" sizes=\"auto, (max-width: 347px) 100vw, 347px\" \/><\/p>\n<p style=\"text-align: left\">Es Doctora en Historia de Am\u00e9rica por la Universidad de Barcelona (2011). Mag\u00edster Historia de Chile por la Universidad de Chile (2004). Licenciada en Sociolog\u00eda\u00a0 (2002) y Licenciada en Historia (1998) por la Universidad de Chile. Se desempe\u00f1a como acad\u00e9mica del Departamento de Ciencias Hist\u00f3ricas y el Centro de Estudios de G\u00e9nero y Cultura en Am\u00e9rica Latina de la Facultad de Filosof\u00eda y humanidades de la Universidad de Chile. Es directora del Diplomado \u201cEducaci\u00f3n, Memoria y Derechos Humanos\u201d, de la Facultad de Filosof\u00eda y Humanidades de la Universidad de Chile y el Museo de la Memoria y los Derechos Humanos.<\/p>\n","protected":false},"excerpt":{"rendered":"<p>Es Doctora en Historia de Am\u00e9rica por la Universidad de Barcelona (2011). Mag\u00edster Historia de Chile por la Universidad de Chile (2004). Licenciada en Sociolog\u00eda\u00a0 (2002) y Licenciada en Historia (1998) por la Universidad de Chile. Se desempe\u00f1a como acad\u00e9mica del Departamento de Ciencias Hist\u00f3ricas y el Centro de Estudios de G\u00e9nero y Cultura en [&hellip;]<\/p>\n","protected":false},"author":24,"featured_media":787,"comment_status":"closed","ping_status":"closed","sticky":false,"template":"","format":"standard","meta":{"_themeisle_gutenberg_block_has_review":false,"footnotes":""},"categories":[20],"class_list":["post-501","post","type-post","status-publish","format-standard","has-post-thumbnail","hentry","category-integrantes"],"acf":[],"rttpg_featured_image_url":{"full":["https:\/\/idihcs.fahce.unlp.edu.ar\/piemmer\/wp-content\/uploads\/sites\/23\/2018\/10\/Carla-Penaloza.jpg",908,991,false],"landscape":["https:\/\/idihcs.fahce.unlp.edu.ar\/piemmer\/wp-content\/uploads\/sites\/23\/2018\/10\/Carla-Penaloza.jpg",908,991,false],"portraits":["https:\/\/idihcs.fahce.unlp.edu.ar\/piemmer\/wp-content\/uploads\/sites\/23\/2018\/10\/Carla-Penaloza.jpg",908,991,false],"thumbnail":["https:\/\/idihcs.fahce.unlp.edu.ar\/piemmer\/wp-content\/uploads\/sites\/23\/2018\/10\/Carla-Penaloza-150x150.jpg",150,150,true],"medium":["https:\/\/idihcs.fahce.unlp.edu.ar\/piemmer\/wp-content\/uploads\/sites\/23\/2018\/10\/Carla-Penaloza-275x300.jpg",275,300,true],"large":["https:\/\/idihcs.fahce.unlp.edu.ar\/piemmer\/wp-content\/uploads\/sites\/23\/2018\/10\/Carla-Penaloza.jpg",696,760,false],"1536x1536":["https:\/\/idihcs.fahce.unlp.edu.ar\/piemmer\/wp-content\/uploads\/sites\/23\/2018\/10\/Carla-Penaloza.jpg",908,991,false],"2048x2048":["https:\/\/idihcs.fahce.unlp.edu.ar\/piemmer\/wp-content\/uploads\/sites\/23\/2018\/10\/Carla-Penaloza.jpg",908,991,false],"td_80x60":["https:\/\/idihcs.fahce.unlp.edu.ar\/piemmer\/wp-content\/uploads\/sites\/23\/2018\/10\/Carla-Penaloza-80x60.jpg",80,60,true],"td_100x70":["https:\/\/idihcs.fahce.unlp.edu.ar\/piemmer\/wp-content\/uploads\/sites\/23\/2018\/10\/Carla-Penaloza-100x70.jpg",100,70,true],"td_218x150":["https:\/\/idihcs.fahce.unlp.edu.ar\/piemmer\/wp-content\/uploads\/sites\/23\/2018\/10\/Carla-Penaloza-218x150.jpg",218,150,true],"td_265x198":["https:\/\/idihcs.fahce.unlp.edu.ar\/piemmer\/wp-content\/uploads\/sites\/23\/2018\/10\/Carla-Penaloza-265x198.jpg",265,198,true],"td_324x160":["https:\/\/idihcs.fahce.unlp.edu.ar\/piemmer\/wp-content\/uploads\/sites\/23\/2018\/10\/Carla-Penaloza-324x160.jpg",324,160,true],"td_324x235":["https:\/\/idihcs.fahce.unlp.edu.ar\/piemmer\/wp-content\/uploads\/sites\/23\/2018\/10\/Carla-Penaloza-324x235.jpg",324,235,true],"td_324x400":["https:\/\/idihcs.fahce.unlp.edu.ar\/piemmer\/wp-content\/uploads\/sites\/23\/2018\/10\/Carla-Penaloza-324x400.jpg",324,400,true],"td_356x220":["https:\/\/idihcs.fahce.unlp.edu.ar\/piemmer\/wp-content\/uploads\/sites\/23\/2018\/10\/Carla-Penaloza-356x220.jpg",356,220,true],"td_356x364":["https:\/\/idihcs.fahce.unlp.edu.ar\/piemmer\/wp-content\/uploads\/sites\/23\/2018\/10\/Carla-Penaloza-356x364.jpg",356,364,true],"td_485x360":["https:\/\/idihcs.fahce.unlp.edu.ar\/piemmer\/wp-content\/uploads\/sites\/23\/2018\/10\/Carla-Penaloza-485x360.jpg",485,360,true],"td_533x261":["https:\/\/idihcs.fahce.unlp.edu.ar\/piemmer\/wp-content\/uploads\/sites\/23\/2018\/10\/Carla-Penaloza-533x261.jpg",533,261,true],"td_534x462":["https:\/\/idihcs.fahce.unlp.edu.ar\/piemmer\/wp-content\/uploads\/sites\/23\/2018\/10\/Carla-Penaloza-534x462.jpg",534,462,true],"td_696x0":["https:\/\/idihcs.fahce.unlp.edu.ar\/piemmer\/wp-content\/uploads\/sites\/23\/2018\/10\/Carla-Penaloza-696x760.jpg",696,760,true],"td_696x385":["https:\/\/idihcs.fahce.unlp.edu.ar\/piemmer\/wp-content\/uploads\/sites\/23\/2018\/10\/Carla-Penaloza-696x385.jpg",696,385,true],"td_741x486":["https:\/\/idihcs.fahce.unlp.edu.ar\/piemmer\/wp-content\/uploads\/sites\/23\/2018\/10\/Carla-Penaloza-741x486.jpg",741,486,true],"td_1068x580":["https:\/\/idihcs.fahce.unlp.edu.ar\/piemmer\/wp-content\/uploads\/sites\/23\/2018\/10\/Carla-Penaloza-908x580.jpg",908,580,true],"td_1068x0":["https:\/\/idihcs.fahce.unlp.edu.ar\/piemmer\/wp-content\/uploads\/sites\/23\/2018\/10\/Carla-Penaloza.jpg",908,991,false],"td_0x420":["https:\/\/idihcs.fahce.unlp.edu.ar\/piemmer\/wp-content\/uploads\/sites\/23\/2018\/10\/Carla-Penaloza-385x420.jpg",385,420,true],"td_1920x0":["https:\/\/idihcs.fahce.unlp.edu.ar\/piemmer\/wp-content\/uploads\/sites\/23\/2018\/10\/Carla-Penaloza.jpg",908,991,false],"rt_custom":["https:\/\/idihcs.fahce.unlp.edu.ar\/piemmer\/wp-content\/uploads\/sites\/23\/2018\/10\/Carla-Penaloza.jpg",908,991,false]},"rttpg_author":{"display_name":"melinajeanjean","author_link":"https:\/\/idihcs.fahce.unlp.edu.ar\/piemmer\/author\/melinajeanjean\/"},"rttpg_comment":0,"rttpg_category":"<a href=\"https:\/\/idihcs.fahce.unlp.edu.ar\/piemmer\/category\/integrantes\/\" rel=\"category tag\">Integrantes<\/a>","rttpg_excerpt":"Es Doctora en Historia de Am\u00e9rica por la Universidad de Barcelona (2011). Mag\u00edster Historia de Chile por la Universidad de Chile (2004). Licenciada en Sociolog\u00eda\u00a0 (2002) y Licenciada en Historia (1998) por la Universidad de Chile. Se desempe\u00f1a como acad\u00e9mica del Departamento de Ciencias Hist\u00f3ricas y el Centro de Estudios de G\u00e9nero y Cultura en&hellip;","_links":{"self":[{"href":"https:\/\/idihcs.fahce.unlp.edu.ar\/piemmer\/wp-json\/wp\/v2\/posts\/501","targetHints":{"allow":["GET"]}}],"collection":[{"href":"https:\/\/idihcs.fahce.unlp.edu.ar\/piemmer\/wp-json\/wp\/v2\/posts"}],"about":[{"href":"https:\/\/idihcs.fahce.unlp.edu.ar\/piemmer\/wp-json\/wp\/v2\/types\/post"}],"author":[{"embeddable":true,"href":"https:\/\/idihcs.fahce.unlp.edu.ar\/piemmer\/wp-json\/wp\/v2\/users\/24"}],"replies":[{"embeddable":true,"href":"https:\/\/idihcs.fahce.unlp.edu.ar\/piemmer\/wp-json\/wp\/v2\/comments?post=501"}],"version-history":[{"count":5,"href":"https:\/\/idihcs.fahce.unlp.edu.ar\/piemmer\/wp-json\/wp\/v2\/posts\/501\/revisions"}],"predecessor-version":[{"id":792,"href":"https:\/\/idihcs.fahce.unlp.edu.ar\/piemmer\/wp-json\/wp\/v2\/posts\/501\/revisions\/792"}],"wp:featuredmedia":[{"embeddable":true,"href":"https:\/\/idihcs.fahce.unlp.edu.ar\/piemmer\/wp-json\/wp\/v2\/media\/787"}],"wp:attachment":[{"href":"https:\/\/idihcs.fahce.unlp.edu.ar\/piemmer\/wp-json\/wp\/v2\/media?parent=501"}],"wp:term":[{"taxonomy":"category","embeddable":true,"href":"https:\/\/idihcs.fahce.unlp.edu.ar\/piemmer\/wp-json\/wp\/v2\/categories?post=501"}],"curies":[{"name":"wp","href":"https:\/\/api.w.org\/{rel}","templated":true}]}}