{"id":1418,"date":"2025-09-23T13:20:04","date_gmt":"2025-09-23T16:20:04","guid":{"rendered":"https:\/\/idihcs.fahce.unlp.edu.ar\/pesxviii\/?p=1418"},"modified":"2026-04-21T18:12:32","modified_gmt":"2026-04-21T21:12:32","slug":"coordinacion-y-un-comite-academico","status":"publish","type":"post","link":"https:\/\/idihcs.fahce.unlp.edu.ar\/pesxviii\/coordinacion-y-un-comite-academico\/","title":{"rendered":"Coordinaci\u00f3n y Comit\u00e9 Acad\u00e9mico"},"content":{"rendered":"<p><strong><br \/>\nCoordinadora:<\/strong><\/p>\n<p><a href=\"https:\/\/idihcs.fahce.unlp.edu.ar\/integrante_idihcs\/manzo-silvia-alejandra\/\">Dra. Silvia Manzo<\/a><\/p>\n<p>Cumplir\u00e1 la funci\u00f3n de llevar adelante la conducci\u00f3n acad\u00e9mica, cient\u00edfica y administrativa, y la elaboraci\u00f3n del informe trienal conteniendo la memoria acad\u00e9mica del programa.<\/p>\n<p><strong>Comit\u00e9 Acad\u00e9mico:<\/strong><\/p>\n<p><a href=\"https:\/\/idihcs.fahce.unlp.edu.ar\/integrante_idihcs\/calvente-sofia-beatriz\/\">Dra. Sof\u00eda Calvente (UNLP)<\/a><br \/>\nDr. Adri\u00e1n Ratto (UBA, INEO)<br \/>\nDr. Manuel Tizziani (UNL)<br \/>\nDra. Susana Seguin (ENS-Lyon, Francia)<br \/>\nDra. Mitieli Seixas da Silva (UFSM, Brasil)<br \/>\nDra. Teresa Rodr\u00edguez (UNAM, M\u00e9xico).<\/p>\n<p>Se ocupar\u00e1 de llevar adelante los objetivos propuestos, difundir y fortalecer la presencia del programa tanto a nivel nacional como internacional.<\/p>\n","protected":false},"excerpt":{"rendered":"<p>Integrantes, funciones y tareas<\/p>\n","protected":false},"author":21,"featured_media":0,"comment_status":"closed","ping_status":"closed","sticky":false,"template":"","format":"standard","meta":{"_themeisle_gutenberg_block_has_review":false,"footnotes":""},"categories":[26],"class_list":["post-1418","post","type-post","status-publish","format-standard","hentry","category-estructura"],"acf":[],"rttpg_featured_image_url":null,"rttpg_author":{"display_name":"psalguero","author_link":"https:\/\/idihcs.fahce.unlp.edu.ar\/pesxviii\/author\/psalguero\/"},"rttpg_comment":0,"rttpg_category":"<a href=\"https:\/\/idihcs.fahce.unlp.edu.ar\/pesxviii\/category\/estructura\/\" rel=\"category tag\">Estructura<\/a>","rttpg_excerpt":"Integrantes, funciones y tareas","_links":{"self":[{"href":"https:\/\/idihcs.fahce.unlp.edu.ar\/pesxviii\/wp-json\/wp\/v2\/posts\/1418","targetHints":{"allow":["GET"]}}],"collection":[{"href":"https:\/\/idihcs.fahce.unlp.edu.ar\/pesxviii\/wp-json\/wp\/v2\/posts"}],"about":[{"href":"https:\/\/idihcs.fahce.unlp.edu.ar\/pesxviii\/wp-json\/wp\/v2\/types\/post"}],"author":[{"embeddable":true,"href":"https:\/\/idihcs.fahce.unlp.edu.ar\/pesxviii\/wp-json\/wp\/v2\/users\/21"}],"replies":[{"embeddable":true,"href":"https:\/\/idihcs.fahce.unlp.edu.ar\/pesxviii\/wp-json\/wp\/v2\/comments?post=1418"}],"version-history":[{"count":3,"href":"https:\/\/idihcs.fahce.unlp.edu.ar\/pesxviii\/wp-json\/wp\/v2\/posts\/1418\/revisions"}],"predecessor-version":[{"id":1468,"href":"https:\/\/idihcs.fahce.unlp.edu.ar\/pesxviii\/wp-json\/wp\/v2\/posts\/1418\/revisions\/1468"}],"wp:attachment":[{"href":"https:\/\/idihcs.fahce.unlp.edu.ar\/pesxviii\/wp-json\/wp\/v2\/media?parent=1418"}],"wp:term":[{"taxonomy":"category","embeddable":true,"href":"https:\/\/idihcs.fahce.unlp.edu.ar\/pesxviii\/wp-json\/wp\/v2\/categories?post=1418"}],"curies":[{"name":"wp","href":"https:\/\/api.w.org\/{rel}","templated":true}]}}