{"id":810,"date":"2023-09-29T15:30:45","date_gmt":"2023-09-29T18:30:45","guid":{"rendered":"https:\/\/idihcs.fahce.unlp.edu.ar\/pephpp\/?p=810"},"modified":"2023-10-02T16:12:47","modified_gmt":"2023-10-02T19:12:47","slug":"myriam-southwell","status":"publish","type":"post","link":"https:\/\/idihcs.fahce.unlp.edu.ar\/pephpp\/myriam-southwell\/","title":{"rendered":"<strong>Myriam Southwell<\/strong>"},"content":{"rendered":"<p>CONICET\/UNLP (IdIHCS)<\/p>\n<p>Pedagoga, PhD por el Departamento de Gobierno de la Universidad de Essex (Inglaterra);\u00a0Mag\u00edster en Ciencias Sociales con orientaci\u00f3n en educaci\u00f3n FLACSO Argentina; Profesora y Licenciada en Ciencias de la\u00a0Educaci\u00f3n Universidad Nacional de La Plata, Argentina.\u00a0Actualmente es Directora del Doctorado en Ciencias de la Educaci\u00f3n de la Univ. Nacional de La Plata e investigadora principal del CONICET.<\/p>\n<p>Fue tambi\u00e9n Presidente de la Sociedad Argentina de Historia de la Educaci\u00f3n entre 2008 y 2012 y Secretaria Acad\u00e9mica de FLACSO Argentina. Autora de numerosos trabajos en temas de historia y pol\u00edtica de la educaci\u00f3n entre los cuales se destacan <em>Ceremonias en la tormenta. 200 a\u00f1os de formaci\u00f3n y trabajo docente en Argentina <\/em>(2021)<em>, Posiciones Docentes. Interpelaciones entre la escuela y lo justo (2020) Ideas en la Educaci\u00f3n Latinoamericana. Un balance historiogr\u00e1fico<\/em> (junto con Nicol\u00e1s Arata) UNIPE, 2014; <em>Reflexiones sobre el Congreso Pedag\u00f3gico Internacional de 1882<\/em> (junto con Jorge Bralich) Trilce, 2014; \u201cSchooling and Governance: Pedagogical Knowledge and Bureaucratic Expertise in the Genesis of the Argentine Educational System\u201d in PAEDAGOGICA HISTORICA vol. XLIX, 2013; <em>La escuela y lo justo. Ensayos acerca de las medidas de lo posible, <\/em>UNIPE, 2013; <em>Entre Generaciones. Exploraciones sobre educaci\u00f3n, cultura e instituciones, <\/em>Homo Sapiens, 2012.<\/p>\n","protected":false},"excerpt":{"rendered":"<p>CONICET\/UNLP (IdIHCS) Pedagoga, PhD por el Departamento de Gobierno de la Universidad de Essex (Inglaterra);\u00a0Mag\u00edster en Ciencias Sociales con orientaci\u00f3n en educaci\u00f3n FLACSO Argentina; Profesora y Licenciada en Ciencias de la\u00a0Educaci\u00f3n Universidad Nacional de La Plata, Argentina.\u00a0Actualmente es Directora del Doctorado en Ciencias de la Educaci\u00f3n de la Univ. Nacional de La Plata e investigadora [&hellip;]<\/p>\n","protected":false},"author":21,"featured_media":771,"comment_status":"closed","ping_status":"closed","sticky":false,"template":"","format":"standard","meta":{"_themeisle_gutenberg_block_has_review":false,"footnotes":""},"categories":[20],"class_list":["post-810","post","type-post","status-publish","format-standard","has-post-thumbnail","hentry","category-integrantes"],"acf":[],"rttpg_featured_image_url":{"full":["https:\/\/idihcs.fahce.unlp.edu.ar\/pephpp\/wp-content\/uploads\/sites\/25\/2021\/12\/myriam.jpg",1200,800,false],"landscape":["https:\/\/idihcs.fahce.unlp.edu.ar\/pephpp\/wp-content\/uploads\/sites\/25\/2021\/12\/myriam.jpg",1200,800,false],"portraits":["https:\/\/idihcs.fahce.unlp.edu.ar\/pephpp\/wp-content\/uploads\/sites\/25\/2021\/12\/myriam.jpg",1200,800,false],"thumbnail":["https:\/\/idihcs.fahce.unlp.edu.ar\/pephpp\/wp-content\/uploads\/sites\/25\/2021\/12\/myriam-150x150.jpg",150,150,true],"medium":["https:\/\/idihcs.fahce.unlp.edu.ar\/pephpp\/wp-content\/uploads\/sites\/25\/2021\/12\/myriam-300x200.jpg",300,200,true],"large":["https:\/\/idihcs.fahce.unlp.edu.ar\/pephpp\/wp-content\/uploads\/sites\/25\/2021\/12\/myriam-1024x683.jpg",696,464,true],"1536x1536":["https:\/\/idihcs.fahce.unlp.edu.ar\/pephpp\/wp-content\/uploads\/sites\/25\/2021\/12\/myriam.jpg",1200,800,false],"2048x2048":["https:\/\/idihcs.fahce.unlp.edu.ar\/pephpp\/wp-content\/uploads\/sites\/25\/2021\/12\/myriam.jpg",1200,800,false],"td_80x60":["https:\/\/idihcs.fahce.unlp.edu.ar\/pephpp\/wp-content\/uploads\/sites\/25\/2021\/12\/myriam-80x60.jpg",80,60,true],"td_100x70":["https:\/\/idihcs.fahce.unlp.edu.ar\/pephpp\/wp-content\/uploads\/sites\/25\/2021\/12\/myriam-100x70.jpg",100,70,true],"td_218x150":["https:\/\/idihcs.fahce.unlp.edu.ar\/pephpp\/wp-content\/uploads\/sites\/25\/2021\/12\/myriam-218x150.jpg",218,150,true],"td_265x198":["https:\/\/idihcs.fahce.unlp.edu.ar\/pephpp\/wp-content\/uploads\/sites\/25\/2021\/12\/myriam-265x198.jpg",265,198,true],"td_324x160":["https:\/\/idihcs.fahce.unlp.edu.ar\/pephpp\/wp-content\/uploads\/sites\/25\/2021\/12\/myriam-324x160.jpg",324,160,true],"td_324x235":["https:\/\/idihcs.fahce.unlp.edu.ar\/pephpp\/wp-content\/uploads\/sites\/25\/2021\/12\/myriam-324x235.jpg",324,235,true],"td_324x400":["https:\/\/idihcs.fahce.unlp.edu.ar\/pephpp\/wp-content\/uploads\/sites\/25\/2021\/12\/myriam-324x400.jpg",324,400,true],"td_356x220":["https:\/\/idihcs.fahce.unlp.edu.ar\/pephpp\/wp-content\/uploads\/sites\/25\/2021\/12\/myriam-356x220.jpg",356,220,true],"td_356x364":["https:\/\/idihcs.fahce.unlp.edu.ar\/pephpp\/wp-content\/uploads\/sites\/25\/2021\/12\/myriam-356x364.jpg",356,364,true],"td_485x360":["https:\/\/idihcs.fahce.unlp.edu.ar\/pephpp\/wp-content\/uploads\/sites\/25\/2021\/12\/myriam-485x360.jpg",485,360,true],"td_533x261":["https:\/\/idihcs.fahce.unlp.edu.ar\/pephpp\/wp-content\/uploads\/sites\/25\/2021\/12\/myriam-533x261.jpg",533,261,true],"td_534x462":["https:\/\/idihcs.fahce.unlp.edu.ar\/pephpp\/wp-content\/uploads\/sites\/25\/2021\/12\/myriam-534x462.jpg",534,462,true],"td_696x0":["https:\/\/idihcs.fahce.unlp.edu.ar\/pephpp\/wp-content\/uploads\/sites\/25\/2021\/12\/myriam-696x464.jpg",696,464,true],"td_696x385":["https:\/\/idihcs.fahce.unlp.edu.ar\/pephpp\/wp-content\/uploads\/sites\/25\/2021\/12\/myriam-696x385.jpg",696,385,true],"td_741x486":["https:\/\/idihcs.fahce.unlp.edu.ar\/pephpp\/wp-content\/uploads\/sites\/25\/2021\/12\/myriam-741x486.jpg",741,486,true],"td_1068x580":["https:\/\/idihcs.fahce.unlp.edu.ar\/pephpp\/wp-content\/uploads\/sites\/25\/2021\/12\/myriam-1068x580.jpg",1068,580,true],"td_1068x0":["https:\/\/idihcs.fahce.unlp.edu.ar\/pephpp\/wp-content\/uploads\/sites\/25\/2021\/12\/myriam-1068x712.jpg",1068,712,true],"td_0x420":["https:\/\/idihcs.fahce.unlp.edu.ar\/pephpp\/wp-content\/uploads\/sites\/25\/2021\/12\/myriam-630x420.jpg",630,420,true],"td_1920x0":["https:\/\/idihcs.fahce.unlp.edu.ar\/pephpp\/wp-content\/uploads\/sites\/25\/2021\/12\/myriam.jpg",1200,800,false],"rt_custom":["https:\/\/idihcs.fahce.unlp.edu.ar\/pephpp\/wp-content\/uploads\/sites\/25\/2021\/12\/myriam.jpg",1200,800,false]},"rttpg_author":{"display_name":"psalguero","author_link":"https:\/\/idihcs.fahce.unlp.edu.ar\/pephpp\/author\/psalguero\/"},"rttpg_comment":0,"rttpg_category":"<a href=\"https:\/\/idihcs.fahce.unlp.edu.ar\/pephpp\/category\/integrantes\/\" rel=\"category tag\">Integrantes<\/a>","rttpg_excerpt":"CONICET\/UNLP (IdIHCS) Pedagoga, PhD por el Departamento de Gobierno de la Universidad de Essex (Inglaterra);\u00a0Mag\u00edster en Ciencias Sociales con orientaci\u00f3n en educaci\u00f3n FLACSO Argentina; Profesora y Licenciada en Ciencias de la\u00a0Educaci\u00f3n Universidad Nacional de La Plata, Argentina.\u00a0Actualmente es Directora del Doctorado en Ciencias de la Educaci\u00f3n de la Univ. Nacional de La Plata e investigadora&hellip;","_links":{"self":[{"href":"https:\/\/idihcs.fahce.unlp.edu.ar\/pephpp\/wp-json\/wp\/v2\/posts\/810","targetHints":{"allow":["GET"]}}],"collection":[{"href":"https:\/\/idihcs.fahce.unlp.edu.ar\/pephpp\/wp-json\/wp\/v2\/posts"}],"about":[{"href":"https:\/\/idihcs.fahce.unlp.edu.ar\/pephpp\/wp-json\/wp\/v2\/types\/post"}],"author":[{"embeddable":true,"href":"https:\/\/idihcs.fahce.unlp.edu.ar\/pephpp\/wp-json\/wp\/v2\/users\/21"}],"replies":[{"embeddable":true,"href":"https:\/\/idihcs.fahce.unlp.edu.ar\/pephpp\/wp-json\/wp\/v2\/comments?post=810"}],"version-history":[{"count":1,"href":"https:\/\/idihcs.fahce.unlp.edu.ar\/pephpp\/wp-json\/wp\/v2\/posts\/810\/revisions"}],"predecessor-version":[{"id":811,"href":"https:\/\/idihcs.fahce.unlp.edu.ar\/pephpp\/wp-json\/wp\/v2\/posts\/810\/revisions\/811"}],"wp:featuredmedia":[{"embeddable":true,"href":"https:\/\/idihcs.fahce.unlp.edu.ar\/pephpp\/wp-json\/wp\/v2\/media\/771"}],"wp:attachment":[{"href":"https:\/\/idihcs.fahce.unlp.edu.ar\/pephpp\/wp-json\/wp\/v2\/media?parent=810"}],"wp:term":[{"taxonomy":"category","embeddable":true,"href":"https:\/\/idihcs.fahce.unlp.edu.ar\/pephpp\/wp-json\/wp\/v2\/categories?post=810"}],"curies":[{"name":"wp","href":"https:\/\/api.w.org\/{rel}","templated":true}]}}