{"id":460,"date":"2026-08-11T12:00:52","date_gmt":"2026-08-11T15:00:52","guid":{"rendered":"https:\/\/idihcs.fahce.unlp.edu.ar\/leset\/?p=460"},"modified":"2026-08-14T11:14:01","modified_gmt":"2026-08-14T14:14:01","slug":"trabajo-en-plataformas","status":"publish","type":"post","link":"https:\/\/idihcs.fahce.unlp.edu.ar\/leset\/trabajo-en-plataformas\/","title":{"rendered":"Trabajo en plataformas en Am\u00e9rica Latina"},"content":{"rendered":"<div class=\"n6owBd awi2gc\" data-sfc-cp=\"\" data-sfc-root=\"ep\" data-hveid=\"CAAIBhAA\" data-complete=\"true\" data-processed=\"true\" data-copy-service-computed-style=\"font-family: &quot;Google Sans&quot;, Arial, sans-serif; font-size: 16px; font-weight: 400; margin: 12px 0px 16px; text-decoration: none; border-bottom: 0px rgb(10, 10, 10);\">El Laboratorio de Estudios en Sociolog\u00eda del Trabajo (LESET), llev\u00f3 adelante el pasado mi\u00e9rcoles 12 de agosto, el panel virtual <strong class=\"rQesXe MPyX\" data-sfc-cp=\"\" data-sfc-root=\"ep\" data-complete=\"true\" data-processed=\"true\" data-copy-service-computed-style=\"font-family: &quot;Google Sans&quot;, Arial, sans-serif; font-size: 16px; font-weight: 700; margin: 0px; text-decoration: none; border-bottom: 0px rgb(10, 10, 10);\">&#8220;Realidades latinoamericanas del trabajo en plataformas. Horizontes de debate a partir de una encuesta argentina&#8221;<!--TgQPHd|||[]--><\/strong>.<br \/><br \/>El evento cont\u00f3 con las exposiciones de destacados especialistas internacionales en la materia:<!--TgQPHd|||[]--><\/div>\n<div class=\"n6owBd awi2gc\" data-sfc-cp=\"\" data-sfc-root=\"ep\" data-hveid=\"CAAIBxAA\" data-complete=\"true\" data-processed=\"true\" data-copy-service-computed-style=\"font-family: &quot;Google Sans&quot;, Arial, sans-serif; font-size: 16px; font-weight: 400; margin: 12px 0px 16px; text-decoration: none; border-bottom: 0px rgb(10, 10, 10);\">\n<p><!--TgQPHd|||[]--><\/p>\n<\/div>\n<ul class=\"KsbFXc U6u95\" data-sfc-root=\"ep\" data-ved=\"2ahUKEwj35Lam6ZiWAxUaIrkGHT0gJ0cQ-7AUegYIAAgJEAA\" data-hveid=\"CAAICRAA\" data-complete=\"true\" data-processed=\"true\" data-copy-service-computed-style=\"font-family: &quot;Google Sans&quot;, Arial, sans-serif; font-size: 16px; font-weight: 400; margin: 12px 0px 16px; text-decoration: none; border-bottom: 0px rgb(10, 10, 10);\">\n<li style=\"list-style-type: none;\">\n<ul class=\"KsbFXc U6u95\" data-sfc-root=\"ep\" data-ved=\"2ahUKEwj35Lam6ZiWAxUaIrkGHT0gJ0cQ-7AUegYIAAgJEAA\" data-hveid=\"CAAICRAA\" data-complete=\"true\" data-processed=\"true\" data-copy-service-computed-style=\"font-family: &quot;Google Sans&quot;, Arial, sans-serif; font-size: 16px; font-weight: 400; margin: 12px 0px 16px; text-decoration: none; border-bottom: 0px rgb(10, 10, 10);\">\n<li class=\"Z1qcYe\" data-sfc-cp=\"\" data-sfc-root=\"ep\" data-hveid=\"CAAICRAB\" data-complete=\"true\" data-sae=\"\" data-copy-service-computed-style=\"font-family: &quot;Google Sans&quot;, Arial, sans-serif; font-size: 16px; font-weight: 400; margin: 0px 0px 12px; text-decoration: none; border-bottom: 0px rgb(10, 10, 10);\"><span class=\"iNqyIf\" data-sfc-cp=\"\" data-sfc-root=\"ep\" data-complete=\"true\" data-copy-service-computed-style=\"font-family: &quot;Google Sans&quot;, Arial, sans-serif; font-size: 16px; font-weight: 400; margin: 0px; text-decoration: none; border-bottom: 0px rgb(10, 10, 10);\"><strong class=\"rQesXe MPyX\" data-sfc-cp=\"\" data-sfc-root=\"ep\" data-complete=\"true\" data-copy-service-computed-style=\"font-family: &quot;Google Sans&quot;, Arial, sans-serif; font-size: 16px; font-weight: 700; margin: 0px; text-decoration: none; border-bottom: 0px rgb(10, 10, 10);\">Laura Mantilla-Le\u00f3n<!--TgQPHd|||[]--><\/strong> (Derechos Digitales, Colombia)<!--TgQPHd|||[]--><\/span><!--TgQPHd|||[]--><\/li>\n<li class=\"Z1qcYe\" data-sfc-cp=\"\" data-sfc-root=\"ep\" data-hveid=\"CAAICRAC\" data-complete=\"true\" data-sae=\"\" data-copy-service-computed-style=\"font-family: &quot;Google Sans&quot;, Arial, sans-serif; font-size: 16px; font-weight: 400; margin: 0px 0px 12px; text-decoration: none; border-bottom: 0px rgb(10, 10, 10);\"><span class=\"iNqyIf\" data-sfc-cp=\"\" data-sfc-root=\"ep\" data-complete=\"true\" data-copy-service-computed-style=\"font-family: &quot;Google Sans&quot;, Arial, sans-serif; font-size: 16px; font-weight: 400; margin: 0px; text-decoration: none; border-bottom: 0px rgb(10, 10, 10);\"><strong class=\"rQesXe MPyX\" data-sfc-cp=\"\" data-sfc-root=\"ep\" data-complete=\"true\" data-copy-service-computed-style=\"font-family: &quot;Google Sans&quot;, Arial, sans-serif; font-size: 16px; font-weight: 700; margin: 0px; text-decoration: none; border-bottom: 0px rgb(10, 10, 10);\">Clara M\u00e1rquez<!--TgQPHd|||[]--><\/strong> (Universidad de la Rep\u00fablica, Uruguay)<!--TgQPHd|||[]--><\/span><!--TgQPHd|||[]--><\/li>\n<li class=\"Z1qcYe\" data-sfc-cp=\"\" data-sfc-root=\"ep\" data-hveid=\"CAAICRAD\" data-complete=\"true\" data-sae=\"\" data-copy-service-computed-style=\"font-family: &quot;Google Sans&quot;, Arial, sans-serif; font-size: 16px; font-weight: 400; margin: 0px 0px 12px; text-decoration: none; border-bottom: 0px rgb(10, 10, 10);\"><span class=\"iNqyIf\" data-sfc-cp=\"\" data-sfc-root=\"ep\" data-complete=\"true\" data-copy-service-computed-style=\"font-family: &quot;Google Sans&quot;, Arial, sans-serif; font-size: 16px; font-weight: 400; margin: 0px; text-decoration: none; border-bottom: 0px rgb(10, 10, 10);\"><strong class=\"rQesXe MPyX\" data-sfc-cp=\"\" data-sfc-root=\"ep\" data-complete=\"true\" data-copy-service-computed-style=\"font-family: &quot;Google Sans&quot;, Arial, sans-serif; font-size: 16px; font-weight: 700; margin: 0px; text-decoration: none; border-bottom: 0px rgb(10, 10, 10);\">Minor Mora Salas<!--TgQPHd|||[]--><\/strong> (El Colegio de M\u00e9xico &#8211; COLMEX, M\u00e9xico)<!--TgQPHd|||[]--><\/span><!--TgQPHd|||[]--><\/li>\n<li class=\"Z1qcYe\" data-sfc-cp=\"\" data-sfc-root=\"ep\" data-hveid=\"CAAICRAE\" data-complete=\"true\" data-sae=\"\" data-copy-service-computed-style=\"font-family: &quot;Google Sans&quot;, Arial, sans-serif; font-size: 16px; font-weight: 400; margin: 0px 0px 12px; text-decoration: none; border-bottom: 0px rgb(10, 10, 10);\"><span class=\"iNqyIf\" data-sfc-cp=\"\" data-sfc-root=\"ep\" data-complete=\"true\" data-copy-service-computed-style=\"font-family: &quot;Google Sans&quot;, Arial, sans-serif; font-size: 16px; font-weight: 400; margin: 0px; text-decoration: none; border-bottom: 0px rgb(10, 10, 10);\"><strong class=\"rQesXe MPyX\" data-sfc-cp=\"\" data-sfc-root=\"ep\" data-complete=\"true\" data-copy-service-computed-style=\"font-family: &quot;Google Sans&quot;, Arial, sans-serif; font-size: 16px; font-weight: 700; margin: 0px; text-decoration: none; border-bottom: 0px rgb(10, 10, 10);\">Antonio Stecher<!--TgQPHd|||[]--><\/strong> (Universidad Diego Portales, Chile)<!--TgQPHd|||[]--><\/span><!--TgQPHd|||[]--><\/li>\n<\/ul>\n<\/li>\n<\/ul>\n<p><!--TgQPHd|||[]--><\/p>\n<div class=\"n6owBd awi2gc\" data-sfc-cp=\"\" data-sfc-root=\"ep\" data-hveid=\"CAAIChAA\" data-complete=\"true\" data-processed=\"true\" data-copy-service-computed-style=\"font-family: &quot;Google Sans&quot;, Arial, sans-serif; font-size: 16px; font-weight: 400; margin: 12px 0px 16px; text-decoration: none; border-bottom: 0px rgb(10, 10, 10);\">La organizaci\u00f3n de este seminario es el resultado de un esfuerzo conjunto entre investigadoras de diversas instituciones cient\u00edficas del pa\u00eds: Julieta Longo (LESET, IdIHCS, UNLP), Marina Adamini (IGEHCS, UNICEN), Cora Arias (IDAES, UNSAM), Carina Borrastero (Facultad de Ciencias Econ\u00f3micas, UNC) y Guillermina Yansen (e-TCS, UMAI).<!--TgQPHd|||[]--><\/div>\n<div class=\"n6owBd awi2gc\" data-sfc-cp=\"\" data-sfc-root=\"ep\" data-hveid=\"CAAICxAA\" data-processed=\"true\" data-complete=\"true\" data-copy-service-computed-style=\"font-family: &quot;Google Sans&quot;, Arial, sans-serif; font-size: 16px; font-weight: 400; margin: 12px 0px 16px; text-decoration: none; border-bottom: 0px rgb(10, 10, 10);\"><strong class=\"rQesXe MPyX\" data-sfc-cp=\"\" data-sfc-root=\"ep\" data-complete=\"true\" data-processed=\"true\" data-copy-service-computed-style=\"font-family: &quot;Google Sans&quot;, Arial, sans-serif; font-size: 16px; font-weight: 700; margin: 0px; text-decoration: none; border-bottom: 0px rgb(10, 10, 10);\">Detalles del evento e inscripci\u00f3n:<!--TgQPHd|||[]--><\/strong><!--TgQPHd|||[]--><\/div>\n<ul class=\"KsbFXc U6u95\" data-sfc-root=\"ep\" data-ved=\"2ahUKEwj35Lam6ZiWAxUaIrkGHT0gJ0cQ-7AUegYIAAgMEAA\" data-hveid=\"CAAIDBAA\" data-processed=\"true\" data-complete=\"true\" data-copy-service-computed-style=\"font-family: &quot;Google Sans&quot;, Arial, sans-serif; font-size: 16px; font-weight: 400; margin: 12px 0px 16px; text-decoration: none; border-bottom: 0px rgb(10, 10, 10);\">\n<li style=\"list-style-type: none;\">\n<ul class=\"KsbFXc U6u95\" data-sfc-root=\"ep\" data-ved=\"2ahUKEwj35Lam6ZiWAxUaIrkGHT0gJ0cQ-7AUegYIAAgMEAA\" data-hveid=\"CAAIDBAA\" data-processed=\"true\" data-complete=\"true\" data-copy-service-computed-style=\"font-family: &quot;Google Sans&quot;, Arial, sans-serif; font-size: 16px; font-weight: 400; margin: 12px 0px 16px; text-decoration: none; border-bottom: 0px rgb(10, 10, 10);\">\n<li class=\"Z1qcYe\" data-sfc-cp=\"\" data-sfc-root=\"ep\" data-hveid=\"CAAIDBAB\" data-complete=\"true\" data-sae=\"\" data-copy-service-computed-style=\"font-family: &quot;Google Sans&quot;, Arial, sans-serif; font-size: 16px; font-weight: 400; margin: 0px 0px 12px; text-decoration: none; border-bottom: 0px rgb(10, 10, 10);\"><span class=\"iNqyIf\" data-sfc-cp=\"\" data-sfc-root=\"ep\" data-complete=\"true\" data-copy-service-computed-style=\"font-family: &quot;Google Sans&quot;, Arial, sans-serif; font-size: 16px; font-weight: 400; margin: 0px; text-decoration: none; border-bottom: 0px rgb(10, 10, 10);\"><strong class=\"rQesXe MPyX\" data-sfc-cp=\"\" data-sfc-root=\"ep\" data-complete=\"true\" data-copy-service-computed-style=\"font-family: &quot;Google Sans&quot;, Arial, sans-serif; font-size: 16px; font-weight: 700; margin: 0px; text-decoration: none; border-bottom: 0px rgb(10, 10, 10);\">Fecha:<!--TgQPHd|||[]--><\/strong> Mi\u00e9rcoles 12 de agosto de 2026.<!--TgQPHd|||[]--><\/span><!--TgQPHd|||[]--><\/li>\n<li class=\"Z1qcYe\" data-sfc-cp=\"\" data-sfc-root=\"ep\" data-hveid=\"CAAIDBAC\" data-complete=\"true\" data-sae=\"\" data-copy-service-computed-style=\"font-family: &quot;Google Sans&quot;, Arial, sans-serif; font-size: 16px; font-weight: 400; margin: 0px 0px 12px; text-decoration: none; border-bottom: 0px rgb(10, 10, 10);\"><span class=\"iNqyIf\" data-sfc-cp=\"\" data-sfc-root=\"ep\" data-complete=\"true\" data-copy-service-computed-style=\"font-family: &quot;Google Sans&quot;, Arial, sans-serif; font-size: 16px; font-weight: 400; margin: 0px; text-decoration: none; border-bottom: 0px rgb(10, 10, 10);\"><strong class=\"rQesXe MPyX\" data-sfc-cp=\"\" data-sfc-root=\"ep\" data-complete=\"true\" data-copy-service-computed-style=\"font-family: &quot;Google Sans&quot;, Arial, sans-serif; font-size: 16px; font-weight: 700; margin: 0px; text-decoration: none; border-bottom: 0px rgb(10, 10, 10);\">Horario:<!--TgQPHd|||[]--><\/strong> De 17:00 a 19:00 hs (Argentina).<!--TgQPHd|||[]--><\/span><!--TgQPHd|||[]--><\/li>\n<li class=\"Z1qcYe\" data-sfc-cp=\"\" data-sfc-root=\"ep\" data-hveid=\"CAAIDBAD\" data-complete=\"true\" data-sae=\"\" data-copy-service-computed-style=\"font-family: &quot;Google Sans&quot;, Arial, sans-serif; font-size: 16px; font-weight: 400; margin: 0px 0px 12px; text-decoration: none; border-bottom: 0px rgb(10, 10, 10);\"><span class=\"iNqyIf\" data-sfc-cp=\"\" data-sfc-root=\"ep\" data-complete=\"true\" data-copy-service-computed-style=\"font-family: &quot;Google Sans&quot;, Arial, sans-serif; font-size: 16px; font-weight: 400; margin: 0px; text-decoration: none; border-bottom: 0px rgb(10, 10, 10);\"><strong class=\"rQesXe MPyX\" data-sfc-cp=\"\" data-sfc-root=\"ep\" data-complete=\"true\" data-copy-service-computed-style=\"font-family: &quot;Google Sans&quot;, Arial, sans-serif; font-size: 16px; font-weight: 700; margin: 0px; text-decoration: none; border-bottom: 0px rgb(10, 10, 10);\">Modalidad:<!--TgQPHd|||[]--><\/strong> Virtual, de acceso libre y gratuito.<!--TgQPHd|||[]--><\/span><!--TgQPHd|||[]--><\/li>\n<li class=\"Z1qcYe\" data-sfc-cp=\"\" data-sfc-root=\"ep\" data-hveid=\"CAAIDBAE\" data-sae=\"\" data-complete=\"true\" data-copy-service-computed-style=\"font-family: &quot;Google Sans&quot;, Arial, sans-serif; font-size: 16px; font-weight: 400; margin: 0px 0px 12px; text-decoration: none; border-bottom: 0px rgb(10, 10, 10);\"><span class=\"iNqyIf\" data-sfc-cp=\"\" data-sfc-root=\"ep\" data-complete=\"true\" data-copy-service-computed-style=\"font-family: &quot;Google Sans&quot;, Arial, sans-serif; font-size: 16px; font-weight: 400; margin: 0px; text-decoration: none; border-bottom: 0px rgb(10, 10, 10);\"><strong class=\"rQesXe MPyX\" data-sfc-cp=\"\" data-sfc-root=\"ep\" data-complete=\"true\" data-copy-service-computed-style=\"font-family: &quot;Google Sans&quot;, Arial, sans-serif; font-size: 16px; font-weight: 700; margin: 0px; text-decoration: none; border-bottom: 0px rgb(10, 10, 10);\">Inscripci\u00f3n:<!--TgQPHd|||[]--><\/strong> Para recibir el enlace de acceso a la sala virtual, las y los interesados deber\u00e1n completar el formulario de inscripci\u00f3n previa escaneando el c\u00f3digo QR disponible en el afiche de difusi\u00f3n del evento.<!--TgQPHd|||[]--><\/span><!--TgQPHd|||[]--><\/li>\n<\/ul>\n<\/li>\n<\/ul>\n<p><!--TgQPHd|||[]--><\/p>\n<div class=\"Fsg96\" data-sfc-cp=\"\" data-sfc-root=\"ep\" data-complete=\"true\" data-processed=\"true\" data-sfc-inited=\"2\" data-copy-service-computed-style=\"font-family: &quot;Google Sans&quot;, Arial, sans-serif; font-size: 14px; font-weight: 400; margin: 0px; text-decoration: none; border-bottom: 0px rgb(10, 10, 10);\"><!--TgQPHd|||[]--><\/div>\n\n\n<div id=\"wp-block-themeisle-blocks-advanced-columns-39ef6473\" class=\"wp-block-themeisle-blocks-advanced-columns has-2-columns has-desktop-equal-layout has-tablet-equal-layout has-mobile-collapsedRows-layout has-vertical-unset\"><div class=\"wp-block-themeisle-blocks-advanced-columns-overlay\"><\/div><div class=\"innerblocks-wrap\">\n<div id=\"wp-block-themeisle-blocks-advanced-column-0bc7b979\" class=\"wp-block-themeisle-blocks-advanced-column\">\n<figure class=\"wp-block-image size-full\"><img loading=\"lazy\" decoding=\"async\" width=\"820\" height=\"1024\" src=\"https:\/\/idihcs.fahce.unlp.edu.ar\/leset\/wp-content\/uploads\/sites\/4\/2026\/08\/REL-2-2.jpg\" alt=\"\" class=\"wp-image-462\" srcset=\"https:\/\/idihcs.fahce.unlp.edu.ar\/leset\/wp-content\/uploads\/sites\/4\/2026\/08\/REL-2-2.jpg 820w, https:\/\/idihcs.fahce.unlp.edu.ar\/leset\/wp-content\/uploads\/sites\/4\/2026\/08\/REL-2-2-240x300.jpg 240w, https:\/\/idihcs.fahce.unlp.edu.ar\/leset\/wp-content\/uploads\/sites\/4\/2026\/08\/REL-2-2-768x959.jpg 768w, https:\/\/idihcs.fahce.unlp.edu.ar\/leset\/wp-content\/uploads\/sites\/4\/2026\/08\/REL-2-2-696x869.jpg 696w, https:\/\/idihcs.fahce.unlp.edu.ar\/leset\/wp-content\/uploads\/sites\/4\/2026\/08\/REL-2-2-336x420.jpg 336w\" sizes=\"auto, (max-width: 820px) 100vw, 820px\" \/><\/figure>\n<\/div>\n\n\n\n<div id=\"wp-block-themeisle-blocks-advanced-column-28334554\" class=\"wp-block-themeisle-blocks-advanced-column\">\n<figure class=\"wp-block-image size-full\"><img decoding=\"async\" src=\"https:\/\/idihcs.fahce.unlp.edu.ar\/leset\/wp-content\/uploads\/sites\/4\/2026\/08\/REL-3.jpg\" alt=\"\" class=\"wp-image-463\"\/><\/figure>\n<\/div>\n<\/div><\/div>\n\n\n\n<p><\/p>\n","protected":false},"excerpt":{"rendered":"<p>El Laboratorio de Estudios en Sociolog\u00eda del Trabajo (LESET), llev\u00f3 adelante el pasado mi\u00e9rcoles 12 de agosto, el panel virtual &#8220;Realidades latinoamericanas del trabajo en plataformas. Horizontes de debate a partir de una encuesta argentina&#8221;. El evento cont\u00f3 con las exposiciones de destacados especialistas internacionales en la materia: Laura Mantilla-Le\u00f3n (Derechos Digitales, Colombia) Clara M\u00e1rquez [&hellip;]<\/p>\n","protected":false},"author":21,"featured_media":463,"comment_status":"closed","ping_status":"closed","sticky":false,"template":"","format":"standard","meta":{"_themeisle_gutenberg_block_has_review":false,"footnotes":""},"categories":[2,4],"class_list":["post-460","post","type-post","status-publish","format-standard","has-post-thumbnail","hentry","category-destacados","category-novedades"],"acf":[],"rttpg_featured_image_url":{"full":["https:\/\/idihcs.fahce.unlp.edu.ar\/leset\/wp-content\/uploads\/sites\/4\/2026\/08\/REL-3-e1786460355115.jpg",820,524,false],"landscape":["https:\/\/idihcs.fahce.unlp.edu.ar\/leset\/wp-content\/uploads\/sites\/4\/2026\/08\/REL-3-e1786460355115.jpg",820,524,false],"portraits":["https:\/\/idihcs.fahce.unlp.edu.ar\/leset\/wp-content\/uploads\/sites\/4\/2026\/08\/REL-3-e1786460355115.jpg",820,524,false],"thumbnail":["https:\/\/idihcs.fahce.unlp.edu.ar\/leset\/wp-content\/uploads\/sites\/4\/2026\/08\/REL-3-e1786460355115-150x150.jpg",150,150,true],"medium":["https:\/\/idihcs.fahce.unlp.edu.ar\/leset\/wp-content\/uploads\/sites\/4\/2026\/08\/REL-3-e1786460355115-300x192.jpg",300,192,true],"large":["https:\/\/idihcs.fahce.unlp.edu.ar\/leset\/wp-content\/uploads\/sites\/4\/2026\/08\/REL-3-e1786460355115.jpg",696,445,false],"1536x1536":["https:\/\/idihcs.fahce.unlp.edu.ar\/leset\/wp-content\/uploads\/sites\/4\/2026\/08\/REL-3-e1786460355115.jpg",820,524,false],"2048x2048":["https:\/\/idihcs.fahce.unlp.edu.ar\/leset\/wp-content\/uploads\/sites\/4\/2026\/08\/REL-3-e1786460355115.jpg",820,524,false],"td_80x60":["https:\/\/idihcs.fahce.unlp.edu.ar\/leset\/wp-content\/uploads\/sites\/4\/2026\/08\/REL-3-e1786460355115-80x60.jpg",80,60,true],"td_100x70":["https:\/\/idihcs.fahce.unlp.edu.ar\/leset\/wp-content\/uploads\/sites\/4\/2026\/08\/REL-3-e1786460355115-100x70.jpg",100,70,true],"td_218x150":["https:\/\/idihcs.fahce.unlp.edu.ar\/leset\/wp-content\/uploads\/sites\/4\/2026\/08\/REL-3-e1786460355115-218x150.jpg",218,150,true],"td_265x198":["https:\/\/idihcs.fahce.unlp.edu.ar\/leset\/wp-content\/uploads\/sites\/4\/2026\/08\/REL-3-e1786460355115-265x198.jpg",265,198,true],"td_324x160":["https:\/\/idihcs.fahce.unlp.edu.ar\/leset\/wp-content\/uploads\/sites\/4\/2026\/08\/REL-3-e1786460355115-324x160.jpg",324,160,true],"td_324x235":["https:\/\/idihcs.fahce.unlp.edu.ar\/leset\/wp-content\/uploads\/sites\/4\/2026\/08\/REL-3-e1786460355115-324x235.jpg",324,235,true],"td_324x400":["https:\/\/idihcs.fahce.unlp.edu.ar\/leset\/wp-content\/uploads\/sites\/4\/2026\/08\/REL-3-e1786460355115-324x400.jpg",324,400,true],"td_356x220":["https:\/\/idihcs.fahce.unlp.edu.ar\/leset\/wp-content\/uploads\/sites\/4\/2026\/08\/REL-3-e1786460355115-356x220.jpg",356,220,true],"td_356x364":["https:\/\/idihcs.fahce.unlp.edu.ar\/leset\/wp-content\/uploads\/sites\/4\/2026\/08\/REL-3-e1786460355115-356x364.jpg",356,364,true],"td_485x360":["https:\/\/idihcs.fahce.unlp.edu.ar\/leset\/wp-content\/uploads\/sites\/4\/2026\/08\/REL-3-e1786460355115-485x360.jpg",485,360,true],"td_533x261":["https:\/\/idihcs.fahce.unlp.edu.ar\/leset\/wp-content\/uploads\/sites\/4\/2026\/08\/REL-3-e1786460355115-533x261.jpg",533,261,true],"td_534x462":["https:\/\/idihcs.fahce.unlp.edu.ar\/leset\/wp-content\/uploads\/sites\/4\/2026\/08\/REL-3-e1786460355115-534x462.jpg",534,462,true],"td_696x0":["https:\/\/idihcs.fahce.unlp.edu.ar\/leset\/wp-content\/uploads\/sites\/4\/2026\/08\/REL-3-e1786460355115-696x445.jpg",696,445,true],"td_696x385":["https:\/\/idihcs.fahce.unlp.edu.ar\/leset\/wp-content\/uploads\/sites\/4\/2026\/08\/REL-3-e1786460355115-696x385.jpg",696,385,true],"td_741x486":["https:\/\/idihcs.fahce.unlp.edu.ar\/leset\/wp-content\/uploads\/sites\/4\/2026\/08\/REL-3-e1786460355115-741x486.jpg",741,486,true],"td_1068x580":["https:\/\/idihcs.fahce.unlp.edu.ar\/leset\/wp-content\/uploads\/sites\/4\/2026\/08\/REL-3-820x580.jpg",820,580,true],"td_1068x0":["https:\/\/idihcs.fahce.unlp.edu.ar\/leset\/wp-content\/uploads\/sites\/4\/2026\/08\/REL-3-e1786460355115.jpg",820,524,false],"td_0x420":["https:\/\/idihcs.fahce.unlp.edu.ar\/leset\/wp-content\/uploads\/sites\/4\/2026\/08\/REL-3-e1786460355115-657x420.jpg",657,420,true],"td_1920x0":["https:\/\/idihcs.fahce.unlp.edu.ar\/leset\/wp-content\/uploads\/sites\/4\/2026\/08\/REL-3-e1786460355115.jpg",820,524,false],"rt_custom":["https:\/\/idihcs.fahce.unlp.edu.ar\/leset\/wp-content\/uploads\/sites\/4\/2026\/08\/REL-3-e1786460355115.jpg",820,524,false]},"rttpg_author":{"display_name":"psalguero","author_link":"https:\/\/idihcs.fahce.unlp.edu.ar\/leset\/author\/psalguero\/"},"rttpg_comment":0,"rttpg_category":"<a href=\"https:\/\/idihcs.fahce.unlp.edu.ar\/leset\/category\/destacados\/\" rel=\"category tag\">Destacados<\/a> <a href=\"https:\/\/idihcs.fahce.unlp.edu.ar\/leset\/category\/novedades\/\" rel=\"category tag\">Novedades<\/a>","rttpg_excerpt":"El Laboratorio de Estudios en Sociolog\u00eda del Trabajo (LESET), llev\u00f3 adelante el pasado mi\u00e9rcoles 12 de agosto, el panel virtual &#8220;Realidades latinoamericanas del trabajo en plataformas. Horizontes de debate a partir de una encuesta argentina&#8221;. El evento cont\u00f3 con las exposiciones de destacados especialistas internacionales en la materia: Laura Mantilla-Le\u00f3n (Derechos Digitales, Colombia) Clara M\u00e1rquez&hellip;","_links":{"self":[{"href":"https:\/\/idihcs.fahce.unlp.edu.ar\/leset\/wp-json\/wp\/v2\/posts\/460","targetHints":{"allow":["GET"]}}],"collection":[{"href":"https:\/\/idihcs.fahce.unlp.edu.ar\/leset\/wp-json\/wp\/v2\/posts"}],"about":[{"href":"https:\/\/idihcs.fahce.unlp.edu.ar\/leset\/wp-json\/wp\/v2\/types\/post"}],"author":[{"embeddable":true,"href":"https:\/\/idihcs.fahce.unlp.edu.ar\/leset\/wp-json\/wp\/v2\/users\/21"}],"replies":[{"embeddable":true,"href":"https:\/\/idihcs.fahce.unlp.edu.ar\/leset\/wp-json\/wp\/v2\/comments?post=460"}],"version-history":[{"count":2,"href":"https:\/\/idihcs.fahce.unlp.edu.ar\/leset\/wp-json\/wp\/v2\/posts\/460\/revisions"}],"predecessor-version":[{"id":466,"href":"https:\/\/idihcs.fahce.unlp.edu.ar\/leset\/wp-json\/wp\/v2\/posts\/460\/revisions\/466"}],"wp:featuredmedia":[{"embeddable":true,"href":"https:\/\/idihcs.fahce.unlp.edu.ar\/leset\/wp-json\/wp\/v2\/media\/463"}],"wp:attachment":[{"href":"https:\/\/idihcs.fahce.unlp.edu.ar\/leset\/wp-json\/wp\/v2\/media?parent=460"}],"wp:term":[{"taxonomy":"category","embeddable":true,"href":"https:\/\/idihcs.fahce.unlp.edu.ar\/leset\/wp-json\/wp\/v2\/categories?post=460"}],"curies":[{"name":"wp","href":"https:\/\/api.w.org\/{rel}","templated":true}]}}