{"id":451,"date":"2026-03-27T14:26:27","date_gmt":"2026-03-27T17:26:27","guid":{"rendered":"https:\/\/idihcs.fahce.unlp.edu.ar\/leset\/?p=451"},"modified":"2026-03-27T14:26:34","modified_gmt":"2026-03-27T17:26:34","slug":"presentacion-de-libro-colectivo-juventudes-y-trabajo-tras-la-pandemia","status":"publish","type":"post","link":"https:\/\/idihcs.fahce.unlp.edu.ar\/leset\/presentacion-de-libro-colectivo-juventudes-y-trabajo-tras-la-pandemia\/","title":{"rendered":"Presentaci\u00f3n de libro colectivo &#8216;Juventudes y trabajo tras la pandemia&#8217;"},"content":{"rendered":"<ul>\n<li>Invitamos a la presentaci\u00f3n del libro colectivo \u201cJuventudes y trabajo tras la pandemia: Nuevas realidades, nuevas subjetividades\u201d <br \/><br \/><img decoding=\"async\" class=\"wp-smiley\" src=\"https:\/\/s.w.org\/images\/core\/emoji\/16.0.1\/72x72\/1f553.png\" alt=\"\ud83d\udd53\" \/>La misma se realizar\u00e1 el l<span id=\"OBJ_PREFIX_DWT565_com_zimbra_date\" class=\"Object\" role=\"link\"><span id=\"OBJ_PREFIX_DWT574_com_zimbra_date\" class=\"Object\" role=\"link\">unes<\/span><\/span> 6 de abril a las 16 horas en el aula C333 (FaHCE\/UNLP, calle 51 e\/ 124 y 125, Ensenada). <br \/><br \/><img decoding=\"async\" class=\"wp-smiley\" src=\"https:\/\/s.w.org\/images\/core\/emoji\/16.0.1\/72x72\/1f5e8.png\" alt=\"\ud83d\udde8\" \/>Comentaristas: Claudia Lazzaro (Directora de Empleo, Mrio Trabajo PBA) y Ver\u00f3nica Maceira (Investigadora y docente UNGS). <br \/><br \/><img decoding=\"async\" class=\"wp-smiley\" src=\"https:\/\/s.w.org\/images\/core\/emoji\/16.0.1\/72x72\/1f4dd.png\" alt=\"\ud83d\udcdd\" \/>Escriben: Marina Adamini, Gonzalo Assusa, Mariana Busso, Alida Dagnino Contini, <span id=\"OBJ_PREFIX_DWT566_com_zimbra_date\" class=\"Object\" role=\"link\"><span id=\"OBJ_PREFIX_DWT575_com_zimbra_date\" class=\"Object\" role=\"link\">Mar<\/span><\/span>\u00eda Darricades, Mariana Fern\u00e1ndez Massi, Nicole Gallant, Juana Garabano, Federico Mart\u00edn Gonz\u00e1lez, Martine Lauzier, <span id=\"OBJ_PREFIX_DWT567_com_zimbra_date\" class=\"Object\" role=\"link\"><span id=\"OBJ_PREFIX_DWT576_com_zimbra_date\" class=\"Object\" role=\"link\">Mar<\/span><\/span>\u00eda Eugenia Longo, Julieta Longo, Ver\u00f3nica Millenaar, Daiana Ail\u00e9n Monti, Pablo Ernesto P\u00e9rez, Mat\u00edas Leonel Romero y Xavier St-Denis.<\/li>\n<\/ul>\n\n\n<div id=\"wp-block-themeisle-blocks-slider-40f8da5f\" class=\"wp-block-themeisle-blocks-slider glide\" data-per-view=\"1\" data-gap=\"0\" data-peek=\"0\" data-autoplay=\"true\" data-height=\"800px\" data-hide-arrows=\"false\"><div class=\"glide__track\" data-glide-el=\"track\"><div class=\"glide__slides\"><div class=\"wp-block-themeisle-blocks-slider-item-wrapper glide__slide\" tabindex=\"0\"><figure><img decoding=\"async\" class=\"wp-block-themeisle-blocks-slider-item\" src=\"https:\/\/idihcs.fahce.unlp.edu.ar\/leset\/wp-content\/uploads\/sites\/4\/2026\/03\/Juventudes-y-trabajo-tras-la-pandemia3.jpg\" alt=\"\" title=\"\" data-id=\"454\"\/><\/figure><\/div><div class=\"wp-block-themeisle-blocks-slider-item-wrapper glide__slide\" tabindex=\"0\"><figure><img decoding=\"async\" class=\"wp-block-themeisle-blocks-slider-item\" src=\"https:\/\/idihcs.fahce.unlp.edu.ar\/leset\/wp-content\/uploads\/sites\/4\/2026\/03\/Juventudes-y-trabajo-tras-la-pandemia2.jpg\" alt=\"\" title=\"\" data-id=\"453\"\/><\/figure><\/div><div class=\"wp-block-themeisle-blocks-slider-item-wrapper glide__slide\" tabindex=\"0\"><figure><img decoding=\"async\" class=\"wp-block-themeisle-blocks-slider-item\" src=\"https:\/\/idihcs.fahce.unlp.edu.ar\/leset\/wp-content\/uploads\/sites\/4\/2026\/03\/Juventudes-y-trabajo-tras-la-pandemia1.jpg\" alt=\"\" title=\"\" data-id=\"455\"\/><\/figure><\/div><\/div><div class=\"glide__bullets\" data-glide-el=\"controls[nav]\"><button class=\"glide__bullet\" data-glide-dir=\"=0\"><\/button><button class=\"glide__bullet\" data-glide-dir=\"=1\"><\/button><button class=\"glide__bullet\" data-glide-dir=\"=2\"><\/button><\/div><\/div><\/div>\n\n\n<ul>\n<li>\n<h5>\u00cdndice: Presentaci\u00f3n. Pablo P\u00e9rez y Mariana Busso<br \/>1. La pandemia y su impacto en el trabajo de j\u00f3venes en Argentina. Aportes para comprender la profundizaci\u00f3n de desigualdades sociales. Mariana Busso y Pablo P\u00e9rez.<br \/><span style=\"color: revert; font-size: revert; font-weight: revert;\">2. El impacto subjetivo y a largo plazo de la pandemia en j\u00f3venes trabajadores en Quebec. Dificultades, oportunidades, riesgos y desigualdad social. <\/span><span id=\"OBJ_PREFIX_DWT568_com_zimbra_date\" class=\"Object\" style=\"color: revert; font-size: revert; font-weight: revert;\" role=\"link\"><span id=\"OBJ_PREFIX_DWT577_com_zimbra_date\" class=\"Object\" role=\"link\">Mar<\/span><\/span><span style=\"color: revert; font-size: revert; font-weight: revert;\">\u00eda Eugenia Longo, Xavier St-Denis, Nicole Gallant y Martine Lauzier.<br \/><\/span>3. \u00bfYa no quieren laburar? Pistas sociol\u00f3gicas para el debate sobre la relaci\u00f3n entre j\u00f3venes y trabajo en la Argentina contempor\u00e1nea. Daiana Monti, Juana Garabano y Gonzalo Assusa.<br \/>4. \u00bfLos nativos digitales usan internet para trabajar? Reflexiones sobre el alcance de la digitalizaci\u00f3n en el mundo del trabajo de las y los j\u00f3venes en la actualidad. Julieta Longo, Mariana Fern\u00e1ndez Massi y <span id=\"OBJ_PREFIX_DWT569_com_zimbra_date\" class=\"Object\" role=\"link\"><span id=\"OBJ_PREFIX_DWT578_com_zimbra_date\" class=\"Object\" role=\"link\">Mar<\/span><\/span>\u00eda Darricades.<br \/>5. Sentidos juveniles sobre las credenciales educativas en un contexto de transformaci\u00f3n laboral y formativa atravesado por la pandemia. Marina Adamini y Federico Gonz\u00e1lez.<br \/>6. Las mujeres programadoras: oportunidades de formaci\u00f3n y desigualdades de g\u00e9nero en contexto de post-pandemia. Ver\u00f3nica Millenar.<br \/>7. Torcer los sentidos sobre el trabajo. La participaci\u00f3n de j\u00f3venes en experiencias socio comunitarias en contextos de crisis. Alida Dagnino Contini.<br \/>8. Juventudes y trabajo en Entre R\u00edos Urbana: de la pandemia a la post-pandemia. Matias Romero.\u00a0<\/h5>\n<\/li>\n<\/ul>","protected":false},"excerpt":{"rendered":"<p>Invitamos a la presentaci\u00f3n del libro colectivo \u201cJuventudes y trabajo tras la pandemia: Nuevas realidades, nuevas subjetividades\u201d La misma se realizar\u00e1 el lunes 6 de abril a las 16 horas en el aula C333 (FaHCE\/UNLP, calle 51 e\/ 124 y 125, Ensenada). Comentaristas: Claudia Lazzaro (Directora de Empleo, Mrio Trabajo PBA) y Ver\u00f3nica Maceira (Investigadora [&hellip;]<\/p>\n","protected":false},"author":21,"featured_media":0,"comment_status":"closed","ping_status":"closed","sticky":false,"template":"","format":"standard","meta":{"_themeisle_gutenberg_block_has_review":false,"footnotes":""},"categories":[2,4],"class_list":["post-451","post","type-post","status-publish","format-standard","hentry","category-destacados","category-novedades"],"acf":[],"rttpg_featured_image_url":null,"rttpg_author":{"display_name":"psalguero","author_link":"https:\/\/idihcs.fahce.unlp.edu.ar\/leset\/author\/psalguero\/"},"rttpg_comment":0,"rttpg_category":"<a href=\"https:\/\/idihcs.fahce.unlp.edu.ar\/leset\/category\/destacados\/\" rel=\"category tag\">Destacados<\/a> <a href=\"https:\/\/idihcs.fahce.unlp.edu.ar\/leset\/category\/novedades\/\" rel=\"category tag\">Novedades<\/a>","rttpg_excerpt":"Invitamos a la presentaci\u00f3n del libro colectivo \u201cJuventudes y trabajo tras la pandemia: Nuevas realidades, nuevas subjetividades\u201d La misma se realizar\u00e1 el lunes 6 de abril a las 16 horas en el aula C333 (FaHCE\/UNLP, calle 51 e\/ 124 y 125, Ensenada). Comentaristas: Claudia Lazzaro (Directora de Empleo, Mrio Trabajo PBA) y Ver\u00f3nica Maceira (Investigadora&hellip;","_links":{"self":[{"href":"https:\/\/idihcs.fahce.unlp.edu.ar\/leset\/wp-json\/wp\/v2\/posts\/451","targetHints":{"allow":["GET"]}}],"collection":[{"href":"https:\/\/idihcs.fahce.unlp.edu.ar\/leset\/wp-json\/wp\/v2\/posts"}],"about":[{"href":"https:\/\/idihcs.fahce.unlp.edu.ar\/leset\/wp-json\/wp\/v2\/types\/post"}],"author":[{"embeddable":true,"href":"https:\/\/idihcs.fahce.unlp.edu.ar\/leset\/wp-json\/wp\/v2\/users\/21"}],"replies":[{"embeddable":true,"href":"https:\/\/idihcs.fahce.unlp.edu.ar\/leset\/wp-json\/wp\/v2\/comments?post=451"}],"version-history":[{"count":1,"href":"https:\/\/idihcs.fahce.unlp.edu.ar\/leset\/wp-json\/wp\/v2\/posts\/451\/revisions"}],"predecessor-version":[{"id":456,"href":"https:\/\/idihcs.fahce.unlp.edu.ar\/leset\/wp-json\/wp\/v2\/posts\/451\/revisions\/456"}],"wp:attachment":[{"href":"https:\/\/idihcs.fahce.unlp.edu.ar\/leset\/wp-json\/wp\/v2\/media?parent=451"}],"wp:term":[{"taxonomy":"category","embeddable":true,"href":"https:\/\/idihcs.fahce.unlp.edu.ar\/leset\/wp-json\/wp\/v2\/categories?post=451"}],"curies":[{"name":"wp","href":"https:\/\/api.w.org\/{rel}","templated":true}]}}