{"id":264,"date":"2019-08-10T11:18:39","date_gmt":"2019-08-10T14:18:39","guid":{"rendered":"http:\/\/idihcs.fahce.unlp.edu.ar\/else\/?p=264"},"modified":"2019-08-22T12:12:12","modified_gmt":"2019-08-22T15:12:12","slug":"curso-textos-multimodales-en-else","status":"publish","type":"post","link":"https:\/\/idihcs.fahce.unlp.edu.ar\/else\/curso-textos-multimodales-en-else\/","title":{"rendered":"Curso &#8220;Textos multimodales en ELSE&#8221; AULA B 111"},"content":{"rendered":"<p>&nbsp;<\/p>\n<p>El \u00c0rea ELSE invita a interesadxs en el dise\u00f1o de materiales para clases de espa\u00f1ol como lengua extranjera<\/p>\n<p>Contenidos:<br \/>\n&#8211; La alfabetizaci\u00f3n visual y la teor\u00eda del c\u00f3digo dual como base te\u00f3rica de la destrezas receptivas.<br \/>\n&#8211; La narrativa visual como apoyo de la ense\u00f1anza comunicativa de la gram\u00e1tica, la pragm\u00e1tica y la prox\u00e9mica del espa\u00f1ol.<br \/>\n&#8211; El c\u00f3mic como elemento cultural e intercultural en el aula.<br \/>\n&#8211; La producci\u00f3n de textos multimodales como veh\u00edculo del aprendizaje significativo: infograf\u00edas y videocasts.<br \/>\nBiodata de Jes\u00fas Fern\u00e1ndez \u00c1lvarez:<br \/>\nM\u00e1ster en Did\u00e1ctica del Espa\u00f1ol como Lengua Extranjera por la Universidad de La Rioja. Desde 2004 se ha dedicado a la ense\u00f1anza del Espa\u00f1ol como Lengua Extranjera en Alemania, entre otras, en la Bauhaus-Universit\u00e4t en Weimar y ha sido lector de Espa\u00f1ol Jur\u00eddico en la Universidad de Bayreuth. En la actualidad, es profesor de Espa\u00f1ol como Lengua Extranjera en la Universidad de \u00c9rfurt y colabora en el programa multidisciplinar &#8220;Derecho y Lengua&#8221; de la Friedrich-Schiller-Universit\u00e4t Jena.<br \/>\nSu \u00e1rea de investigaci\u00f3n se centra en la alfabetizaci\u00f3n visual (visual literacy) y las aplicaciones did\u00e1cticas del c\u00f3mic a la clase de ELE y ha participado como ponente en diferentes simposios con temas como el aprendizaje colaborativo, el uso de las infograf\u00edas en la clase de ELE o la creaci\u00f3n de videocasts.<br \/>\nInscripci\u00f3n en este link:<br \/>\nhttps:\/\/forms.gle\/DXTjBFoeLzxFmXbj8<\/p>\n","protected":false},"excerpt":{"rendered":"<p>&nbsp; El \u00c0rea ELSE invita a interesadxs en el dise\u00f1o de materiales para clases de espa\u00f1ol como lengua extranjera Contenidos: &#8211; La alfabetizaci\u00f3n visual y la teor\u00eda del c\u00f3digo dual como base te\u00f3rica de la destrezas receptivas. &#8211; La narrativa visual como apoyo de la ense\u00f1anza comunicativa de la gram\u00e1tica, la pragm\u00e1tica y la prox\u00e9mica [&hellip;]<\/p>\n","protected":false},"author":9,"featured_media":265,"comment_status":"closed","ping_status":"closed","sticky":false,"template":"","format":"standard","meta":{"_themeisle_gutenberg_block_has_review":false,"footnotes":""},"categories":[2,4],"class_list":["post-264","post","type-post","status-publish","format-standard","has-post-thumbnail","hentry","category-destacados","category-novedades"],"acf":[],"rttpg_featured_image_url":{"full":["https:\/\/idihcs.fahce.unlp.edu.ar\/else\/wp-content\/uploads\/sites\/18\/2019\/08\/image-1.png",1200,1492,false],"landscape":["https:\/\/idihcs.fahce.unlp.edu.ar\/else\/wp-content\/uploads\/sites\/18\/2019\/08\/image-1.png",1200,1492,false],"portraits":["https:\/\/idihcs.fahce.unlp.edu.ar\/else\/wp-content\/uploads\/sites\/18\/2019\/08\/image-1.png",1200,1492,false],"thumbnail":["https:\/\/idihcs.fahce.unlp.edu.ar\/else\/wp-content\/uploads\/sites\/18\/2019\/08\/image-1-150x150.png",150,150,true],"medium":["https:\/\/idihcs.fahce.unlp.edu.ar\/else\/wp-content\/uploads\/sites\/18\/2019\/08\/image-1-241x300.png",241,300,true],"large":["https:\/\/idihcs.fahce.unlp.edu.ar\/else\/wp-content\/uploads\/sites\/18\/2019\/08\/image-1-824x1024.png",696,865,true],"1536x1536":["https:\/\/idihcs.fahce.unlp.edu.ar\/else\/wp-content\/uploads\/sites\/18\/2019\/08\/image-1.png",1200,1492,false],"2048x2048":["https:\/\/idihcs.fahce.unlp.edu.ar\/else\/wp-content\/uploads\/sites\/18\/2019\/08\/image-1.png",1200,1492,false],"td_80x60":["https:\/\/idihcs.fahce.unlp.edu.ar\/else\/wp-content\/uploads\/sites\/18\/2019\/08\/image-1-80x60.png",80,60,true],"td_100x70":["https:\/\/idihcs.fahce.unlp.edu.ar\/else\/wp-content\/uploads\/sites\/18\/2019\/08\/image-1-100x70.png",100,70,true],"td_218x150":["https:\/\/idihcs.fahce.unlp.edu.ar\/else\/wp-content\/uploads\/sites\/18\/2019\/08\/image-1-218x150.png",218,150,true],"td_265x198":["https:\/\/idihcs.fahce.unlp.edu.ar\/else\/wp-content\/uploads\/sites\/18\/2019\/08\/image-1-265x198.png",265,198,true],"td_324x160":["https:\/\/idihcs.fahce.unlp.edu.ar\/else\/wp-content\/uploads\/sites\/18\/2019\/08\/image-1-324x160.png",324,160,true],"td_324x235":["https:\/\/idihcs.fahce.unlp.edu.ar\/else\/wp-content\/uploads\/sites\/18\/2019\/08\/image-1-324x235.png",324,235,true],"td_324x400":["https:\/\/idihcs.fahce.unlp.edu.ar\/else\/wp-content\/uploads\/sites\/18\/2019\/08\/image-1-324x400.png",324,400,true],"td_356x220":["https:\/\/idihcs.fahce.unlp.edu.ar\/else\/wp-content\/uploads\/sites\/18\/2019\/08\/image-1-356x220.png",356,220,true],"td_356x364":["https:\/\/idihcs.fahce.unlp.edu.ar\/else\/wp-content\/uploads\/sites\/18\/2019\/08\/image-1-356x364.png",356,364,true],"td_485x360":["https:\/\/idihcs.fahce.unlp.edu.ar\/else\/wp-content\/uploads\/sites\/18\/2019\/08\/image-1-485x360.png",485,360,true],"td_533x261":["https:\/\/idihcs.fahce.unlp.edu.ar\/else\/wp-content\/uploads\/sites\/18\/2019\/08\/image-1-533x261.png",533,261,true],"td_534x462":["https:\/\/idihcs.fahce.unlp.edu.ar\/else\/wp-content\/uploads\/sites\/18\/2019\/08\/image-1-534x462.png",534,462,true],"td_696x0":["https:\/\/idihcs.fahce.unlp.edu.ar\/else\/wp-content\/uploads\/sites\/18\/2019\/08\/image-1-696x865.png",696,865,true],"td_696x385":["https:\/\/idihcs.fahce.unlp.edu.ar\/else\/wp-content\/uploads\/sites\/18\/2019\/08\/image-1-696x385.png",696,385,true],"td_741x486":["https:\/\/idihcs.fahce.unlp.edu.ar\/else\/wp-content\/uploads\/sites\/18\/2019\/08\/image-1-741x486.png",741,486,true],"td_1068x580":["https:\/\/idihcs.fahce.unlp.edu.ar\/else\/wp-content\/uploads\/sites\/18\/2019\/08\/image-1-1068x580.png",1068,580,true],"td_1068x0":["https:\/\/idihcs.fahce.unlp.edu.ar\/else\/wp-content\/uploads\/sites\/18\/2019\/08\/image-1-1068x1328.png",1068,1328,true],"td_0x420":["https:\/\/idihcs.fahce.unlp.edu.ar\/else\/wp-content\/uploads\/sites\/18\/2019\/08\/image-1-338x420.png",338,420,true],"td_1920x0":["https:\/\/idihcs.fahce.unlp.edu.ar\/else\/wp-content\/uploads\/sites\/18\/2019\/08\/image-1.png",1200,1492,false],"rt_custom":["https:\/\/idihcs.fahce.unlp.edu.ar\/else\/wp-content\/uploads\/sites\/18\/2019\/08\/image-1.png",1200,1492,false]},"rttpg_author":{"display_name":"else","author_link":"https:\/\/idihcs.fahce.unlp.edu.ar\/else\/author\/else\/"},"rttpg_comment":0,"rttpg_category":"<a href=\"https:\/\/idihcs.fahce.unlp.edu.ar\/else\/category\/destacados\/\" rel=\"category tag\">Destacados<\/a> <a href=\"https:\/\/idihcs.fahce.unlp.edu.ar\/else\/category\/novedades\/\" rel=\"category tag\">Novedades<\/a>","rttpg_excerpt":"&nbsp; El \u00c0rea ELSE invita a interesadxs en el dise\u00f1o de materiales para clases de espa\u00f1ol como lengua extranjera Contenidos: &#8211; La alfabetizaci\u00f3n visual y la teor\u00eda del c\u00f3digo dual como base te\u00f3rica de la destrezas receptivas. &#8211; La narrativa visual como apoyo de la ense\u00f1anza comunicativa de la gram\u00e1tica, la pragm\u00e1tica y la prox\u00e9mica&hellip;","_links":{"self":[{"href":"https:\/\/idihcs.fahce.unlp.edu.ar\/else\/wp-json\/wp\/v2\/posts\/264","targetHints":{"allow":["GET"]}}],"collection":[{"href":"https:\/\/idihcs.fahce.unlp.edu.ar\/else\/wp-json\/wp\/v2\/posts"}],"about":[{"href":"https:\/\/idihcs.fahce.unlp.edu.ar\/else\/wp-json\/wp\/v2\/types\/post"}],"author":[{"embeddable":true,"href":"https:\/\/idihcs.fahce.unlp.edu.ar\/else\/wp-json\/wp\/v2\/users\/9"}],"replies":[{"embeddable":true,"href":"https:\/\/idihcs.fahce.unlp.edu.ar\/else\/wp-json\/wp\/v2\/comments?post=264"}],"version-history":[{"count":3,"href":"https:\/\/idihcs.fahce.unlp.edu.ar\/else\/wp-json\/wp\/v2\/posts\/264\/revisions"}],"predecessor-version":[{"id":273,"href":"https:\/\/idihcs.fahce.unlp.edu.ar\/else\/wp-json\/wp\/v2\/posts\/264\/revisions\/273"}],"wp:featuredmedia":[{"embeddable":true,"href":"https:\/\/idihcs.fahce.unlp.edu.ar\/else\/wp-json\/wp\/v2\/media\/265"}],"wp:attachment":[{"href":"https:\/\/idihcs.fahce.unlp.edu.ar\/else\/wp-json\/wp\/v2\/media?parent=264"}],"wp:term":[{"taxonomy":"category","embeddable":true,"href":"https:\/\/idihcs.fahce.unlp.edu.ar\/else\/wp-json\/wp\/v2\/categories?post=264"}],"curies":[{"name":"wp","href":"https:\/\/api.w.org\/{rel}","templated":true}]}}