{"id":279,"date":"2018-10-08T15:38:09","date_gmt":"2018-10-08T18:38:09","guid":{"rendered":"http:\/\/idihcs.fahce.unlp.edu.ar\/ctcl\/?p=279"},"modified":"2018-10-08T15:38:09","modified_gmt":"2018-10-08T18:38:09","slug":"coloquio-de-novela-historica-tomas-de-mattos","status":"publish","type":"post","link":"https:\/\/idihcs.fahce.unlp.edu.ar\/ctcl\/coloquio-de-novela-historica-tomas-de-mattos\/","title":{"rendered":"Coloquio de novela hist\u00f3rica Tom\u00e1s de Mattos"},"content":{"rendered":"<p><img loading=\"lazy\" decoding=\"async\" class=\"size-medium wp-image-280 alignleft\" src=\"http:\/\/idihcs.fahce.unlp.edu.ar\/ctcl\/wp-content\/uploads\/sites\/7\/2018\/10\/Coloquio-Tom\u00e1s-de-Mattos-300x167.jpg\" alt=\"\" width=\"300\" height=\"167\" srcset=\"https:\/\/idihcs.fahce.unlp.edu.ar\/ctcl\/wp-content\/uploads\/sites\/7\/2018\/10\/Coloquio-Tom\u00e1s-de-Mattos-300x167.jpg 300w, https:\/\/idihcs.fahce.unlp.edu.ar\/ctcl\/wp-content\/uploads\/sites\/7\/2018\/10\/Coloquio-Tom\u00e1s-de-Mattos-768x427.jpg 768w, https:\/\/idihcs.fahce.unlp.edu.ar\/ctcl\/wp-content\/uploads\/sites\/7\/2018\/10\/Coloquio-Tom\u00e1s-de-Mattos-696x385.jpg 696w, https:\/\/idihcs.fahce.unlp.edu.ar\/ctcl\/wp-content\/uploads\/sites\/7\/2018\/10\/Coloquio-Tom\u00e1s-de-Mattos-756x420.jpg 756w, https:\/\/idihcs.fahce.unlp.edu.ar\/ctcl\/wp-content\/uploads\/sites\/7\/2018\/10\/Coloquio-Tom\u00e1s-de-Mattos.jpg 810w\" sizes=\"auto, (max-width: 300px) 100vw, 300px\" \/><\/p>\n<p>Los d\u00edas 5, 6 y\u00a0<span id=\"OBJ_PREFIX_DWT2107_com_zimbra_date\" class=\"Object\" role=\"link\"><span id=\"OBJ_PREFIX_DWT2114_com_zimbra_date\" class=\"Object\" role=\"link\">7 de noviembre<\/span><\/span>\u00a0se realizar\u00e1, en el Teatro Sol\u00eds y en el Museo Hist\u00f3rico Nacional, el Coloquio de Novela Hist\u00f3rica Tom\u00e1s de Mattos con la participaci\u00f3n de destacados investigadores nacionales y extranjeros.\u00a0<strong>Una celebraci\u00f3n de la Historia, las Letras y los Derechos Humanos<\/strong>\u00a0en ocasi\u00f3n de conmemorarse 30 a\u00f1os de la primera edici\u00f3n de \u00a1Bernab\u00e9, Bernab\u00e9!, el relato que novel\u00f3 el genocidio charr\u00faa y lo puso en el centro del debate sobre derechos humanos.<\/p>\n<p>En estas jornadas se reflexionar\u00e1 sobre las controversias que en su momento esta novela gener\u00f3. En aquel entonces Uruguay se debat\u00eda ante la aprobaci\u00f3n de la Ley de Caducidad, las violaciones a los derechos humanos -durante la dictadura militar- sacud\u00edan a la sociedad y en ese contexto \u00a1Bernab\u00e9, Bernab\u00e9! contribuy\u00f3 a un debate\u00a0que se prolong\u00f3 por meses: \u00bfqu\u00e9 hacer en torno a la memoria y el olvido? y \u00bfqui\u00e9nes cuentan la verdad de la Historia?<\/p>\n<p>Este\u00a0<strong>Coloquio<\/strong>\u00a0tambi\u00e9n plantea conocer y revisitar los relatos hist\u00f3ricos, sus teor\u00edas y su aplicaci\u00f3n did\u00e1ctica, as\u00ed como las representaciones de la historia nacional en el cine y el c\u00f3mic.<\/p>\n<p>En este encuentro internacional de car\u00e1cter fundamentalmente interdisciplinario\u00a0<strong>participar\u00e1n especialistas<\/strong>\u00a0en Historia, Literatura, Derechos Humanos, Filosof\u00eda y Arte. El CEIU (Centro de Estudios Interdisciplinarios del Uruguay) ha contribuido y dado apoyo acad\u00e9mico. Son conferencistas y expositores Magdalena Perkowska (New York University), Teresa Basile (Universidad de la Plata), Oscar Brando (ANII Uruguay), Karl Kohut (Alemania), Luis Roniger (Universidad de Carolina del Norte), Nicol\u00e1s Duffau (Udelar) y los escritores Ana Ribeiro y Carlos\u00a0<span id=\"OBJ_PREFIX_DWT2108_com_zimbra_date\" class=\"Object\" role=\"link\"><span id=\"OBJ_PREFIX_DWT2115_com_zimbra_date\" class=\"Object\" role=\"link\">Mar<\/span><\/span>\u00eda Dom\u00ednguez, entre 40 investigadores e intelectuales de excelencia.<\/p>\n<p>El Coloquio es auspiciado por la Direcci\u00f3n Nacional de Cultura | MEC, la Intendencia de Montevideo y la Facultad de Humanidades y Ciencias de la Educaci\u00f3n de la Universidad de la Rep\u00fablica.<\/p>\n<p><strong>Los cupos son limitados<\/strong>. Los interesados han de inscribirse desde el 1\u00ba al\u00a0<span id=\"OBJ_PREFIX_DWT2109_com_zimbra_date\" class=\"Object\" role=\"link\"><span id=\"OBJ_PREFIX_DWT2116_com_zimbra_date\" class=\"Object\" role=\"link\">30 de octubre<\/span><\/span>, en el correo electr\u00f3nico\u00a0<u><span id=\"OBJ_PREFIX_DWT2110_ZmEmailObjectHandler\" class=\"Object\" role=\"link\"><span id=\"OBJ_PREFIX_DWT2117_ZmEmailObjectHandler\" class=\"Object\" role=\"link\"><a href=\"mailto:coloquiotomasdemattos@gmail.com\" target=\"_blank\" rel=\"nofollow noopener\">coloquiotomasdemattos@gmail.com<\/a><\/span><\/span><\/u><\/p>\n<div><\/div>\n","protected":false},"excerpt":{"rendered":"<p>Los d\u00edas 5, 6 y\u00a07 de noviembre\u00a0se realizar\u00e1, en el Teatro Sol\u00eds y en el Museo Hist\u00f3rico Nacional, el Coloquio de Novela Hist\u00f3rica Tom\u00e1s de Mattos con la participaci\u00f3n de destacados investigadores nacionales y extranjeros.\u00a0Una celebraci\u00f3n de la Historia, las Letras y los Derechos Humanos\u00a0en ocasi\u00f3n de conmemorarse 30 a\u00f1os de la primera edici\u00f3n de [&hellip;]<\/p>\n","protected":false},"author":13,"featured_media":280,"comment_status":"closed","ping_status":"closed","sticky":false,"template":"","format":"standard","meta":{"_themeisle_gutenberg_block_has_review":false,"footnotes":""},"categories":[2,4],"class_list":["post-279","post","type-post","status-publish","format-standard","has-post-thumbnail","hentry","category-destacados","category-novedades"],"acf":[],"rttpg_featured_image_url":{"full":["https:\/\/idihcs.fahce.unlp.edu.ar\/ctcl\/wp-content\/uploads\/sites\/7\/2018\/10\/Coloquio-Tom\u00e1s-de-Mattos.jpg",810,450,false],"landscape":["https:\/\/idihcs.fahce.unlp.edu.ar\/ctcl\/wp-content\/uploads\/sites\/7\/2018\/10\/Coloquio-Tom\u00e1s-de-Mattos.jpg",810,450,false],"portraits":["https:\/\/idihcs.fahce.unlp.edu.ar\/ctcl\/wp-content\/uploads\/sites\/7\/2018\/10\/Coloquio-Tom\u00e1s-de-Mattos.jpg",810,450,false],"thumbnail":["https:\/\/idihcs.fahce.unlp.edu.ar\/ctcl\/wp-content\/uploads\/sites\/7\/2018\/10\/Coloquio-Tom\u00e1s-de-Mattos-150x150.jpg",150,150,true],"medium":["https:\/\/idihcs.fahce.unlp.edu.ar\/ctcl\/wp-content\/uploads\/sites\/7\/2018\/10\/Coloquio-Tom\u00e1s-de-Mattos-300x167.jpg",300,167,true],"large":["https:\/\/idihcs.fahce.unlp.edu.ar\/ctcl\/wp-content\/uploads\/sites\/7\/2018\/10\/Coloquio-Tom\u00e1s-de-Mattos.jpg",696,387,false],"1536x1536":["https:\/\/idihcs.fahce.unlp.edu.ar\/ctcl\/wp-content\/uploads\/sites\/7\/2018\/10\/Coloquio-Tom\u00e1s-de-Mattos.jpg",810,450,false],"2048x2048":["https:\/\/idihcs.fahce.unlp.edu.ar\/ctcl\/wp-content\/uploads\/sites\/7\/2018\/10\/Coloquio-Tom\u00e1s-de-Mattos.jpg",810,450,false],"td_80x60":["https:\/\/idihcs.fahce.unlp.edu.ar\/ctcl\/wp-content\/uploads\/sites\/7\/2018\/10\/Coloquio-Tom\u00e1s-de-Mattos-80x60.jpg",80,60,true],"td_100x70":["https:\/\/idihcs.fahce.unlp.edu.ar\/ctcl\/wp-content\/uploads\/sites\/7\/2018\/10\/Coloquio-Tom\u00e1s-de-Mattos-100x70.jpg",100,70,true],"td_218x150":["https:\/\/idihcs.fahce.unlp.edu.ar\/ctcl\/wp-content\/uploads\/sites\/7\/2018\/10\/Coloquio-Tom\u00e1s-de-Mattos-218x150.jpg",218,150,true],"td_265x198":["https:\/\/idihcs.fahce.unlp.edu.ar\/ctcl\/wp-content\/uploads\/sites\/7\/2018\/10\/Coloquio-Tom\u00e1s-de-Mattos-265x198.jpg",265,198,true],"td_324x160":["https:\/\/idihcs.fahce.unlp.edu.ar\/ctcl\/wp-content\/uploads\/sites\/7\/2018\/10\/Coloquio-Tom\u00e1s-de-Mattos-324x160.jpg",324,160,true],"td_324x235":["https:\/\/idihcs.fahce.unlp.edu.ar\/ctcl\/wp-content\/uploads\/sites\/7\/2018\/10\/Coloquio-Tom\u00e1s-de-Mattos-324x235.jpg",324,235,true],"td_324x400":["https:\/\/idihcs.fahce.unlp.edu.ar\/ctcl\/wp-content\/uploads\/sites\/7\/2018\/10\/Coloquio-Tom\u00e1s-de-Mattos-324x400.jpg",324,400,true],"td_356x220":["https:\/\/idihcs.fahce.unlp.edu.ar\/ctcl\/wp-content\/uploads\/sites\/7\/2018\/10\/Coloquio-Tom\u00e1s-de-Mattos-356x220.jpg",356,220,true],"td_356x364":["https:\/\/idihcs.fahce.unlp.edu.ar\/ctcl\/wp-content\/uploads\/sites\/7\/2018\/10\/Coloquio-Tom\u00e1s-de-Mattos-356x364.jpg",356,364,true],"td_485x360":["https:\/\/idihcs.fahce.unlp.edu.ar\/ctcl\/wp-content\/uploads\/sites\/7\/2018\/10\/Coloquio-Tom\u00e1s-de-Mattos-485x360.jpg",485,360,true],"td_533x261":["https:\/\/idihcs.fahce.unlp.edu.ar\/ctcl\/wp-content\/uploads\/sites\/7\/2018\/10\/Coloquio-Tom\u00e1s-de-Mattos-533x261.jpg",533,261,true],"td_534x462":["https:\/\/idihcs.fahce.unlp.edu.ar\/ctcl\/wp-content\/uploads\/sites\/7\/2018\/10\/Coloquio-Tom\u00e1s-de-Mattos-534x450.jpg",534,450,true],"td_696x0":["https:\/\/idihcs.fahce.unlp.edu.ar\/ctcl\/wp-content\/uploads\/sites\/7\/2018\/10\/Coloquio-Tom\u00e1s-de-Mattos-696x387.jpg",696,387,true],"td_696x385":["https:\/\/idihcs.fahce.unlp.edu.ar\/ctcl\/wp-content\/uploads\/sites\/7\/2018\/10\/Coloquio-Tom\u00e1s-de-Mattos-696x385.jpg",696,385,true],"td_741x486":["https:\/\/idihcs.fahce.unlp.edu.ar\/ctcl\/wp-content\/uploads\/sites\/7\/2018\/10\/Coloquio-Tom\u00e1s-de-Mattos-741x450.jpg",741,450,true],"td_1068x580":["https:\/\/idihcs.fahce.unlp.edu.ar\/ctcl\/wp-content\/uploads\/sites\/7\/2018\/10\/Coloquio-Tom\u00e1s-de-Mattos.jpg",810,450,false],"td_1068x0":["https:\/\/idihcs.fahce.unlp.edu.ar\/ctcl\/wp-content\/uploads\/sites\/7\/2018\/10\/Coloquio-Tom\u00e1s-de-Mattos.jpg",810,450,false],"td_0x420":["https:\/\/idihcs.fahce.unlp.edu.ar\/ctcl\/wp-content\/uploads\/sites\/7\/2018\/10\/Coloquio-Tom\u00e1s-de-Mattos-756x420.jpg",756,420,true],"td_1920x0":["https:\/\/idihcs.fahce.unlp.edu.ar\/ctcl\/wp-content\/uploads\/sites\/7\/2018\/10\/Coloquio-Tom\u00e1s-de-Mattos.jpg",810,450,false],"rt_custom":["https:\/\/idihcs.fahce.unlp.edu.ar\/ctcl\/wp-content\/uploads\/sites\/7\/2018\/10\/Coloquio-Tom\u00e1s-de-Mattos.jpg",810,450,false]},"rttpg_author":{"display_name":"ctcl","author_link":"https:\/\/idihcs.fahce.unlp.edu.ar\/ctcl\/author\/ctcl\/"},"rttpg_comment":0,"rttpg_category":"<a href=\"https:\/\/idihcs.fahce.unlp.edu.ar\/ctcl\/category\/destacados\/\" rel=\"category tag\">Destacados<\/a> <a href=\"https:\/\/idihcs.fahce.unlp.edu.ar\/ctcl\/category\/novedades\/\" rel=\"category tag\">Novedades<\/a>","rttpg_excerpt":"Los d\u00edas 5, 6 y\u00a07 de noviembre\u00a0se realizar\u00e1, en el Teatro Sol\u00eds y en el Museo Hist\u00f3rico Nacional, el Coloquio de Novela Hist\u00f3rica Tom\u00e1s de Mattos con la participaci\u00f3n de destacados investigadores nacionales y extranjeros.\u00a0Una celebraci\u00f3n de la Historia, las Letras y los Derechos Humanos\u00a0en ocasi\u00f3n de conmemorarse 30 a\u00f1os de la primera edici\u00f3n de&hellip;","_links":{"self":[{"href":"https:\/\/idihcs.fahce.unlp.edu.ar\/ctcl\/wp-json\/wp\/v2\/posts\/279","targetHints":{"allow":["GET"]}}],"collection":[{"href":"https:\/\/idihcs.fahce.unlp.edu.ar\/ctcl\/wp-json\/wp\/v2\/posts"}],"about":[{"href":"https:\/\/idihcs.fahce.unlp.edu.ar\/ctcl\/wp-json\/wp\/v2\/types\/post"}],"author":[{"embeddable":true,"href":"https:\/\/idihcs.fahce.unlp.edu.ar\/ctcl\/wp-json\/wp\/v2\/users\/13"}],"replies":[{"embeddable":true,"href":"https:\/\/idihcs.fahce.unlp.edu.ar\/ctcl\/wp-json\/wp\/v2\/comments?post=279"}],"version-history":[{"count":1,"href":"https:\/\/idihcs.fahce.unlp.edu.ar\/ctcl\/wp-json\/wp\/v2\/posts\/279\/revisions"}],"predecessor-version":[{"id":281,"href":"https:\/\/idihcs.fahce.unlp.edu.ar\/ctcl\/wp-json\/wp\/v2\/posts\/279\/revisions\/281"}],"wp:featuredmedia":[{"embeddable":true,"href":"https:\/\/idihcs.fahce.unlp.edu.ar\/ctcl\/wp-json\/wp\/v2\/media\/280"}],"wp:attachment":[{"href":"https:\/\/idihcs.fahce.unlp.edu.ar\/ctcl\/wp-json\/wp\/v2\/media?parent=279"}],"wp:term":[{"taxonomy":"category","embeddable":true,"href":"https:\/\/idihcs.fahce.unlp.edu.ar\/ctcl\/wp-json\/wp\/v2\/categories?post=279"}],"curies":[{"name":"wp","href":"https:\/\/api.w.org\/{rel}","templated":true}]}}