{"id":209,"date":"2018-06-26T19:29:40","date_gmt":"2018-06-26T22:29:40","guid":{"rendered":"http:\/\/163.10.30.48\/~posgrado6\/wordpress\/ctcl\/?p=209"},"modified":"2018-06-26T19:29:40","modified_gmt":"2018-06-26T22:29:40","slug":"jornadas-de-filologia-y-linguistica","status":"publish","type":"post","link":"https:\/\/idihcs.fahce.unlp.edu.ar\/ctcl\/jornadas-de-filologia-y-linguistica\/","title":{"rendered":"Jornadas de Filolog\u00eda y Ling\u00fc\u00edstica"},"content":{"rendered":"<p>Las Jornadas de Investigaci\u00f3n en el \u00e1rea de Filolog\u00eda se comenzaron a realizar en el a\u00f1o 2007 como jornadas de investigaci\u00f3n de la c\u00e1tedra de Filolog\u00eda Hisp\u00e1nica de la Carrera de Letras (FAHCE\/UNLP), cobrando mayor dimensi\u00f3n y alcance internacional en sus sucesivas ediciones<\/p>\n<p><strong>\u00daltima edici\u00f3n:\u00a0<\/strong>VII Jornadas de Filolog\u00eda y Ling\u00fc\u00edstica,\u00a021\/04\/2015\u00a0al 24\/04\/2015<\/p>\n<p><strong>Web:\u00a0<\/strong><a href=\"http:\/\/jornadasfilologiaylinguistica.fahce.unlp.edu.ar\/\" target=\"_blank\" rel=\"noopener\">http:\/\/jornadasfilologiaylinguistica.fahce.unlp.edu.ar\/<\/a><\/p>\n<div><strong>Ediciones anteriores:<\/strong><\/p>\n<ul>\n<li>Quintas y Primer Congreso de la Delegaci\u00f3n Argentina de la ALFAL, 21 al 23 de marzo de 2012<\/li>\n<li>Sextas, 7 al 9 de agosto de 2013<\/li>\n<\/ul>\n<\/div>\n","protected":false},"excerpt":{"rendered":"<p>Las Jornadas de Investigaci\u00f3n en el \u00e1rea de Filolog\u00eda se comenzaron a realizar en el a\u00f1o 2007 como jornadas de investigaci\u00f3n de la c\u00e1tedra de Filolog\u00eda Hisp\u00e1nica de la Carrera de Letras (FAHCE\/UNLP), cobrando mayor dimensi\u00f3n y alcance internacional en sus sucesivas ediciones \u00daltima edici\u00f3n:\u00a0VII Jornadas de Filolog\u00eda y Ling\u00fc\u00edstica,\u00a021\/04\/2015\u00a0al 24\/04\/2015 Web:\u00a0http:\/\/jornadasfilologiaylinguistica.fahce.unlp.edu.ar\/ Ediciones anteriores: Quintas [&hellip;]<\/p>\n","protected":false},"author":2,"featured_media":0,"comment_status":"open","ping_status":"open","sticky":false,"template":"","format":"standard","meta":{"_themeisle_gutenberg_block_has_review":false,"footnotes":""},"categories":[5],"class_list":["post-209","post","type-post","status-publish","format-standard","hentry","category-jornadas"],"acf":[],"rttpg_featured_image_url":null,"rttpg_author":{"display_name":"ggchicote","author_link":"https:\/\/idihcs.fahce.unlp.edu.ar\/ctcl\/author\/ggchicote\/"},"rttpg_comment":0,"rttpg_category":"<a href=\"https:\/\/idihcs.fahce.unlp.edu.ar\/ctcl\/category\/jornadas\/\" rel=\"category tag\">Jornadas<\/a>","rttpg_excerpt":"Las Jornadas de Investigaci\u00f3n en el \u00e1rea de Filolog\u00eda se comenzaron a realizar en el a\u00f1o 2007 como jornadas de investigaci\u00f3n de la c\u00e1tedra de Filolog\u00eda Hisp\u00e1nica de la Carrera de Letras (FAHCE\/UNLP), cobrando mayor dimensi\u00f3n y alcance internacional en sus sucesivas ediciones \u00daltima edici\u00f3n:\u00a0VII Jornadas de Filolog\u00eda y Ling\u00fc\u00edstica,\u00a021\/04\/2015\u00a0al 24\/04\/2015 Web:\u00a0http:\/\/jornadasfilologiaylinguistica.fahce.unlp.edu.ar\/ Ediciones anteriores: Quintas&hellip;","_links":{"self":[{"href":"https:\/\/idihcs.fahce.unlp.edu.ar\/ctcl\/wp-json\/wp\/v2\/posts\/209","targetHints":{"allow":["GET"]}}],"collection":[{"href":"https:\/\/idihcs.fahce.unlp.edu.ar\/ctcl\/wp-json\/wp\/v2\/posts"}],"about":[{"href":"https:\/\/idihcs.fahce.unlp.edu.ar\/ctcl\/wp-json\/wp\/v2\/types\/post"}],"author":[{"embeddable":true,"href":"https:\/\/idihcs.fahce.unlp.edu.ar\/ctcl\/wp-json\/wp\/v2\/users\/2"}],"replies":[{"embeddable":true,"href":"https:\/\/idihcs.fahce.unlp.edu.ar\/ctcl\/wp-json\/wp\/v2\/comments?post=209"}],"version-history":[{"count":1,"href":"https:\/\/idihcs.fahce.unlp.edu.ar\/ctcl\/wp-json\/wp\/v2\/posts\/209\/revisions"}],"predecessor-version":[{"id":210,"href":"https:\/\/idihcs.fahce.unlp.edu.ar\/ctcl\/wp-json\/wp\/v2\/posts\/209\/revisions\/210"}],"wp:attachment":[{"href":"https:\/\/idihcs.fahce.unlp.edu.ar\/ctcl\/wp-json\/wp\/v2\/media?parent=209"}],"wp:term":[{"taxonomy":"category","embeddable":true,"href":"https:\/\/idihcs.fahce.unlp.edu.ar\/ctcl\/wp-json\/wp\/v2\/categories?post=209"}],"curies":[{"name":"wp","href":"https:\/\/api.w.org\/{rel}","templated":true}]}}