{"id":1182,"date":"2024-10-07T16:32:41","date_gmt":"2024-10-07T19:32:41","guid":{"rendered":"https:\/\/idihcs.fahce.unlp.edu.ar\/ctcl\/?p=1182"},"modified":"2024-10-07T16:32:45","modified_gmt":"2024-10-07T19:32:45","slug":"dossier-de-la-revista-letras-de-la-uca-con-edicion-a-cargo-de-un-investigador-del-idihcs","status":"publish","type":"post","link":"https:\/\/idihcs.fahce.unlp.edu.ar\/ctcl\/dossier-de-la-revista-letras-de-la-uca-con-edicion-a-cargo-de-un-investigador-del-idihcs\/","title":{"rendered":"Dossier de la Revista Letras de la UCA con edici\u00f3n a cargo de un investigador del IdIHCS"},"content":{"rendered":"\n<h2 class=\"wp-block-heading\" id=\"h-num-89-2024-ut-pictura-poesis-vinculos-contemporaneos-entre-arte-y-literatura\">N\u00fam. 89 (2024): \u201cUt pictura poesis\u201d: v\u00ednculos contempor\u00e1neos entre arte y literatura<\/h2>\n\n\n<p><img loading=\"lazy\" decoding=\"async\" class=\"size-medium wp-image-1184 alignleft\" src=\"https:\/\/idihcs.fahce.unlp.edu.ar\/ctcl\/wp-content\/uploads\/sites\/7\/2024\/10\/cover_issue_557_es_ES-232x300.jpg\" alt=\"\" width=\"232\" height=\"300\" srcset=\"https:\/\/idihcs.fahce.unlp.edu.ar\/ctcl\/wp-content\/uploads\/sites\/7\/2024\/10\/cover_issue_557_es_ES-232x300.jpg 232w, https:\/\/idihcs.fahce.unlp.edu.ar\/ctcl\/wp-content\/uploads\/sites\/7\/2024\/10\/cover_issue_557_es_ES-791x1024.jpg 791w, https:\/\/idihcs.fahce.unlp.edu.ar\/ctcl\/wp-content\/uploads\/sites\/7\/2024\/10\/cover_issue_557_es_ES-768x994.jpg 768w, https:\/\/idihcs.fahce.unlp.edu.ar\/ctcl\/wp-content\/uploads\/sites\/7\/2024\/10\/cover_issue_557_es_ES-1187x1536.jpg 1187w, https:\/\/idihcs.fahce.unlp.edu.ar\/ctcl\/wp-content\/uploads\/sites\/7\/2024\/10\/cover_issue_557_es_ES-696x901.jpg 696w, https:\/\/idihcs.fahce.unlp.edu.ar\/ctcl\/wp-content\/uploads\/sites\/7\/2024\/10\/cover_issue_557_es_ES-1068x1382.jpg 1068w, https:\/\/idihcs.fahce.unlp.edu.ar\/ctcl\/wp-content\/uploads\/sites\/7\/2024\/10\/cover_issue_557_es_ES-325x420.jpg 325w, https:\/\/idihcs.fahce.unlp.edu.ar\/ctcl\/wp-content\/uploads\/sites\/7\/2024\/10\/cover_issue_557_es_ES.jpg 1275w\" sizes=\"auto, (max-width: 232px) 100vw, 232px\" \/><\/p>\n<div class=\"obj_issue_toc\">\n<div class=\"heading\">\n<div class=\"description\">\n<p>Edici\u00f3n a cargo de Enrique Schmukler y Mariana de Cabo.<\/p>\n<\/div>\n<div class=\"pub_id doi\"><span class=\"type\"> DOI: <\/span> <span class=\"id\"> <a href=\"https:\/\/doi.org\/10.46553\/LET.89.2024\"> https:\/\/doi.org\/10.46553\/LET.89.2024 <\/a> <\/span><\/div>\n<div class=\"published\"><span class=\"label\"> Publicado: <\/span> <span class=\"value\"> 13-09-2024 <\/span><\/div>\n<\/div>\n<div class=\"galleys\">\n<h4 id=\"issueTocGalleyLabel\">N\u00famero completo <a class=\"obj_galley_link pdf\" style=\"font-size: 18px;\" href=\"https:\/\/erevistas.uca.edu.ar\/index.php\/LET\/issue\/view\/557\/542\" aria-labelledby=\"issueTocGalleyLabel\">PDF<\/a><\/h4>\n<\/div>\n<div class=\"sections\">\n<div class=\"section\">\n<h4>Preliminares<\/h4>\n<ul class=\"cmp_article_list articles\">\n<li>\n<div class=\"obj_article_summary\">\n<h4 class=\"title\"><a id=\"article-5782\" href=\"https:\/\/erevistas.uca.edu.ar\/index.php\/LET\/article\/view\/5782\"> \u201cUt Pictura Poesis\u201d: v\u00ednculos contempor\u00e1neos entre arte y literatura <\/a><span style=\"color: initial;\"><strong>7-18<\/strong> <\/span><a class=\"obj_galley_link pdf\" href=\"https:\/\/erevistas.uca.edu.ar\/index.php\/LET\/article\/view\/5782\/6495\" aria-labelledby=\"article-5782\">PDF<\/a><\/h4>\n<p>\u00a0<\/p>\n<\/div>\n<\/li>\n<\/ul>\n<\/div>\n<div class=\"section\">\n<h4>Vanguardias latinoamericanas<\/h4>\n<ul class=\"cmp_article_list articles\">\n<li>\n<div class=\"obj_article_summary\">\n<h5 class=\"title\"><a id=\"article-5762\" href=\"https:\/\/erevistas.uca.edu.ar\/index.php\/LET\/article\/view\/5762\"> Tarsila do Amaral y Oswald de Andrade, los viajes, el libro, los dibujos <\/a>\u00a0<strong><span style=\"color: initial; font-size: 18px;\">Mario C\u00e1mara <\/span><span style=\"color: initial; font-size: 18px;\">21-37 <\/span><a class=\"obj_galley_link pdf\" style=\"font-size: 18px;\" href=\"https:\/\/erevistas.uca.edu.ar\/index.php\/LET\/article\/view\/5762\/6454\" aria-labelledby=\"article-5762\">PDF<\/a><\/strong><\/h5>\n<\/div>\n<\/li>\n<li>\n<div class=\"obj_article_summary\">\n<h5 class=\"title\"><a id=\"article-5763\" href=\"https:\/\/erevistas.uca.edu.ar\/index.php\/LET\/article\/view\/5763\"> Joaqu\u00edn Torres Garc\u00eda: el \u00e1lbum Structures de 1932 <\/a>\u00a0<strong><span style=\"color: initial; font-size: 18px;\">Jorge Schwartz <\/span><span style=\"color: initial; font-size: 18px;\">39-64 <\/span><\/strong><a class=\"obj_galley_link pdf\" style=\"font-size: 18px;\" href=\"https:\/\/erevistas.uca.edu.ar\/index.php\/LET\/article\/view\/5763\/6455\" aria-labelledby=\"article-5763\"><strong>PDF<\/strong><\/a><\/h5>\n<\/div>\n<\/li>\n<li>\n<div class=\"obj_article_summary\">\n<h5 class=\"title\"><a id=\"article-5764\" href=\"https:\/\/erevistas.uca.edu.ar\/index.php\/LET\/article\/view\/5764\"> Reflejos de vanguardia: la guerra al nervio \u00f3ptico entre Macedonio Fern\u00e1ndez y Jorge Luis Borges <\/a>\u00a0<span style=\"color: initial; font-size: 18px;\">Mariano Garc\u00eda <\/span><span style=\"color: initial; font-size: 18px;\">65-74 <\/span><a class=\"obj_galley_link pdf\" style=\"font-size: 18px;\" href=\"https:\/\/erevistas.uca.edu.ar\/index.php\/LET\/article\/view\/5764\/6458\" aria-labelledby=\"article-5764\">PDF<\/a><\/h5>\n<\/div>\n<\/li>\n<li>\n<div class=\"obj_article_summary\">\n<h5 class=\"title\"><a id=\"article-5765\" href=\"https:\/\/erevistas.uca.edu.ar\/index.php\/LET\/article\/view\/5765\"> Im\u00e1genes de la ciudad del futuro: cinco utop\u00edas argentinas (1882-1908)<\/a> <span style=\"color: initial; font-size: 18px;\">Soledad Quereilhac <\/span><span style=\"color: initial; font-size: 18px;\">75-93 <\/span><a class=\"obj_galley_link pdf\" style=\"font-size: 18px;\" href=\"https:\/\/erevistas.uca.edu.ar\/index.php\/LET\/article\/view\/5765\/6459\" aria-labelledby=\"article-5765\">PDF<\/a><\/h5>\n<\/div>\n<\/li>\n<\/ul>\n<\/div>\n<div class=\"section\">\n<h4>La mirada exterior: literatura, fotograf\u00eda y dibujo en la Europa del siglo XIX<\/h4>\n<ul class=\"cmp_article_list articles\">\n<li>\n<div class=\"obj_article_summary\">\n<h5 class=\"title\"><a id=\"article-5766\" href=\"https:\/\/erevistas.uca.edu.ar\/index.php\/LET\/article\/view\/5766\"> Fotograf\u00eda, retrato y descripci\u00f3n en la correspondencia de Arthur Rimbaud desde Abisinia <\/a><span style=\"color: initial; font-size: 18px;\">Annick Louis <\/span><span style=\"color: initial; font-size: 18px;\">97-117 <\/span><a class=\"obj_galley_link pdf\" style=\"font-size: 18px;\" href=\"https:\/\/erevistas.uca.edu.ar\/index.php\/LET\/article\/view\/5766\/6460\" aria-labelledby=\"article-5766\">PDF<\/a><\/h5>\n<\/div>\n<\/li>\n<li>\n<div class=\"obj_article_summary\">\n<h5 class=\"title\"><a id=\"article-5767\" href=\"https:\/\/erevistas.uca.edu.ar\/index.php\/LET\/article\/view\/5767\"> C\u2019est \u00e7a \/ Ce n\u2019est jamais \u00e7a: fotograf\u00eda, literatura y memoria en la obra de Gustave Flaubert <\/a><span style=\"color: initial; font-size: 18px;\">Jorge Luis Caputo <\/span><span style=\"color: initial; font-size: 18px;\">119-134 <\/span><a class=\"obj_galley_link pdf\" style=\"font-size: 18px;\" href=\"https:\/\/erevistas.uca.edu.ar\/index.php\/LET\/article\/view\/5767\/6462\" aria-labelledby=\"article-5767\">PDF<\/a><\/h5>\n<\/div>\n<\/li>\n<li>\n<div class=\"obj_article_summary\">\n<h5 class=\"title\"><a id=\"article-5768\" href=\"https:\/\/erevistas.uca.edu.ar\/index.php\/LET\/article\/view\/5768\"> Escribir la caricatura. Balzac, Dickens y la formaci\u00f3n de las po\u00e9ticas realistas <\/a><span style=\"color: initial; font-size: 18px;\">Emilio Bernini <\/span><span style=\"color: initial; font-size: 18px;\">135-149 <\/span><a class=\"obj_galley_link pdf\" style=\"font-size: 18px;\" href=\"https:\/\/erevistas.uca.edu.ar\/index.php\/LET\/article\/view\/5768\/6463\" aria-labelledby=\"article-5768\">PDF<\/a><\/h5>\n<\/div>\n<\/li>\n<\/ul>\n<\/div>\n<div class=\"section\">\n<h4>Poes\u00eda e imagen<\/h4>\n<ul class=\"cmp_article_list articles\">\n<li>\n<div class=\"obj_article_summary\">\n<h5 class=\"title\"><a id=\"article-5769\" href=\"https:\/\/erevistas.uca.edu.ar\/index.php\/LET\/article\/view\/5769\"> Girondo: la materializaci\u00f3n del ritmo <\/a>\u00a0<span style=\"color: initial; font-size: 18px;\">Jorge Monteleone <\/span><span style=\"color: initial; font-size: 18px;\">153-166 <\/span><a class=\"obj_galley_link pdf\" style=\"font-size: 18px;\" href=\"https:\/\/erevistas.uca.edu.ar\/index.php\/LET\/article\/view\/5769\/6464\" aria-labelledby=\"article-5769\">PDF<\/a><\/h5>\n<\/div>\n<\/li>\n<li>\n<div class=\"obj_article_summary\">\n<h5 class=\"title\"><a id=\"article-5770\" href=\"https:\/\/erevistas.uca.edu.ar\/index.php\/LET\/article\/view\/5770\"> Puesta en abismo para reconstruir el reino. Di\u00e1logo entre lo verbal y lo visual en Miguel \u00c1ngel Bustos <\/a><span style=\"color: initial; font-size: 18px;\">Mar\u00eda Amelia Arancet Ruda <\/span><span style=\"color: initial; font-size: 18px;\">167-189 <\/span><a class=\"obj_galley_link pdf\" style=\"font-size: 18px;\" href=\"https:\/\/erevistas.uca.edu.ar\/index.php\/LET\/article\/view\/5770\/6465\" aria-labelledby=\"article-5770\">PDF<\/a><\/h5>\n<\/div>\n<\/li>\n<li>\n<div class=\"obj_article_summary\">\n<h5 class=\"title\"><a id=\"article-5771\" href=\"https:\/\/erevistas.uca.edu.ar\/index.php\/LET\/article\/view\/5771\"> Poemas pl\u00e1sticos: literatura e imagen en la obra de dos poetas latinoamericanos contempor\u00e1neos de inspiraci\u00f3n asi\u00e1tica <\/a>\u00a0<span style=\"color: initial; font-size: 18px;\">\u00c1lvaro Fern\u00e1ndez Bravo <\/span><span style=\"color: initial; font-size: 18px;\">191-203 <\/span><a class=\"obj_galley_link pdf\" style=\"font-size: 18px;\" href=\"https:\/\/erevistas.uca.edu.ar\/index.php\/LET\/article\/view\/5771\/6466\" aria-labelledby=\"article-5771\">PDF<\/a><\/h5>\n<\/div>\n<\/li>\n<li>\n<div class=\"obj_article_summary\">\n<h5 class=\"title\"><a id=\"article-5772\" href=\"https:\/\/erevistas.uca.edu.ar\/index.php\/LET\/article\/view\/5772\"> \u201cSognando mui exil\u00e1o\u201d: Av\u00eda un r\u00edo de Gustavo Mujica y Vivian Scheihing <\/a>\u00a0<span style=\"color: initial; font-size: 18px;\">Christoph Singler <\/span><span style=\"color: initial; font-size: 18px;\">205-220 <\/span><a class=\"obj_galley_link pdf\" style=\"font-size: 18px;\" href=\"https:\/\/erevistas.uca.edu.ar\/index.php\/LET\/article\/view\/5772\/6467\" aria-labelledby=\"article-5772\">PDF<\/a><\/h5>\n<\/div>\n<\/li>\n<\/ul>\n<\/div>\n<div class=\"section\">\n<h4>Ecfr\u00e1sticas<\/h4>\n<ul class=\"cmp_article_list articles\">\n<li>\n<div class=\"obj_article_summary\">\n<h5 class=\"title\"><a id=\"article-5773\" href=\"https:\/\/erevistas.uca.edu.ar\/index.php\/LET\/article\/view\/5773\"> \u00c9cfrasis, erotismo y fin de siglo: Joris-Karl Huysmans y Gustave Moreau <\/a><span style=\"color: initial; font-size: 18px;\">Ottmar Ette <\/span><span style=\"color: initial; font-size: 18px;\">223-241 <\/span><a class=\"obj_galley_link pdf\" style=\"font-size: 18px;\" href=\"https:\/\/erevistas.uca.edu.ar\/index.php\/LET\/article\/view\/5773\/6468\" aria-labelledby=\"article-5773\">PDF<\/a><\/h5>\n<\/div>\n<\/li>\n<li>\n<div class=\"obj_article_summary\">\n<h5 class=\"title\"><a id=\"article-5774\" href=\"https:\/\/erevistas.uca.edu.ar\/index.php\/LET\/article\/view\/5774\"> Cuadros de Saer <\/a>\u00a0<span style=\"color: initial; font-size: 18px;\">Dardo Scavino <\/span><span style=\"color: initial; font-size: 18px;\">243-257 <\/span><a class=\"obj_galley_link pdf\" style=\"font-size: 18px;\" href=\"https:\/\/erevistas.uca.edu.ar\/index.php\/LET\/article\/view\/5774\/6469\" aria-labelledby=\"article-5774\">PDF<\/a><\/h5>\n<\/div>\n<\/li>\n<\/ul>\n<\/div>\n<div class=\"section\">\n<h4>Arte, literatura y archivo<\/h4>\n<ul class=\"cmp_article_list articles\">\n<li>\n<div class=\"obj_article_summary\">\n<h5 class=\"title\"><a id=\"article-5775\" href=\"https:\/\/erevistas.uca.edu.ar\/index.php\/LET\/article\/view\/5775\"> Postim\u00e1genes en la poes\u00eda intermedial de Juli\u00e1n Axat <\/a><span style=\"color: initial; font-size: 18px;\">Nibaldo Acero, Javier A. P\u00e9rez D\u00edaz <\/span><span style=\"color: initial; font-size: 18px;\">261-274 <\/span><a class=\"obj_galley_link pdf\" style=\"font-size: 18px;\" href=\"https:\/\/erevistas.uca.edu.ar\/index.php\/LET\/article\/view\/5775\/6471\" aria-labelledby=\"article-5775\">PDF<\/a><\/h5>\n<\/div>\n<\/li>\n<li>\n<div class=\"obj_article_summary\">\n<h5 class=\"title\"><a id=\"article-5776\" href=\"https:\/\/erevistas.uca.edu.ar\/index.php\/LET\/article\/view\/5776\"> Miguel \u00c1ngel Bustos y Emiliano Bustos. Po\u00e9tica de la convergencia espacial y la afectividad temporal <\/a>\u00a0<span style=\"color: initial; font-size: 18px;\">Juli\u00e1n Axat <\/span><span style=\"color: initial; font-size: 18px;\">275-290 <\/span><a class=\"obj_galley_link pdf\" style=\"font-size: 18px;\" href=\"https:\/\/erevistas.uca.edu.ar\/index.php\/LET\/article\/view\/5776\/6473\" aria-labelledby=\"article-5776\">PDF<\/a><\/h5>\n<\/div>\n<\/li>\n<li>\n<div class=\"obj_article_summary\">\n<h5 class=\"title\"><a id=\"article-5777\" href=\"https:\/\/erevistas.uca.edu.ar\/index.php\/LET\/article\/view\/5777\"> Autor\u00eda compleja: museo, archivos, laboratorio <\/a>\u00a0<span style=\"color: initial; font-size: 18px;\">Juan J. Mendoza <\/span><span style=\"color: initial; font-size: 18px;\">291-306 <\/span><a class=\"obj_galley_link pdf\" style=\"font-size: 18px;\" href=\"https:\/\/erevistas.uca.edu.ar\/index.php\/LET\/article\/view\/5777\/6474\" aria-labelledby=\"article-5777\">PDF<\/a><\/h5>\n<\/div>\n<\/li>\n<li>\n<div class=\"obj_article_summary\">\n<h5 class=\"title\"><a id=\"article-5778\" href=\"https:\/\/erevistas.uca.edu.ar\/index.php\/LET\/article\/view\/5778\"> Arcontes de pacotilla: algunas ideas sobre el concepto de archivo y Am\u00e9rica Latina <\/a>\u00a0<span style=\"color: initial; font-size: 18px;\">Guido Herzovich <\/span><span style=\"color: initial; font-size: 18px;\">307-324 <\/span><a class=\"obj_galley_link pdf\" style=\"font-size: 18px;\" href=\"https:\/\/erevistas.uca.edu.ar\/index.php\/LET\/article\/view\/5778\/6475\" aria-labelledby=\"article-5778\">PDF<\/a><\/h5>\n<\/div>\n<\/li>\n<li>\n<div class=\"obj_article_summary\">\n<h5 class=\"title\"><a id=\"article-5779\" href=\"https:\/\/erevistas.uca.edu.ar\/index.php\/LET\/article\/view\/5779\"> Temporalidad \u201cPolaroid\u201d: infancia y fotograf\u00eda en Desierto Sonoro de Valeria Luiselli <\/a>\u00a0<span style=\"color: initial; font-size: 18px;\">Mar\u00eda Jos\u00e9 Punte <\/span><span style=\"color: initial; font-size: 18px;\">325-334 <\/span><a class=\"obj_galley_link pdf\" style=\"font-size: 18px;\" href=\"https:\/\/erevistas.uca.edu.ar\/index.php\/LET\/article\/view\/5779\/6476\" aria-labelledby=\"article-5779\">PDF<\/a><\/h5>\n<\/div>\n<\/li>\n<\/ul>\n<\/div>\n<div class=\"section\">\n<h4>Rese\u00f1as<\/h4>\n<ul class=\"cmp_article_list articles\">\n<li>\n<div class=\"obj_article_summary\">\n<h4 class=\"title\"><a id=\"article-5780\" href=\"https:\/\/erevistas.uca.edu.ar\/index.php\/LET\/article\/view\/5780\"> De Diego, Jos\u00e9 Luis (dir.), 2024, \u00bfA qu\u00e9 llamamos literatura? Todas las preguntas y algunas respuestas, Buenos Aires, Fondo de Cultura Econ\u00f3mica <\/a>\u00a0<span style=\"color: initial;\">Emiliano Tavernini <\/span><span style=\"color: initial;\">337-339 <\/span><a class=\"obj_galley_link pdf\" href=\"https:\/\/erevistas.uca.edu.ar\/index.php\/LET\/article\/view\/5780\/6477\" aria-labelledby=\"article-5780\">PDF<\/a><\/h4>\n<\/div>\n<\/li>\n<li>\n<div class=\"obj_article_summary\">\n<h5 class=\"title\"><a id=\"article-5781\" href=\"https:\/\/erevistas.uca.edu.ar\/index.php\/LET\/article\/view\/5781\"> Puppo, Mar\u00eda Luc\u00eda, 2024, Con los ojos abiertos. Escrituras de lo visual en las poetas sudamericanas, Frankfurt \/ Madrid, Vervuert \/ Iberoamericana <\/a>\u00a0<span style=\"color: initial; font-size: 18px;\">Nuria Valdez Stuard <\/span><a class=\"obj_galley_link pdf\" style=\"font-size: 18px;\" href=\"https:\/\/erevistas.uca.edu.ar\/index.php\/LET\/article\/view\/5781\/6478\" aria-labelledby=\"article-5781\"> PDF<\/a><\/h5>\n<\/div>\n<\/li>\n<\/ul>\n<\/div>\n<\/div>\n<\/div>","protected":false},"excerpt":{"rendered":"<p>N\u00fam. 89 (2024): \u201cUt pictura poesis\u201d: v\u00ednculos contempor\u00e1neos entre arte y literatura Edici\u00f3n a cargo de Enrique Schmukler y Mariana de Cabo. DOI: https:\/\/doi.org\/10.46553\/LET.89.2024 Publicado: 13-09-2024 N\u00famero completo PDF Preliminares \u201cUt Pictura Poesis\u201d: v\u00ednculos contempor\u00e1neos entre arte y literatura 7-18 PDF \u00a0 Vanguardias latinoamericanas Tarsila do Amaral y Oswald de Andrade, los viajes, el libro, [&hellip;]<\/p>\n","protected":false},"author":21,"featured_media":1184,"comment_status":"closed","ping_status":"closed","sticky":false,"template":"","format":"standard","meta":{"_themeisle_gutenberg_block_has_review":false,"footnotes":""},"categories":[4],"class_list":["post-1182","post","type-post","status-publish","format-standard","has-post-thumbnail","hentry","category-novedades"],"acf":[],"rttpg_featured_image_url":{"full":["https:\/\/idihcs.fahce.unlp.edu.ar\/ctcl\/wp-content\/uploads\/sites\/7\/2024\/10\/cover_issue_557_es_ES.jpg",1275,1650,false],"landscape":["https:\/\/idihcs.fahce.unlp.edu.ar\/ctcl\/wp-content\/uploads\/sites\/7\/2024\/10\/cover_issue_557_es_ES.jpg",1275,1650,false],"portraits":["https:\/\/idihcs.fahce.unlp.edu.ar\/ctcl\/wp-content\/uploads\/sites\/7\/2024\/10\/cover_issue_557_es_ES.jpg",1275,1650,false],"thumbnail":["https:\/\/idihcs.fahce.unlp.edu.ar\/ctcl\/wp-content\/uploads\/sites\/7\/2024\/10\/cover_issue_557_es_ES-150x150.jpg",150,150,true],"medium":["https:\/\/idihcs.fahce.unlp.edu.ar\/ctcl\/wp-content\/uploads\/sites\/7\/2024\/10\/cover_issue_557_es_ES-232x300.jpg",232,300,true],"large":["https:\/\/idihcs.fahce.unlp.edu.ar\/ctcl\/wp-content\/uploads\/sites\/7\/2024\/10\/cover_issue_557_es_ES-791x1024.jpg",696,901,true],"1536x1536":["https:\/\/idihcs.fahce.unlp.edu.ar\/ctcl\/wp-content\/uploads\/sites\/7\/2024\/10\/cover_issue_557_es_ES-1187x1536.jpg",1187,1536,true],"2048x2048":["https:\/\/idihcs.fahce.unlp.edu.ar\/ctcl\/wp-content\/uploads\/sites\/7\/2024\/10\/cover_issue_557_es_ES.jpg",1275,1650,false],"td_80x60":["https:\/\/idihcs.fahce.unlp.edu.ar\/ctcl\/wp-content\/uploads\/sites\/7\/2024\/10\/cover_issue_557_es_ES-80x60.jpg",80,60,true],"td_100x70":["https:\/\/idihcs.fahce.unlp.edu.ar\/ctcl\/wp-content\/uploads\/sites\/7\/2024\/10\/cover_issue_557_es_ES-100x70.jpg",100,70,true],"td_218x150":["https:\/\/idihcs.fahce.unlp.edu.ar\/ctcl\/wp-content\/uploads\/sites\/7\/2024\/10\/cover_issue_557_es_ES-218x150.jpg",218,150,true],"td_265x198":["https:\/\/idihcs.fahce.unlp.edu.ar\/ctcl\/wp-content\/uploads\/sites\/7\/2024\/10\/cover_issue_557_es_ES-265x198.jpg",265,198,true],"td_324x160":["https:\/\/idihcs.fahce.unlp.edu.ar\/ctcl\/wp-content\/uploads\/sites\/7\/2024\/10\/cover_issue_557_es_ES-324x160.jpg",324,160,true],"td_324x235":["https:\/\/idihcs.fahce.unlp.edu.ar\/ctcl\/wp-content\/uploads\/sites\/7\/2024\/10\/cover_issue_557_es_ES-324x235.jpg",324,235,true],"td_324x400":["https:\/\/idihcs.fahce.unlp.edu.ar\/ctcl\/wp-content\/uploads\/sites\/7\/2024\/10\/cover_issue_557_es_ES-324x400.jpg",324,400,true],"td_356x220":["https:\/\/idihcs.fahce.unlp.edu.ar\/ctcl\/wp-content\/uploads\/sites\/7\/2024\/10\/cover_issue_557_es_ES-356x220.jpg",356,220,true],"td_356x364":["https:\/\/idihcs.fahce.unlp.edu.ar\/ctcl\/wp-content\/uploads\/sites\/7\/2024\/10\/cover_issue_557_es_ES-356x364.jpg",356,364,true],"td_485x360":["https:\/\/idihcs.fahce.unlp.edu.ar\/ctcl\/wp-content\/uploads\/sites\/7\/2024\/10\/cover_issue_557_es_ES-485x360.jpg",485,360,true],"td_533x261":["https:\/\/idihcs.fahce.unlp.edu.ar\/ctcl\/wp-content\/uploads\/sites\/7\/2024\/10\/cover_issue_557_es_ES-533x261.jpg",533,261,true],"td_534x462":["https:\/\/idihcs.fahce.unlp.edu.ar\/ctcl\/wp-content\/uploads\/sites\/7\/2024\/10\/cover_issue_557_es_ES-534x462.jpg",534,462,true],"td_696x0":["https:\/\/idihcs.fahce.unlp.edu.ar\/ctcl\/wp-content\/uploads\/sites\/7\/2024\/10\/cover_issue_557_es_ES-696x901.jpg",696,901,true],"td_696x385":["https:\/\/idihcs.fahce.unlp.edu.ar\/ctcl\/wp-content\/uploads\/sites\/7\/2024\/10\/cover_issue_557_es_ES-696x385.jpg",696,385,true],"td_741x486":["https:\/\/idihcs.fahce.unlp.edu.ar\/ctcl\/wp-content\/uploads\/sites\/7\/2024\/10\/cover_issue_557_es_ES-741x486.jpg",741,486,true],"td_1068x580":["https:\/\/idihcs.fahce.unlp.edu.ar\/ctcl\/wp-content\/uploads\/sites\/7\/2024\/10\/cover_issue_557_es_ES-1068x580.jpg",1068,580,true],"td_1068x0":["https:\/\/idihcs.fahce.unlp.edu.ar\/ctcl\/wp-content\/uploads\/sites\/7\/2024\/10\/cover_issue_557_es_ES-1068x1382.jpg",1068,1382,true],"td_0x420":["https:\/\/idihcs.fahce.unlp.edu.ar\/ctcl\/wp-content\/uploads\/sites\/7\/2024\/10\/cover_issue_557_es_ES-325x420.jpg",325,420,true],"td_1920x0":["https:\/\/idihcs.fahce.unlp.edu.ar\/ctcl\/wp-content\/uploads\/sites\/7\/2024\/10\/cover_issue_557_es_ES.jpg",1275,1650,false],"rt_custom":["https:\/\/idihcs.fahce.unlp.edu.ar\/ctcl\/wp-content\/uploads\/sites\/7\/2024\/10\/cover_issue_557_es_ES.jpg",1275,1650,false]},"rttpg_author":{"display_name":"psalguero","author_link":"https:\/\/idihcs.fahce.unlp.edu.ar\/ctcl\/author\/psalguero\/"},"rttpg_comment":0,"rttpg_category":"<a href=\"https:\/\/idihcs.fahce.unlp.edu.ar\/ctcl\/category\/novedades\/\" rel=\"category tag\">Novedades<\/a>","rttpg_excerpt":"N\u00fam. 89 (2024): \u201cUt pictura poesis\u201d: v\u00ednculos contempor\u00e1neos entre arte y literatura Edici\u00f3n a cargo de Enrique Schmukler y Mariana de Cabo. DOI: https:\/\/doi.org\/10.46553\/LET.89.2024 Publicado: 13-09-2024 N\u00famero completo PDF Preliminares \u201cUt Pictura Poesis\u201d: v\u00ednculos contempor\u00e1neos entre arte y literatura 7-18 PDF \u00a0 Vanguardias latinoamericanas Tarsila do Amaral y Oswald de Andrade, los viajes, el libro,&hellip;","_links":{"self":[{"href":"https:\/\/idihcs.fahce.unlp.edu.ar\/ctcl\/wp-json\/wp\/v2\/posts\/1182","targetHints":{"allow":["GET"]}}],"collection":[{"href":"https:\/\/idihcs.fahce.unlp.edu.ar\/ctcl\/wp-json\/wp\/v2\/posts"}],"about":[{"href":"https:\/\/idihcs.fahce.unlp.edu.ar\/ctcl\/wp-json\/wp\/v2\/types\/post"}],"author":[{"embeddable":true,"href":"https:\/\/idihcs.fahce.unlp.edu.ar\/ctcl\/wp-json\/wp\/v2\/users\/21"}],"replies":[{"embeddable":true,"href":"https:\/\/idihcs.fahce.unlp.edu.ar\/ctcl\/wp-json\/wp\/v2\/comments?post=1182"}],"version-history":[{"count":1,"href":"https:\/\/idihcs.fahce.unlp.edu.ar\/ctcl\/wp-json\/wp\/v2\/posts\/1182\/revisions"}],"predecessor-version":[{"id":1185,"href":"https:\/\/idihcs.fahce.unlp.edu.ar\/ctcl\/wp-json\/wp\/v2\/posts\/1182\/revisions\/1185"}],"wp:featuredmedia":[{"embeddable":true,"href":"https:\/\/idihcs.fahce.unlp.edu.ar\/ctcl\/wp-json\/wp\/v2\/media\/1184"}],"wp:attachment":[{"href":"https:\/\/idihcs.fahce.unlp.edu.ar\/ctcl\/wp-json\/wp\/v2\/media?parent=1182"}],"wp:term":[{"taxonomy":"category","embeddable":true,"href":"https:\/\/idihcs.fahce.unlp.edu.ar\/ctcl\/wp-json\/wp\/v2\/categories?post=1182"}],"curies":[{"name":"wp","href":"https:\/\/api.w.org\/{rel}","templated":true}]}}