{"id":1040,"date":"2023-06-22T14:55:51","date_gmt":"2023-06-22T17:55:51","guid":{"rendered":"https:\/\/idihcs.fahce.unlp.edu.ar\/ctcl\/?p=1040"},"modified":"2023-06-22T14:55:53","modified_gmt":"2023-06-22T17:55:53","slug":"encuentro-sobre-teatro-gallego-mujeres-y-exilio","status":"publish","type":"post","link":"https:\/\/idihcs.fahce.unlp.edu.ar\/ctcl\/encuentro-sobre-teatro-gallego-mujeres-y-exilio\/","title":{"rendered":"<strong>Encuentro sobre teatro gallego, mujeres y exilio<\/strong>"},"content":{"rendered":"\n<p>Desde el Centro de Estudios de Teor\u00eda y Cr\u00edtica Literaria y el Centro Interdisciplinario de Investigaciones en G\u00e9nero, invitamos a las conferencias de Teresa L\u00f3pez (&#8220;El teatro del exilio gallego en Buenos Aires: imaginando una Galicia recuperada&#8221;) y Diego Rivadulla Costa (&#8220;Memorias de mujeres en la dramaturgia gallega actual&#8221;), de la Universidade da Coru\u00f1a, que se ofrecer\u00e1n en el marco de un encuentro coordinado por el PID H-897 &#8211; &#8220;Memoria de migraci\u00f3n, experiencia b\u00e9lica y exilio. Espa\u00f1a y Argentina: representaciones literarias de y sobre mujeres en contextos de guerra, dictadura y destierro durante el siglo XX&#8221; (dir.\/codir.: Mariela S\u00e1nchez \/ Virginia Bonatto), el d\u00eda jueves 22 de junio a las 18 horas en el aula C-207.<\/p>\n\n\n\n<figure class=\"wp-block-image size-large is-resized\"><img loading=\"lazy\" decoding=\"async\" src=\"https:\/\/idihcs.fahce.unlp.edu.ar\/ctcl\/wp-content\/uploads\/sites\/7\/2023\/06\/Ciclo-Hable-con-ellas-01-819x1024.jpg\" alt=\"\" class=\"wp-image-1042\" width=\"581\" height=\"727\" srcset=\"https:\/\/idihcs.fahce.unlp.edu.ar\/ctcl\/wp-content\/uploads\/sites\/7\/2023\/06\/Ciclo-Hable-con-ellas-01-819x1024.jpg 819w, https:\/\/idihcs.fahce.unlp.edu.ar\/ctcl\/wp-content\/uploads\/sites\/7\/2023\/06\/Ciclo-Hable-con-ellas-01-240x300.jpg 240w, https:\/\/idihcs.fahce.unlp.edu.ar\/ctcl\/wp-content\/uploads\/sites\/7\/2023\/06\/Ciclo-Hable-con-ellas-01-768x960.jpg 768w, https:\/\/idihcs.fahce.unlp.edu.ar\/ctcl\/wp-content\/uploads\/sites\/7\/2023\/06\/Ciclo-Hable-con-ellas-01-696x870.jpg 696w, https:\/\/idihcs.fahce.unlp.edu.ar\/ctcl\/wp-content\/uploads\/sites\/7\/2023\/06\/Ciclo-Hable-con-ellas-01-1068x1335.jpg 1068w, https:\/\/idihcs.fahce.unlp.edu.ar\/ctcl\/wp-content\/uploads\/sites\/7\/2023\/06\/Ciclo-Hable-con-ellas-01-336x420.jpg 336w, https:\/\/idihcs.fahce.unlp.edu.ar\/ctcl\/wp-content\/uploads\/sites\/7\/2023\/06\/Ciclo-Hable-con-ellas-01.jpg 1080w\" sizes=\"auto, (max-width: 581px) 100vw, 581px\" \/><\/figure>\n","protected":false},"excerpt":{"rendered":"<p>Desde el Centro de Estudios de Teor\u00eda y Cr\u00edtica Literaria y el Centro Interdisciplinario de Investigaciones en G\u00e9nero, invitamos a las conferencias de Teresa L\u00f3pez (&#8220;El teatro del exilio gallego en Buenos Aires: imaginando una Galicia recuperada&#8221;) y Diego Rivadulla Costa (&#8220;Memorias de mujeres en la dramaturgia gallega actual&#8221;), de la Universidade da Coru\u00f1a, que [&hellip;]<\/p>\n","protected":false},"author":13,"featured_media":1042,"comment_status":"closed","ping_status":"closed","sticky":false,"template":"","format":"standard","meta":{"_themeisle_gutenberg_block_has_review":false,"footnotes":""},"categories":[4],"class_list":["post-1040","post","type-post","status-publish","format-standard","has-post-thumbnail","hentry","category-novedades"],"acf":[],"rttpg_featured_image_url":{"full":["https:\/\/idihcs.fahce.unlp.edu.ar\/ctcl\/wp-content\/uploads\/sites\/7\/2023\/06\/Ciclo-Hable-con-ellas-01.jpg",1080,1350,false],"landscape":["https:\/\/idihcs.fahce.unlp.edu.ar\/ctcl\/wp-content\/uploads\/sites\/7\/2023\/06\/Ciclo-Hable-con-ellas-01.jpg",1080,1350,false],"portraits":["https:\/\/idihcs.fahce.unlp.edu.ar\/ctcl\/wp-content\/uploads\/sites\/7\/2023\/06\/Ciclo-Hable-con-ellas-01.jpg",1080,1350,false],"thumbnail":["https:\/\/idihcs.fahce.unlp.edu.ar\/ctcl\/wp-content\/uploads\/sites\/7\/2023\/06\/Ciclo-Hable-con-ellas-01-150x150.jpg",150,150,true],"medium":["https:\/\/idihcs.fahce.unlp.edu.ar\/ctcl\/wp-content\/uploads\/sites\/7\/2023\/06\/Ciclo-Hable-con-ellas-01-240x300.jpg",240,300,true],"large":["https:\/\/idihcs.fahce.unlp.edu.ar\/ctcl\/wp-content\/uploads\/sites\/7\/2023\/06\/Ciclo-Hable-con-ellas-01-819x1024.jpg",696,870,true],"1536x1536":["https:\/\/idihcs.fahce.unlp.edu.ar\/ctcl\/wp-content\/uploads\/sites\/7\/2023\/06\/Ciclo-Hable-con-ellas-01.jpg",1080,1350,false],"2048x2048":["https:\/\/idihcs.fahce.unlp.edu.ar\/ctcl\/wp-content\/uploads\/sites\/7\/2023\/06\/Ciclo-Hable-con-ellas-01.jpg",1080,1350,false],"td_80x60":["https:\/\/idihcs.fahce.unlp.edu.ar\/ctcl\/wp-content\/uploads\/sites\/7\/2023\/06\/Ciclo-Hable-con-ellas-01-80x60.jpg",80,60,true],"td_100x70":["https:\/\/idihcs.fahce.unlp.edu.ar\/ctcl\/wp-content\/uploads\/sites\/7\/2023\/06\/Ciclo-Hable-con-ellas-01-100x70.jpg",100,70,true],"td_218x150":["https:\/\/idihcs.fahce.unlp.edu.ar\/ctcl\/wp-content\/uploads\/sites\/7\/2023\/06\/Ciclo-Hable-con-ellas-01-218x150.jpg",218,150,true],"td_265x198":["https:\/\/idihcs.fahce.unlp.edu.ar\/ctcl\/wp-content\/uploads\/sites\/7\/2023\/06\/Ciclo-Hable-con-ellas-01-265x198.jpg",265,198,true],"td_324x160":["https:\/\/idihcs.fahce.unlp.edu.ar\/ctcl\/wp-content\/uploads\/sites\/7\/2023\/06\/Ciclo-Hable-con-ellas-01-324x160.jpg",324,160,true],"td_324x235":["https:\/\/idihcs.fahce.unlp.edu.ar\/ctcl\/wp-content\/uploads\/sites\/7\/2023\/06\/Ciclo-Hable-con-ellas-01-324x235.jpg",324,235,true],"td_324x400":["https:\/\/idihcs.fahce.unlp.edu.ar\/ctcl\/wp-content\/uploads\/sites\/7\/2023\/06\/Ciclo-Hable-con-ellas-01-324x400.jpg",324,400,true],"td_356x220":["https:\/\/idihcs.fahce.unlp.edu.ar\/ctcl\/wp-content\/uploads\/sites\/7\/2023\/06\/Ciclo-Hable-con-ellas-01-356x220.jpg",356,220,true],"td_356x364":["https:\/\/idihcs.fahce.unlp.edu.ar\/ctcl\/wp-content\/uploads\/sites\/7\/2023\/06\/Ciclo-Hable-con-ellas-01-356x364.jpg",356,364,true],"td_485x360":["https:\/\/idihcs.fahce.unlp.edu.ar\/ctcl\/wp-content\/uploads\/sites\/7\/2023\/06\/Ciclo-Hable-con-ellas-01-485x360.jpg",485,360,true],"td_533x261":["https:\/\/idihcs.fahce.unlp.edu.ar\/ctcl\/wp-content\/uploads\/sites\/7\/2023\/06\/Ciclo-Hable-con-ellas-01-533x261.jpg",533,261,true],"td_534x462":["https:\/\/idihcs.fahce.unlp.edu.ar\/ctcl\/wp-content\/uploads\/sites\/7\/2023\/06\/Ciclo-Hable-con-ellas-01-534x462.jpg",534,462,true],"td_696x0":["https:\/\/idihcs.fahce.unlp.edu.ar\/ctcl\/wp-content\/uploads\/sites\/7\/2023\/06\/Ciclo-Hable-con-ellas-01-696x870.jpg",696,870,true],"td_696x385":["https:\/\/idihcs.fahce.unlp.edu.ar\/ctcl\/wp-content\/uploads\/sites\/7\/2023\/06\/Ciclo-Hable-con-ellas-01-696x385.jpg",696,385,true],"td_741x486":["https:\/\/idihcs.fahce.unlp.edu.ar\/ctcl\/wp-content\/uploads\/sites\/7\/2023\/06\/Ciclo-Hable-con-ellas-01-741x486.jpg",741,486,true],"td_1068x580":["https:\/\/idihcs.fahce.unlp.edu.ar\/ctcl\/wp-content\/uploads\/sites\/7\/2023\/06\/Ciclo-Hable-con-ellas-01-1068x580.jpg",1068,580,true],"td_1068x0":["https:\/\/idihcs.fahce.unlp.edu.ar\/ctcl\/wp-content\/uploads\/sites\/7\/2023\/06\/Ciclo-Hable-con-ellas-01-1068x1335.jpg",1068,1335,true],"td_0x420":["https:\/\/idihcs.fahce.unlp.edu.ar\/ctcl\/wp-content\/uploads\/sites\/7\/2023\/06\/Ciclo-Hable-con-ellas-01-336x420.jpg",336,420,true],"td_1920x0":["https:\/\/idihcs.fahce.unlp.edu.ar\/ctcl\/wp-content\/uploads\/sites\/7\/2023\/06\/Ciclo-Hable-con-ellas-01.jpg",1080,1350,false],"rt_custom":["https:\/\/idihcs.fahce.unlp.edu.ar\/ctcl\/wp-content\/uploads\/sites\/7\/2023\/06\/Ciclo-Hable-con-ellas-01.jpg",1080,1350,false]},"rttpg_author":{"display_name":"ctcl","author_link":"https:\/\/idihcs.fahce.unlp.edu.ar\/ctcl\/author\/ctcl\/"},"rttpg_comment":0,"rttpg_category":"<a href=\"https:\/\/idihcs.fahce.unlp.edu.ar\/ctcl\/category\/novedades\/\" rel=\"category tag\">Novedades<\/a>","rttpg_excerpt":"Desde el Centro de Estudios de Teor\u00eda y Cr\u00edtica Literaria y el Centro Interdisciplinario de Investigaciones en G\u00e9nero, invitamos a las conferencias de Teresa L\u00f3pez (&#8220;El teatro del exilio gallego en Buenos Aires: imaginando una Galicia recuperada&#8221;) y Diego Rivadulla Costa (&#8220;Memorias de mujeres en la dramaturgia gallega actual&#8221;), de la Universidade da Coru\u00f1a, que&hellip;","_links":{"self":[{"href":"https:\/\/idihcs.fahce.unlp.edu.ar\/ctcl\/wp-json\/wp\/v2\/posts\/1040","targetHints":{"allow":["GET"]}}],"collection":[{"href":"https:\/\/idihcs.fahce.unlp.edu.ar\/ctcl\/wp-json\/wp\/v2\/posts"}],"about":[{"href":"https:\/\/idihcs.fahce.unlp.edu.ar\/ctcl\/wp-json\/wp\/v2\/types\/post"}],"author":[{"embeddable":true,"href":"https:\/\/idihcs.fahce.unlp.edu.ar\/ctcl\/wp-json\/wp\/v2\/users\/13"}],"replies":[{"embeddable":true,"href":"https:\/\/idihcs.fahce.unlp.edu.ar\/ctcl\/wp-json\/wp\/v2\/comments?post=1040"}],"version-history":[{"count":1,"href":"https:\/\/idihcs.fahce.unlp.edu.ar\/ctcl\/wp-json\/wp\/v2\/posts\/1040\/revisions"}],"predecessor-version":[{"id":1043,"href":"https:\/\/idihcs.fahce.unlp.edu.ar\/ctcl\/wp-json\/wp\/v2\/posts\/1040\/revisions\/1043"}],"wp:featuredmedia":[{"embeddable":true,"href":"https:\/\/idihcs.fahce.unlp.edu.ar\/ctcl\/wp-json\/wp\/v2\/media\/1042"}],"wp:attachment":[{"href":"https:\/\/idihcs.fahce.unlp.edu.ar\/ctcl\/wp-json\/wp\/v2\/media?parent=1040"}],"wp:term":[{"taxonomy":"category","embeddable":true,"href":"https:\/\/idihcs.fahce.unlp.edu.ar\/ctcl\/wp-json\/wp\/v2\/categories?post=1040"}],"curies":[{"name":"wp","href":"https:\/\/api.w.org\/{rel}","templated":true}]}}