{"id":1012,"date":"2023-04-20T14:54:53","date_gmt":"2023-04-20T17:54:53","guid":{"rendered":"https:\/\/idihcs.fahce.unlp.edu.ar\/ctcl\/?p=1012"},"modified":"2023-04-20T14:55:38","modified_gmt":"2023-04-20T17:55:38","slug":"conversatorio-narrar-la-violencia-politica-en-la-literatura-argentina","status":"publish","type":"post","link":"https:\/\/idihcs.fahce.unlp.edu.ar\/ctcl\/conversatorio-narrar-la-violencia-politica-en-la-literatura-argentina\/","title":{"rendered":"Conversatorio Narrar la violencia pol\u00edtica en la literatura argentina"},"content":{"rendered":"<div class=\"wp-block-image\">\n<figure class=\"aligncenter size-large is-resized\"><img loading=\"lazy\" decoding=\"async\" src=\"https:\/\/idihcs.fahce.unlp.edu.ar\/ctcl\/wp-content\/uploads\/sites\/7\/2023\/04\/Narrar-la-violencia-politica_Mesa-de-trabajo-3--820x1024.jpg\" alt=\"\" class=\"wp-image-1013\" width=\"488\" height=\"609\" srcset=\"https:\/\/idihcs.fahce.unlp.edu.ar\/ctcl\/wp-content\/uploads\/sites\/7\/2023\/04\/Narrar-la-violencia-politica_Mesa-de-trabajo-3--820x1024.jpg 820w, https:\/\/idihcs.fahce.unlp.edu.ar\/ctcl\/wp-content\/uploads\/sites\/7\/2023\/04\/Narrar-la-violencia-politica_Mesa-de-trabajo-3--240x300.jpg 240w, https:\/\/idihcs.fahce.unlp.edu.ar\/ctcl\/wp-content\/uploads\/sites\/7\/2023\/04\/Narrar-la-violencia-politica_Mesa-de-trabajo-3--768x959.jpg 768w, https:\/\/idihcs.fahce.unlp.edu.ar\/ctcl\/wp-content\/uploads\/sites\/7\/2023\/04\/Narrar-la-violencia-politica_Mesa-de-trabajo-3--1230x1536.jpg 1230w, https:\/\/idihcs.fahce.unlp.edu.ar\/ctcl\/wp-content\/uploads\/sites\/7\/2023\/04\/Narrar-la-violencia-politica_Mesa-de-trabajo-3--1640x2048.jpg 1640w, https:\/\/idihcs.fahce.unlp.edu.ar\/ctcl\/wp-content\/uploads\/sites\/7\/2023\/04\/Narrar-la-violencia-politica_Mesa-de-trabajo-3--696x869.jpg 696w, https:\/\/idihcs.fahce.unlp.edu.ar\/ctcl\/wp-content\/uploads\/sites\/7\/2023\/04\/Narrar-la-violencia-politica_Mesa-de-trabajo-3--1068x1333.jpg 1068w, https:\/\/idihcs.fahce.unlp.edu.ar\/ctcl\/wp-content\/uploads\/sites\/7\/2023\/04\/Narrar-la-violencia-politica_Mesa-de-trabajo-3--336x420.jpg 336w, https:\/\/idihcs.fahce.unlp.edu.ar\/ctcl\/wp-content\/uploads\/sites\/7\/2023\/04\/Narrar-la-violencia-politica_Mesa-de-trabajo-3--1920x2397.jpg 1920w\" sizes=\"auto, (max-width: 488px) 100vw, 488px\" \/><figcaption class=\"wp-element-caption\">El Centro de Teor\u00eda y Cr\u00edtica Literaria (CTCL-IdIHCS-CONICET) y las C\u00e1tedras de Literatura latinoamericana I y II invitan al Conversatorio \u201cNarrar la violencia pol\u00edtica en la literatura argentina\u201d, que tendr\u00e1 lugar el 24 de abril 18.15 hs en la Biblioteca Guillermo Obiols (FaHCE-UNLP). Participan Nancy Fern\u00e1ndez (Universidad Nacional de Mar del Plata), Edgardo Berg (Universidad Nacional de Mar del Plata), Ana Mar\u00eda Amar S\u00e1nchez (Universidad de California-Irvine) y Miriam Chiani (Universidad Nacional de La Plata).<br><br><br><\/figcaption><\/figure>\n<\/div>","protected":false},"excerpt":{"rendered":"","protected":false},"author":13,"featured_media":1013,"comment_status":"closed","ping_status":"closed","sticky":false,"template":"","format":"standard","meta":{"_themeisle_gutenberg_block_has_review":false,"footnotes":""},"categories":[4],"class_list":["post-1012","post","type-post","status-publish","format-standard","has-post-thumbnail","hentry","category-novedades"],"acf":[],"rttpg_featured_image_url":{"full":["https:\/\/idihcs.fahce.unlp.edu.ar\/ctcl\/wp-content\/uploads\/sites\/7\/2023\/04\/Narrar-la-violencia-politica_Mesa-de-trabajo-3--scaled.jpg",2051,2560,false],"landscape":["https:\/\/idihcs.fahce.unlp.edu.ar\/ctcl\/wp-content\/uploads\/sites\/7\/2023\/04\/Narrar-la-violencia-politica_Mesa-de-trabajo-3--scaled.jpg",2051,2560,false],"portraits":["https:\/\/idihcs.fahce.unlp.edu.ar\/ctcl\/wp-content\/uploads\/sites\/7\/2023\/04\/Narrar-la-violencia-politica_Mesa-de-trabajo-3--scaled.jpg",2051,2560,false],"thumbnail":["https:\/\/idihcs.fahce.unlp.edu.ar\/ctcl\/wp-content\/uploads\/sites\/7\/2023\/04\/Narrar-la-violencia-politica_Mesa-de-trabajo-3--150x150.jpg",150,150,true],"medium":["https:\/\/idihcs.fahce.unlp.edu.ar\/ctcl\/wp-content\/uploads\/sites\/7\/2023\/04\/Narrar-la-violencia-politica_Mesa-de-trabajo-3--240x300.jpg",240,300,true],"large":["https:\/\/idihcs.fahce.unlp.edu.ar\/ctcl\/wp-content\/uploads\/sites\/7\/2023\/04\/Narrar-la-violencia-politica_Mesa-de-trabajo-3--820x1024.jpg",696,869,true],"1536x1536":["https:\/\/idihcs.fahce.unlp.edu.ar\/ctcl\/wp-content\/uploads\/sites\/7\/2023\/04\/Narrar-la-violencia-politica_Mesa-de-trabajo-3--1230x1536.jpg",1230,1536,true],"2048x2048":["https:\/\/idihcs.fahce.unlp.edu.ar\/ctcl\/wp-content\/uploads\/sites\/7\/2023\/04\/Narrar-la-violencia-politica_Mesa-de-trabajo-3--1640x2048.jpg",1640,2048,true],"td_80x60":["https:\/\/idihcs.fahce.unlp.edu.ar\/ctcl\/wp-content\/uploads\/sites\/7\/2023\/04\/Narrar-la-violencia-politica_Mesa-de-trabajo-3--80x60.jpg",80,60,true],"td_100x70":["https:\/\/idihcs.fahce.unlp.edu.ar\/ctcl\/wp-content\/uploads\/sites\/7\/2023\/04\/Narrar-la-violencia-politica_Mesa-de-trabajo-3--100x70.jpg",100,70,true],"td_218x150":["https:\/\/idihcs.fahce.unlp.edu.ar\/ctcl\/wp-content\/uploads\/sites\/7\/2023\/04\/Narrar-la-violencia-politica_Mesa-de-trabajo-3--218x150.jpg",218,150,true],"td_265x198":["https:\/\/idihcs.fahce.unlp.edu.ar\/ctcl\/wp-content\/uploads\/sites\/7\/2023\/04\/Narrar-la-violencia-politica_Mesa-de-trabajo-3--265x198.jpg",265,198,true],"td_324x160":["https:\/\/idihcs.fahce.unlp.edu.ar\/ctcl\/wp-content\/uploads\/sites\/7\/2023\/04\/Narrar-la-violencia-politica_Mesa-de-trabajo-3--324x160.jpg",324,160,true],"td_324x235":["https:\/\/idihcs.fahce.unlp.edu.ar\/ctcl\/wp-content\/uploads\/sites\/7\/2023\/04\/Narrar-la-violencia-politica_Mesa-de-trabajo-3--324x235.jpg",324,235,true],"td_324x400":["https:\/\/idihcs.fahce.unlp.edu.ar\/ctcl\/wp-content\/uploads\/sites\/7\/2023\/04\/Narrar-la-violencia-politica_Mesa-de-trabajo-3--324x400.jpg",324,400,true],"td_356x220":["https:\/\/idihcs.fahce.unlp.edu.ar\/ctcl\/wp-content\/uploads\/sites\/7\/2023\/04\/Narrar-la-violencia-politica_Mesa-de-trabajo-3--356x220.jpg",356,220,true],"td_356x364":["https:\/\/idihcs.fahce.unlp.edu.ar\/ctcl\/wp-content\/uploads\/sites\/7\/2023\/04\/Narrar-la-violencia-politica_Mesa-de-trabajo-3--356x364.jpg",356,364,true],"td_485x360":["https:\/\/idihcs.fahce.unlp.edu.ar\/ctcl\/wp-content\/uploads\/sites\/7\/2023\/04\/Narrar-la-violencia-politica_Mesa-de-trabajo-3--485x360.jpg",485,360,true],"td_533x261":["https:\/\/idihcs.fahce.unlp.edu.ar\/ctcl\/wp-content\/uploads\/sites\/7\/2023\/04\/Narrar-la-violencia-politica_Mesa-de-trabajo-3--533x261.jpg",533,261,true],"td_534x462":["https:\/\/idihcs.fahce.unlp.edu.ar\/ctcl\/wp-content\/uploads\/sites\/7\/2023\/04\/Narrar-la-violencia-politica_Mesa-de-trabajo-3--534x462.jpg",534,462,true],"td_696x0":["https:\/\/idihcs.fahce.unlp.edu.ar\/ctcl\/wp-content\/uploads\/sites\/7\/2023\/04\/Narrar-la-violencia-politica_Mesa-de-trabajo-3--696x869.jpg",696,869,true],"td_696x385":["https:\/\/idihcs.fahce.unlp.edu.ar\/ctcl\/wp-content\/uploads\/sites\/7\/2023\/04\/Narrar-la-violencia-politica_Mesa-de-trabajo-3--696x385.jpg",696,385,true],"td_741x486":["https:\/\/idihcs.fahce.unlp.edu.ar\/ctcl\/wp-content\/uploads\/sites\/7\/2023\/04\/Narrar-la-violencia-politica_Mesa-de-trabajo-3--741x486.jpg",741,486,true],"td_1068x580":["https:\/\/idihcs.fahce.unlp.edu.ar\/ctcl\/wp-content\/uploads\/sites\/7\/2023\/04\/Narrar-la-violencia-politica_Mesa-de-trabajo-3--1068x580.jpg",1068,580,true],"td_1068x0":["https:\/\/idihcs.fahce.unlp.edu.ar\/ctcl\/wp-content\/uploads\/sites\/7\/2023\/04\/Narrar-la-violencia-politica_Mesa-de-trabajo-3--1068x1333.jpg",1068,1333,true],"td_0x420":["https:\/\/idihcs.fahce.unlp.edu.ar\/ctcl\/wp-content\/uploads\/sites\/7\/2023\/04\/Narrar-la-violencia-politica_Mesa-de-trabajo-3--336x420.jpg",336,420,true],"td_1920x0":["https:\/\/idihcs.fahce.unlp.edu.ar\/ctcl\/wp-content\/uploads\/sites\/7\/2023\/04\/Narrar-la-violencia-politica_Mesa-de-trabajo-3--1920x2397.jpg",1920,2397,true],"rt_custom":["https:\/\/idihcs.fahce.unlp.edu.ar\/ctcl\/wp-content\/uploads\/sites\/7\/2023\/04\/Narrar-la-violencia-politica_Mesa-de-trabajo-3--scaled.jpg",2051,2560,false]},"rttpg_author":{"display_name":"ctcl","author_link":"https:\/\/idihcs.fahce.unlp.edu.ar\/ctcl\/author\/ctcl\/"},"rttpg_comment":0,"rttpg_category":"<a href=\"https:\/\/idihcs.fahce.unlp.edu.ar\/ctcl\/category\/novedades\/\" rel=\"category tag\">Novedades<\/a>","rttpg_excerpt":null,"_links":{"self":[{"href":"https:\/\/idihcs.fahce.unlp.edu.ar\/ctcl\/wp-json\/wp\/v2\/posts\/1012","targetHints":{"allow":["GET"]}}],"collection":[{"href":"https:\/\/idihcs.fahce.unlp.edu.ar\/ctcl\/wp-json\/wp\/v2\/posts"}],"about":[{"href":"https:\/\/idihcs.fahce.unlp.edu.ar\/ctcl\/wp-json\/wp\/v2\/types\/post"}],"author":[{"embeddable":true,"href":"https:\/\/idihcs.fahce.unlp.edu.ar\/ctcl\/wp-json\/wp\/v2\/users\/13"}],"replies":[{"embeddable":true,"href":"https:\/\/idihcs.fahce.unlp.edu.ar\/ctcl\/wp-json\/wp\/v2\/comments?post=1012"}],"version-history":[{"count":2,"href":"https:\/\/idihcs.fahce.unlp.edu.ar\/ctcl\/wp-json\/wp\/v2\/posts\/1012\/revisions"}],"predecessor-version":[{"id":1015,"href":"https:\/\/idihcs.fahce.unlp.edu.ar\/ctcl\/wp-json\/wp\/v2\/posts\/1012\/revisions\/1015"}],"wp:featuredmedia":[{"embeddable":true,"href":"https:\/\/idihcs.fahce.unlp.edu.ar\/ctcl\/wp-json\/wp\/v2\/media\/1013"}],"wp:attachment":[{"href":"https:\/\/idihcs.fahce.unlp.edu.ar\/ctcl\/wp-json\/wp\/v2\/media?parent=1012"}],"wp:term":[{"taxonomy":"category","embeddable":true,"href":"https:\/\/idihcs.fahce.unlp.edu.ar\/ctcl\/wp-json\/wp\/v2\/categories?post=1012"}],"curies":[{"name":"wp","href":"https:\/\/api.w.org\/{rel}","templated":true}]}}