{"id":546,"date":"2024-11-28T10:26:58","date_gmt":"2024-11-28T13:26:58","guid":{"rendered":"https:\/\/idihcs.fahce.unlp.edu.ar\/cish\/?p=546"},"modified":"2024-11-29T15:44:19","modified_gmt":"2024-11-29T18:44:19","slug":"el-foro-de-pensamiento-latinoamericano-premia-al-equipo-de-investigacion-en-la-cuestion-malvinas-edicma","status":"publish","type":"post","link":"https:\/\/idihcs.fahce.unlp.edu.ar\/cish\/el-foro-de-pensamiento-latinoamericano-premia-al-equipo-de-investigacion-en-la-cuestion-malvinas-edicma\/","title":{"rendered":"El Equipo de Investigaci\u00f3n de la Cuesti\u00f3n Malvinas recibi\u00f3 el Premio del Pensamiento Nacional"},"content":{"rendered":"\n<hr class=\"wp-block-separator has-alpha-channel-opacity\"\/>\n\n\n<div class=\"wp-block-image\">\n<figure class=\"aligncenter size-large is-resized\"><img loading=\"lazy\" decoding=\"async\" width=\"1024\" height=\"577\" src=\"https:\/\/idihcs.fahce.unlp.edu.ar\/cish\/wp-content\/uploads\/sites\/14\/2024\/11\/EdICMa-Certificado-del-Premio-del-Pensamiento-Nacional-1024x577.jpeg\" alt=\"\" class=\"wp-image-549\" style=\"width:672px;height:auto\" srcset=\"https:\/\/idihcs.fahce.unlp.edu.ar\/cish\/wp-content\/uploads\/sites\/14\/2024\/11\/EdICMa-Certificado-del-Premio-del-Pensamiento-Nacional-1024x577.jpeg 1024w, https:\/\/idihcs.fahce.unlp.edu.ar\/cish\/wp-content\/uploads\/sites\/14\/2024\/11\/EdICMa-Certificado-del-Premio-del-Pensamiento-Nacional-300x169.jpeg 300w, https:\/\/idihcs.fahce.unlp.edu.ar\/cish\/wp-content\/uploads\/sites\/14\/2024\/11\/EdICMa-Certificado-del-Premio-del-Pensamiento-Nacional-768x433.jpeg 768w, https:\/\/idihcs.fahce.unlp.edu.ar\/cish\/wp-content\/uploads\/sites\/14\/2024\/11\/EdICMa-Certificado-del-Premio-del-Pensamiento-Nacional-696x392.jpeg 696w, https:\/\/idihcs.fahce.unlp.edu.ar\/cish\/wp-content\/uploads\/sites\/14\/2024\/11\/EdICMa-Certificado-del-Premio-del-Pensamiento-Nacional-1068x602.jpeg 1068w, https:\/\/idihcs.fahce.unlp.edu.ar\/cish\/wp-content\/uploads\/sites\/14\/2024\/11\/EdICMa-Certificado-del-Premio-del-Pensamiento-Nacional-745x420.jpeg 745w, https:\/\/idihcs.fahce.unlp.edu.ar\/cish\/wp-content\/uploads\/sites\/14\/2024\/11\/EdICMa-Certificado-del-Premio-del-Pensamiento-Nacional.jpeg 1080w\" sizes=\"auto, (max-width: 1024px) 100vw, 1024px\" \/><\/figure>\n<\/div>\n\n\n<hr class=\"wp-block-separator has-alpha-channel-opacity\"\/>\n\n\n<div><img loading=\"lazy\" decoding=\"async\" class=\"wp-image-548 alignleft\" src=\"https:\/\/idihcs.fahce.unlp.edu.ar\/cish\/wp-content\/uploads\/sites\/14\/2024\/11\/EdICMa-Premio-1-1-300x235.jpeg\" alt=\"\" width=\"366\" height=\"287\" srcset=\"https:\/\/idihcs.fahce.unlp.edu.ar\/cish\/wp-content\/uploads\/sites\/14\/2024\/11\/EdICMa-Premio-1-1-300x235.jpeg 300w, https:\/\/idihcs.fahce.unlp.edu.ar\/cish\/wp-content\/uploads\/sites\/14\/2024\/11\/EdICMa-Premio-1-1-1024x802.jpeg 1024w, https:\/\/idihcs.fahce.unlp.edu.ar\/cish\/wp-content\/uploads\/sites\/14\/2024\/11\/EdICMa-Premio-1-1-768x602.jpeg 768w, https:\/\/idihcs.fahce.unlp.edu.ar\/cish\/wp-content\/uploads\/sites\/14\/2024\/11\/EdICMa-Premio-1-1-696x545.jpeg 696w, https:\/\/idihcs.fahce.unlp.edu.ar\/cish\/wp-content\/uploads\/sites\/14\/2024\/11\/EdICMa-Premio-1-1-1068x837.jpeg 1068w, https:\/\/idihcs.fahce.unlp.edu.ar\/cish\/wp-content\/uploads\/sites\/14\/2024\/11\/EdICMa-Premio-1-1-536x420.jpeg 536w, https:\/\/idihcs.fahce.unlp.edu.ar\/cish\/wp-content\/uploads\/sites\/14\/2024\/11\/EdICMa-Premio-1-1.jpeg 1280w\" sizes=\"auto, (max-width: 366px) 100vw, 366px\" \/>\n<p>El pasado 21 de noviembre, en la Federaci\u00f3n Gr\u00e1fica Bonaerense, el Equipo de Investigaci\u00f3n de la Cuesti\u00f3n Malvinas (EdICMa), que impulsa el Grupo de Estudios &#8220;Colectivo de Estudios, Divulgaci\u00f3n e Investigaci\u00f3n de la Cuesti\u00f3n Malvinas&#8221; (CEDICMa) del Centro de Investigaciones Socio-Hist\u00f3ricas, recibi\u00f3 el Premio del Pensamiento Nacional en la categor\u00eda &#8220;Constructores de Comunidad&#8221;.<\/p>\n<p>La elecci\u00f3n se realiz\u00f3 por el voto de los distintos espacios, redes, equipos y c\u00e1tedras de todo el pa\u00eds que conforman el <a href=\"https:\/\/forodelpnl.wixsite.com\/foro-del-pensamiento\" target=\"_blank\" rel=\"noopener\">Foro del Pensamiento Nacional Latinoamericano<\/a>. Se trata de un reconocimiento a la trayectoria por estos diez a\u00f1os de trabajo acad\u00e9mico y colectivo en torno a la Cuesti\u00f3n Malvinas Ant\u00e1rtida y Atl\u00e1ntico Sur.<\/p>\n<p>El equipo agradeci\u00f3 especialmente a Ana Barletta, An\u00edbal Viguera, Andrea Varela, Marcos Actis, Guillermo Carmona y Carla Morasso, entre otros. Tambi\u00e9n a Pablo Bonavena y a Rosana Guber por todo el apoyo y el acompa\u00f1amiento brindado desde el principio.<\/p>\n<p><iframe loading=\"lazy\" src=\"\/\/www.youtube.com\/embed\/67fhHaYVBC0\" width=\"560\" height=\"314\" allowfullscreen=\"allowfullscreen\"><\/iframe><\/p>\n<\/div>\n\n\n<p><\/p>\n\n\n\n<p><strong>Acceso al discurso completo:&nbsp;<a href=\"https:\/\/youtu.be\/67fhHaYVBC0\" target=\"_blank\" rel=\"noreferrer noopener\">https:\/\/youtu.be\/67fhHaYVBC0<\/a>&nbsp;<\/strong><\/p>\n\n\n\n<p><\/p>\n","protected":false},"excerpt":{"rendered":"<p>El pasado 21 de noviembre, en la Federaci\u00f3n Gr\u00e1fica Bonaerense, el Equipo de Investigaci\u00f3n de la Cuesti\u00f3n Malvinas (EdICMa), que impulsa el Grupo de Estudios &#8220;Colectivo de Estudios, Divulgaci\u00f3n e Investigaci\u00f3n de la Cuesti\u00f3n Malvinas&#8221; (CEDICMa) del Centro de Investigaciones Socio-Hist\u00f3ricas, recibi\u00f3 el Premio del Pensamiento Nacional en la categor\u00eda &#8220;Constructores de Comunidad&#8221;. La elecci\u00f3n [&hellip;]<\/p>\n","protected":false},"author":5,"featured_media":548,"comment_status":"closed","ping_status":"closed","sticky":false,"template":"","format":"standard","meta":{"_themeisle_gutenberg_block_has_review":false,"footnotes":""},"categories":[14,4],"class_list":["post-546","post","type-post","status-publish","format-standard","has-post-thumbnail","hentry","category-cedicma","category-novedades"],"acf":[],"rttpg_featured_image_url":{"full":["https:\/\/idihcs.fahce.unlp.edu.ar\/cish\/wp-content\/uploads\/sites\/14\/2024\/11\/EdICMa-Premio-1-1.jpeg",1280,1003,false],"landscape":["https:\/\/idihcs.fahce.unlp.edu.ar\/cish\/wp-content\/uploads\/sites\/14\/2024\/11\/EdICMa-Premio-1-1.jpeg",1280,1003,false],"portraits":["https:\/\/idihcs.fahce.unlp.edu.ar\/cish\/wp-content\/uploads\/sites\/14\/2024\/11\/EdICMa-Premio-1-1.jpeg",1280,1003,false],"thumbnail":["https:\/\/idihcs.fahce.unlp.edu.ar\/cish\/wp-content\/uploads\/sites\/14\/2024\/11\/EdICMa-Premio-1-1-150x150.jpeg",150,150,true],"medium":["https:\/\/idihcs.fahce.unlp.edu.ar\/cish\/wp-content\/uploads\/sites\/14\/2024\/11\/EdICMa-Premio-1-1-300x235.jpeg",300,235,true],"large":["https:\/\/idihcs.fahce.unlp.edu.ar\/cish\/wp-content\/uploads\/sites\/14\/2024\/11\/EdICMa-Premio-1-1-1024x802.jpeg",696,545,true],"1536x1536":["https:\/\/idihcs.fahce.unlp.edu.ar\/cish\/wp-content\/uploads\/sites\/14\/2024\/11\/EdICMa-Premio-1-1.jpeg",1280,1003,false],"2048x2048":["https:\/\/idihcs.fahce.unlp.edu.ar\/cish\/wp-content\/uploads\/sites\/14\/2024\/11\/EdICMa-Premio-1-1.jpeg",1280,1003,false],"td_80x60":["https:\/\/idihcs.fahce.unlp.edu.ar\/cish\/wp-content\/uploads\/sites\/14\/2024\/11\/EdICMa-Premio-1-1-80x60.jpeg",80,60,true],"td_100x70":["https:\/\/idihcs.fahce.unlp.edu.ar\/cish\/wp-content\/uploads\/sites\/14\/2024\/11\/EdICMa-Premio-1-1-100x70.jpeg",100,70,true],"td_218x150":["https:\/\/idihcs.fahce.unlp.edu.ar\/cish\/wp-content\/uploads\/sites\/14\/2024\/11\/EdICMa-Premio-1-1-218x150.jpeg",218,150,true],"td_265x198":["https:\/\/idihcs.fahce.unlp.edu.ar\/cish\/wp-content\/uploads\/sites\/14\/2024\/11\/EdICMa-Premio-1-1-265x198.jpeg",265,198,true],"td_324x160":["https:\/\/idihcs.fahce.unlp.edu.ar\/cish\/wp-content\/uploads\/sites\/14\/2024\/11\/EdICMa-Premio-1-1-324x160.jpeg",324,160,true],"td_324x235":["https:\/\/idihcs.fahce.unlp.edu.ar\/cish\/wp-content\/uploads\/sites\/14\/2024\/11\/EdICMa-Premio-1-1-324x235.jpeg",324,235,true],"td_324x400":["https:\/\/idihcs.fahce.unlp.edu.ar\/cish\/wp-content\/uploads\/sites\/14\/2024\/11\/EdICMa-Premio-1-1-324x400.jpeg",324,400,true],"td_356x220":["https:\/\/idihcs.fahce.unlp.edu.ar\/cish\/wp-content\/uploads\/sites\/14\/2024\/11\/EdICMa-Premio-1-1-356x220.jpeg",356,220,true],"td_356x364":["https:\/\/idihcs.fahce.unlp.edu.ar\/cish\/wp-content\/uploads\/sites\/14\/2024\/11\/EdICMa-Premio-1-1-356x364.jpeg",356,364,true],"td_485x360":["https:\/\/idihcs.fahce.unlp.edu.ar\/cish\/wp-content\/uploads\/sites\/14\/2024\/11\/EdICMa-Premio-1-1-485x360.jpeg",485,360,true],"td_533x261":["https:\/\/idihcs.fahce.unlp.edu.ar\/cish\/wp-content\/uploads\/sites\/14\/2024\/11\/EdICMa-Premio-1-1-533x261.jpeg",533,261,true],"td_534x462":["https:\/\/idihcs.fahce.unlp.edu.ar\/cish\/wp-content\/uploads\/sites\/14\/2024\/11\/EdICMa-Premio-1-1-534x462.jpeg",534,462,true],"td_696x0":["https:\/\/idihcs.fahce.unlp.edu.ar\/cish\/wp-content\/uploads\/sites\/14\/2024\/11\/EdICMa-Premio-1-1-696x545.jpeg",696,545,true],"td_696x385":["https:\/\/idihcs.fahce.unlp.edu.ar\/cish\/wp-content\/uploads\/sites\/14\/2024\/11\/EdICMa-Premio-1-1-696x385.jpeg",696,385,true],"td_741x486":["https:\/\/idihcs.fahce.unlp.edu.ar\/cish\/wp-content\/uploads\/sites\/14\/2024\/11\/EdICMa-Premio-1-1-741x486.jpeg",741,486,true],"td_1068x580":["https:\/\/idihcs.fahce.unlp.edu.ar\/cish\/wp-content\/uploads\/sites\/14\/2024\/11\/EdICMa-Premio-1-1-1068x580.jpeg",1068,580,true],"td_1068x0":["https:\/\/idihcs.fahce.unlp.edu.ar\/cish\/wp-content\/uploads\/sites\/14\/2024\/11\/EdICMa-Premio-1-1-1068x837.jpeg",1068,837,true],"td_0x420":["https:\/\/idihcs.fahce.unlp.edu.ar\/cish\/wp-content\/uploads\/sites\/14\/2024\/11\/EdICMa-Premio-1-1-536x420.jpeg",536,420,true],"td_1920x0":["https:\/\/idihcs.fahce.unlp.edu.ar\/cish\/wp-content\/uploads\/sites\/14\/2024\/11\/EdICMa-Premio-1-1.jpeg",1280,1003,false],"rt_custom":["https:\/\/idihcs.fahce.unlp.edu.ar\/cish\/wp-content\/uploads\/sites\/14\/2024\/11\/EdICMa-Premio-1-1.jpeg",1280,1003,false]},"rttpg_author":{"display_name":"cish","author_link":"https:\/\/idihcs.fahce.unlp.edu.ar\/cish\/author\/cish\/"},"rttpg_comment":0,"rttpg_category":"<a href=\"https:\/\/idihcs.fahce.unlp.edu.ar\/cish\/category\/cedicma\/\" rel=\"category tag\">CEDICMa<\/a> <a href=\"https:\/\/idihcs.fahce.unlp.edu.ar\/cish\/category\/novedades\/\" rel=\"category tag\">Novedades<\/a>","rttpg_excerpt":"El pasado 21 de noviembre, en la Federaci\u00f3n Gr\u00e1fica Bonaerense, el Equipo de Investigaci\u00f3n de la Cuesti\u00f3n Malvinas (EdICMa), que impulsa el Grupo de Estudios &#8220;Colectivo de Estudios, Divulgaci\u00f3n e Investigaci\u00f3n de la Cuesti\u00f3n Malvinas&#8221; (CEDICMa) del Centro de Investigaciones Socio-Hist\u00f3ricas, recibi\u00f3 el Premio del Pensamiento Nacional en la categor\u00eda &#8220;Constructores de Comunidad&#8221;. La elecci\u00f3n&hellip;","_links":{"self":[{"href":"https:\/\/idihcs.fahce.unlp.edu.ar\/cish\/wp-json\/wp\/v2\/posts\/546","targetHints":{"allow":["GET"]}}],"collection":[{"href":"https:\/\/idihcs.fahce.unlp.edu.ar\/cish\/wp-json\/wp\/v2\/posts"}],"about":[{"href":"https:\/\/idihcs.fahce.unlp.edu.ar\/cish\/wp-json\/wp\/v2\/types\/post"}],"author":[{"embeddable":true,"href":"https:\/\/idihcs.fahce.unlp.edu.ar\/cish\/wp-json\/wp\/v2\/users\/5"}],"replies":[{"embeddable":true,"href":"https:\/\/idihcs.fahce.unlp.edu.ar\/cish\/wp-json\/wp\/v2\/comments?post=546"}],"version-history":[{"count":6,"href":"https:\/\/idihcs.fahce.unlp.edu.ar\/cish\/wp-json\/wp\/v2\/posts\/546\/revisions"}],"predecessor-version":[{"id":583,"href":"https:\/\/idihcs.fahce.unlp.edu.ar\/cish\/wp-json\/wp\/v2\/posts\/546\/revisions\/583"}],"wp:featuredmedia":[{"embeddable":true,"href":"https:\/\/idihcs.fahce.unlp.edu.ar\/cish\/wp-json\/wp\/v2\/media\/548"}],"wp:attachment":[{"href":"https:\/\/idihcs.fahce.unlp.edu.ar\/cish\/wp-json\/wp\/v2\/media?parent=546"}],"wp:term":[{"taxonomy":"category","embeddable":true,"href":"https:\/\/idihcs.fahce.unlp.edu.ar\/cish\/wp-json\/wp\/v2\/categories?post=546"}],"curies":[{"name":"wp","href":"https:\/\/api.w.org\/{rel}","templated":true}]}}