{"id":163,"date":"2018-06-22T14:37:43","date_gmt":"2018-06-22T17:37:43","guid":{"rendered":"http:\/\/163.10.30.48\/~posgrado6\/wordpress\/cish\/?p=163"},"modified":"2018-07-09T21:25:09","modified_gmt":"2018-07-10T00:25:09","slug":"publicacion-de-mesas-de-debate-de-las-vii-jornadas-de-trabajo-sobre-historia-reciente","status":"publish","type":"post","link":"https:\/\/idihcs.fahce.unlp.edu.ar\/cish\/publicacion-de-mesas-de-debate-de-las-vii-jornadas-de-trabajo-sobre-historia-reciente\/","title":{"rendered":"Publicaci\u00f3n de Mesas de debate de las VII Jornadas de Trabajo sobre Historia Reciente"},"content":{"rendered":"<p><img loading=\"lazy\" decoding=\"async\" class=\"alignleft size-full wp-image-164\" src=\"http:\/\/163.10.30.48\/~posgrado6\/wordpress\/cish\/wp-content\/uploads\/sites\/14\/2018\/06\/mini-2.jpg\" alt=\"\" width=\"138\" height=\"200\" \/>Flier, P. (coord.). (2016).\u00a0<em>Mesas de debate de las VII Jornadas de Trabajo sobre Historia Reciente<\/em>\u00a0(7 : 2014 : La Plata). La Plata :\u00a0 Universidad Nacional de La Plata. Facultad de Humanidades y Ciencias de la Educaci\u00f3n. (Trabajos, comunicaciones y conferencias ; 25).<\/p>\n<p>ISBN 978-950-34-1367-8<\/p>\n<p>Disponible en el portal\u00a0<a class=\"external-link\" title=\"\" href=\"http:\/\/www.libros.fahce.unlp.edu.ar\/index.php\/libros\" target=\"_blank\" rel=\"noopener\">Libros de la FaHCE<\/a>:\u00a0<a href=\"http:\/\/libros.fahce.unlp.edu.ar\/index.php\/libros\/catalog\/book\/65\" target=\"_blank\" rel=\"noopener\">http:\/\/www.libros.fahce.unlp.edu.ar\/index.php\/libros\/catalog\/book\/65<\/a><\/p>\n<p>Las Jornadas de Trabajo sobre Historia Reciente se encuadran en una persistente preocupaci\u00f3n por abordar tanto desde las perspectivas te\u00f3rico-metodol\u00f3gicas como hist\u00f3rico-concretas las problem\u00e1ticas que este fruct\u00edfero campo est\u00e1 generando. Las VII Jornadas aspiran a acrecentar y consolidar el amplio desarrollo que ha tenido este \u00e1mbito de estudios en los \u00faltimos a\u00f1os. Para ello se proponen formas organizativas que propicien a\u00fan m\u00e1s el desarrollo de los debates e intercambios, as\u00ed como otras actividades para la difusi\u00f3n de las problem\u00e1ticas abordadas en nuevos formatos que alcancen \u00e1mbitos no estrictamente universitarios.<\/p>\n<p><strong>Mesas<\/strong><br \/>\nLos a\u00f1os sesenta y setenta: formas y sentidos de la pol\u00edtica y la militancia. Mar\u00eda Cristina Tortti, coordinadora<\/p>\n<p>Problemas y debates en torno a la conceptualizaci\u00f3n de la dictadura y la represi\u00f3n. Gabriela \u00c1guila, coordinadora<\/p>\n<p>Historia reciente \u00bfuna periodizaci\u00f3n m\u00e1s o una reflexi\u00f3n sobre la historia? Roberto Pittaluga, coordinador<\/p>\n<p><strong>Patricia Flier\u00a0<\/strong>es profesora en Historia y Doctora en Historia de la Universidad Nacional de la Plata. Investigadora y miembro del Consejo Cient\u00edfico del \u00a0Centro de Investigaciones Socio Hist\u00f3ricas (CISH) de la Facultad de Humanidades y Ciencias de la Educaci\u00f3n de la Universidad Nacional de La Plata, perteneciente al IdIHCS Instituto de Investigaciones en Humanidades y Ciencias Sociales (UNLP-CONICET). Profesora Adjunta a cargo de las c\u00e1tedras Historia Social Argentina y Problemas de Historia Argentina: Historia, memoria e imaginarios. Estudios y representaciones de la historia reciente argentina y del Cono Sur. Es directora del proyecto de investigaci\u00f3n \u00a0Memorias y saberes en di\u00e1logo, la construcci\u00f3n del pasado reciente en Argentina. Historia, memoria e imaginarios<strong>,\u00a0<\/strong>Programa de Incentivos a la Investigaci\u00f3n de la Universidad Nacional de La Plata. Autora de libros, cap\u00edtulos de libros y art\u00edculos publicados en el pa\u00eds y en el exterior.<\/p>\n","protected":false},"excerpt":{"rendered":"<p>Flier, P. (coord.). (2016).\u00a0Mesas de debate de las VII Jornadas de Trabajo sobre Historia Reciente\u00a0(7 : 2014 : La Plata). La Plata :\u00a0 Universidad Nacional de La Plata. Facultad de Humanidades y Ciencias de la Educaci\u00f3n. (Trabajos, comunicaciones y conferencias ; 25). ISBN 978-950-34-1367-8 Disponible en el portal\u00a0Libros de la FaHCE:\u00a0http:\/\/www.libros.fahce.unlp.edu.ar\/index.php\/libros\/catalog\/book\/65 Las Jornadas de Trabajo [&hellip;]<\/p>\n","protected":false},"author":3,"featured_media":0,"comment_status":"open","ping_status":"open","sticky":false,"template":"","format":"standard","meta":{"_themeisle_gutenberg_block_has_review":false,"footnotes":""},"categories":[2,4],"class_list":["post-163","post","type-post","status-publish","format-standard","hentry","category-destacados","category-novedades"],"acf":[],"rttpg_featured_image_url":null,"rttpg_author":{"display_name":"cbarletta","author_link":"https:\/\/idihcs.fahce.unlp.edu.ar\/cish\/author\/cbarletta\/"},"rttpg_comment":0,"rttpg_category":"<a href=\"https:\/\/idihcs.fahce.unlp.edu.ar\/cish\/category\/destacados\/\" rel=\"category tag\">Destacados<\/a> <a href=\"https:\/\/idihcs.fahce.unlp.edu.ar\/cish\/category\/novedades\/\" rel=\"category tag\">Novedades<\/a>","rttpg_excerpt":"Flier, P. (coord.). (2016).\u00a0Mesas de debate de las VII Jornadas de Trabajo sobre Historia Reciente\u00a0(7 : 2014 : La Plata). La Plata :\u00a0 Universidad Nacional de La Plata. Facultad de Humanidades y Ciencias de la Educaci\u00f3n. (Trabajos, comunicaciones y conferencias ; 25). ISBN 978-950-34-1367-8 Disponible en el portal\u00a0Libros de la FaHCE:\u00a0http:\/\/www.libros.fahce.unlp.edu.ar\/index.php\/libros\/catalog\/book\/65 Las Jornadas de Trabajo&hellip;","_links":{"self":[{"href":"https:\/\/idihcs.fahce.unlp.edu.ar\/cish\/wp-json\/wp\/v2\/posts\/163","targetHints":{"allow":["GET"]}}],"collection":[{"href":"https:\/\/idihcs.fahce.unlp.edu.ar\/cish\/wp-json\/wp\/v2\/posts"}],"about":[{"href":"https:\/\/idihcs.fahce.unlp.edu.ar\/cish\/wp-json\/wp\/v2\/types\/post"}],"author":[{"embeddable":true,"href":"https:\/\/idihcs.fahce.unlp.edu.ar\/cish\/wp-json\/wp\/v2\/users\/3"}],"replies":[{"embeddable":true,"href":"https:\/\/idihcs.fahce.unlp.edu.ar\/cish\/wp-json\/wp\/v2\/comments?post=163"}],"version-history":[{"count":1,"href":"https:\/\/idihcs.fahce.unlp.edu.ar\/cish\/wp-json\/wp\/v2\/posts\/163\/revisions"}],"predecessor-version":[{"id":165,"href":"https:\/\/idihcs.fahce.unlp.edu.ar\/cish\/wp-json\/wp\/v2\/posts\/163\/revisions\/165"}],"wp:attachment":[{"href":"https:\/\/idihcs.fahce.unlp.edu.ar\/cish\/wp-json\/wp\/v2\/media?parent=163"}],"wp:term":[{"taxonomy":"category","embeddable":true,"href":"https:\/\/idihcs.fahce.unlp.edu.ar\/cish\/wp-json\/wp\/v2\/categories?post=163"}],"curies":[{"name":"wp","href":"https:\/\/api.w.org\/{rel}","templated":true}]}}