{"id":624,"date":"2019-11-21T14:46:34","date_gmt":"2019-11-21T17:46:34","guid":{"rendered":"http:\/\/idihcs.fahce.unlp.edu.ar\/cinig\/?p=624"},"modified":"2019-11-21T14:46:34","modified_gmt":"2019-11-21T17:46:34","slug":"presentacion-de-libro-jose-amicola","status":"publish","type":"post","link":"https:\/\/idihcs.fahce.unlp.edu.ar\/cinig\/presentacion-de-libro-jose-amicola\/","title":{"rendered":"Presentaci\u00f3n de libro Jos\u00e9 Am\u00edcola"},"content":{"rendered":"<p>Presentaci\u00f3n de libro<\/p>\n<p>El martes 3\/12, a las 16 hs en el aula C-207, se presentar\u00e1 el libro de Jos\u00e9 Am\u00edcola El poder-femme. Virginia Woolf, Simone de Beauvoir y Victoria Ocampo, editado por EDULP<br \/>\nLa presentaci\u00f3n estar\u00e1 a cargo de Virginia Bonatto y de Malena Botto.<\/p>\n<p>Organiza: Centro Interdisciplinario de Investigaciones en G\u00e9nero (CInIG) (Instituto de Investigaciones en Humanidades y Ciencias Sociales, Facultad de Humanidades y Ciencias de la Educaci\u00f3n, Universidad Nacional de La Plata)<\/p>\n<p><img loading=\"lazy\" decoding=\"async\" class=\"size-medium wp-image-625 alignright\" src=\"http:\/\/idihcs.fahce.unlp.edu.ar\/cinig\/wp-content\/uploads\/sites\/16\/2019\/11\/El-poder-femme-300x212.jpg\" alt=\"\" width=\"300\" height=\"212\" srcset=\"https:\/\/idihcs.fahce.unlp.edu.ar\/cinig\/wp-content\/uploads\/sites\/16\/2019\/11\/El-poder-femme-300x212.jpg 300w, https:\/\/idihcs.fahce.unlp.edu.ar\/cinig\/wp-content\/uploads\/sites\/16\/2019\/11\/El-poder-femme-768x543.jpg 768w, https:\/\/idihcs.fahce.unlp.edu.ar\/cinig\/wp-content\/uploads\/sites\/16\/2019\/11\/El-poder-femme-1024x724.jpg 1024w, https:\/\/idihcs.fahce.unlp.edu.ar\/cinig\/wp-content\/uploads\/sites\/16\/2019\/11\/El-poder-femme-100x70.jpg 100w, https:\/\/idihcs.fahce.unlp.edu.ar\/cinig\/wp-content\/uploads\/sites\/16\/2019\/11\/El-poder-femme-696x492.jpg 696w, https:\/\/idihcs.fahce.unlp.edu.ar\/cinig\/wp-content\/uploads\/sites\/16\/2019\/11\/El-poder-femme-1068x755.jpg 1068w, https:\/\/idihcs.fahce.unlp.edu.ar\/cinig\/wp-content\/uploads\/sites\/16\/2019\/11\/El-poder-femme-594x420.jpg 594w, https:\/\/idihcs.fahce.unlp.edu.ar\/cinig\/wp-content\/uploads\/sites\/16\/2019\/11\/El-poder-femme-1920x1358.jpg 1920w\" sizes=\"auto, (max-width: 300px) 100vw, 300px\" \/><\/p>\n","protected":false},"excerpt":{"rendered":"<p>Presentaci\u00f3n de libro El martes 3\/12, a las 16 hs en el aula C-207, se presentar\u00e1 el libro de Jos\u00e9 Am\u00edcola El poder-femme. Virginia Woolf, Simone de Beauvoir y Victoria Ocampo, editado por EDULP La presentaci\u00f3n estar\u00e1 a cargo de Virginia Bonatto y de Malena Botto. Organiza: Centro Interdisciplinario de Investigaciones en G\u00e9nero (CInIG) (Instituto [&hellip;]<\/p>\n","protected":false},"author":7,"featured_media":625,"comment_status":"closed","ping_status":"closed","sticky":false,"template":"","format":"standard","meta":{"_themeisle_gutenberg_block_has_review":false,"footnotes":""},"categories":[4],"class_list":["post-624","post","type-post","status-publish","format-standard","has-post-thumbnail","hentry","category-novedades"],"acf":[],"rttpg_featured_image_url":{"full":["https:\/\/idihcs.fahce.unlp.edu.ar\/cinig\/wp-content\/uploads\/sites\/16\/2019\/11\/El-poder-femme.jpg",2480,1754,false],"landscape":["https:\/\/idihcs.fahce.unlp.edu.ar\/cinig\/wp-content\/uploads\/sites\/16\/2019\/11\/El-poder-femme.jpg",2480,1754,false],"portraits":["https:\/\/idihcs.fahce.unlp.edu.ar\/cinig\/wp-content\/uploads\/sites\/16\/2019\/11\/El-poder-femme.jpg",2480,1754,false],"thumbnail":["https:\/\/idihcs.fahce.unlp.edu.ar\/cinig\/wp-content\/uploads\/sites\/16\/2019\/11\/El-poder-femme-150x150.jpg",150,150,true],"medium":["https:\/\/idihcs.fahce.unlp.edu.ar\/cinig\/wp-content\/uploads\/sites\/16\/2019\/11\/El-poder-femme-300x212.jpg",300,212,true],"large":["https:\/\/idihcs.fahce.unlp.edu.ar\/cinig\/wp-content\/uploads\/sites\/16\/2019\/11\/El-poder-femme-1024x724.jpg",696,492,true],"1536x1536":["https:\/\/idihcs.fahce.unlp.edu.ar\/cinig\/wp-content\/uploads\/sites\/16\/2019\/11\/El-poder-femme.jpg",1536,1086,false],"2048x2048":["https:\/\/idihcs.fahce.unlp.edu.ar\/cinig\/wp-content\/uploads\/sites\/16\/2019\/11\/El-poder-femme.jpg",2048,1448,false],"td_80x60":["https:\/\/idihcs.fahce.unlp.edu.ar\/cinig\/wp-content\/uploads\/sites\/16\/2019\/11\/El-poder-femme-80x60.jpg",80,60,true],"td_100x70":["https:\/\/idihcs.fahce.unlp.edu.ar\/cinig\/wp-content\/uploads\/sites\/16\/2019\/11\/El-poder-femme-100x70.jpg",100,70,true],"td_218x150":["https:\/\/idihcs.fahce.unlp.edu.ar\/cinig\/wp-content\/uploads\/sites\/16\/2019\/11\/El-poder-femme-218x150.jpg",218,150,true],"td_265x198":["https:\/\/idihcs.fahce.unlp.edu.ar\/cinig\/wp-content\/uploads\/sites\/16\/2019\/11\/El-poder-femme-265x198.jpg",265,198,true],"td_324x160":["https:\/\/idihcs.fahce.unlp.edu.ar\/cinig\/wp-content\/uploads\/sites\/16\/2019\/11\/El-poder-femme-324x160.jpg",324,160,true],"td_324x235":["https:\/\/idihcs.fahce.unlp.edu.ar\/cinig\/wp-content\/uploads\/sites\/16\/2019\/11\/El-poder-femme-324x235.jpg",324,235,true],"td_324x400":["https:\/\/idihcs.fahce.unlp.edu.ar\/cinig\/wp-content\/uploads\/sites\/16\/2019\/11\/El-poder-femme-324x400.jpg",324,400,true],"td_356x220":["https:\/\/idihcs.fahce.unlp.edu.ar\/cinig\/wp-content\/uploads\/sites\/16\/2019\/11\/El-poder-femme-356x220.jpg",356,220,true],"td_356x364":["https:\/\/idihcs.fahce.unlp.edu.ar\/cinig\/wp-content\/uploads\/sites\/16\/2019\/11\/El-poder-femme-356x364.jpg",356,364,true],"td_485x360":["https:\/\/idihcs.fahce.unlp.edu.ar\/cinig\/wp-content\/uploads\/sites\/16\/2019\/11\/El-poder-femme-485x360.jpg",485,360,true],"td_533x261":["https:\/\/idihcs.fahce.unlp.edu.ar\/cinig\/wp-content\/uploads\/sites\/16\/2019\/11\/El-poder-femme-533x261.jpg",533,261,true],"td_534x462":["https:\/\/idihcs.fahce.unlp.edu.ar\/cinig\/wp-content\/uploads\/sites\/16\/2019\/11\/El-poder-femme-534x462.jpg",534,462,true],"td_696x0":["https:\/\/idihcs.fahce.unlp.edu.ar\/cinig\/wp-content\/uploads\/sites\/16\/2019\/11\/El-poder-femme-696x492.jpg",696,492,true],"td_696x385":["https:\/\/idihcs.fahce.unlp.edu.ar\/cinig\/wp-content\/uploads\/sites\/16\/2019\/11\/El-poder-femme-696x385.jpg",696,385,true],"td_741x486":["https:\/\/idihcs.fahce.unlp.edu.ar\/cinig\/wp-content\/uploads\/sites\/16\/2019\/11\/El-poder-femme-741x486.jpg",741,486,true],"td_1068x580":["https:\/\/idihcs.fahce.unlp.edu.ar\/cinig\/wp-content\/uploads\/sites\/16\/2019\/11\/El-poder-femme-1068x580.jpg",1068,580,true],"td_1068x0":["https:\/\/idihcs.fahce.unlp.edu.ar\/cinig\/wp-content\/uploads\/sites\/16\/2019\/11\/El-poder-femme-1068x755.jpg",1068,755,true],"td_0x420":["https:\/\/idihcs.fahce.unlp.edu.ar\/cinig\/wp-content\/uploads\/sites\/16\/2019\/11\/El-poder-femme-594x420.jpg",594,420,true],"td_1920x0":["https:\/\/idihcs.fahce.unlp.edu.ar\/cinig\/wp-content\/uploads\/sites\/16\/2019\/11\/El-poder-femme-1920x1358.jpg",1920,1358,true],"rt_custom":["https:\/\/idihcs.fahce.unlp.edu.ar\/cinig\/wp-content\/uploads\/sites\/16\/2019\/11\/El-poder-femme.jpg",2480,1754,false]},"rttpg_author":{"display_name":"cinig","author_link":"https:\/\/idihcs.fahce.unlp.edu.ar\/cinig\/author\/cinig\/"},"rttpg_comment":0,"rttpg_category":"<a href=\"https:\/\/idihcs.fahce.unlp.edu.ar\/cinig\/category\/novedades\/\" rel=\"category tag\">Novedades<\/a>","rttpg_excerpt":"Presentaci\u00f3n de libro El martes 3\/12, a las 16 hs en el aula C-207, se presentar\u00e1 el libro de Jos\u00e9 Am\u00edcola El poder-femme. Virginia Woolf, Simone de Beauvoir y Victoria Ocampo, editado por EDULP La presentaci\u00f3n estar\u00e1 a cargo de Virginia Bonatto y de Malena Botto. Organiza: Centro Interdisciplinario de Investigaciones en G\u00e9nero (CInIG) (Instituto&hellip;","_links":{"self":[{"href":"https:\/\/idihcs.fahce.unlp.edu.ar\/cinig\/wp-json\/wp\/v2\/posts\/624","targetHints":{"allow":["GET"]}}],"collection":[{"href":"https:\/\/idihcs.fahce.unlp.edu.ar\/cinig\/wp-json\/wp\/v2\/posts"}],"about":[{"href":"https:\/\/idihcs.fahce.unlp.edu.ar\/cinig\/wp-json\/wp\/v2\/types\/post"}],"author":[{"embeddable":true,"href":"https:\/\/idihcs.fahce.unlp.edu.ar\/cinig\/wp-json\/wp\/v2\/users\/7"}],"replies":[{"embeddable":true,"href":"https:\/\/idihcs.fahce.unlp.edu.ar\/cinig\/wp-json\/wp\/v2\/comments?post=624"}],"version-history":[{"count":1,"href":"https:\/\/idihcs.fahce.unlp.edu.ar\/cinig\/wp-json\/wp\/v2\/posts\/624\/revisions"}],"predecessor-version":[{"id":626,"href":"https:\/\/idihcs.fahce.unlp.edu.ar\/cinig\/wp-json\/wp\/v2\/posts\/624\/revisions\/626"}],"wp:featuredmedia":[{"embeddable":true,"href":"https:\/\/idihcs.fahce.unlp.edu.ar\/cinig\/wp-json\/wp\/v2\/media\/625"}],"wp:attachment":[{"href":"https:\/\/idihcs.fahce.unlp.edu.ar\/cinig\/wp-json\/wp\/v2\/media?parent=624"}],"wp:term":[{"taxonomy":"category","embeddable":true,"href":"https:\/\/idihcs.fahce.unlp.edu.ar\/cinig\/wp-json\/wp\/v2\/categories?post=624"}],"curies":[{"name":"wp","href":"https:\/\/api.w.org\/{rel}","templated":true}]}}