{"id":3015,"date":"2025-10-02T10:50:01","date_gmt":"2025-10-02T13:50:01","guid":{"rendered":"https:\/\/idihcs.fahce.unlp.edu.ar\/cinig\/?p=3015"},"modified":"2025-10-02T11:19:59","modified_gmt":"2025-10-02T14:19:59","slug":"charla-experiencias-esi-en-foco-la-ensenanza-de-la-lengua-y-la-literatura-en-la-escuela-secundaria","status":"publish","type":"post","link":"https:\/\/idihcs.fahce.unlp.edu.ar\/cinig\/charla-experiencias-esi-en-foco-la-ensenanza-de-la-lengua-y-la-literatura-en-la-escuela-secundaria\/","title":{"rendered":"Charla: Experiencias ESI en foco. La ense\u00f1anza de la lengua y la literatura en la escuela secundaria"},"content":{"rendered":"\n<p>En el marco de los festejos por los 19 a\u00f1os de la Educaci\u00f3n Sexual Integral, el d\u00eda <strong>martes 7 de octubre a las 15 horas en el aula B-204<\/strong>, invitamos a participar en la Charla &#8220;Experiencias ESI en foco. La ense\u00f1anza de la lengua y la literatura en la escuela secundaria&#8221; que organiza la C\u00e1tedra de Did\u00e1ctica de la lengua y la literatura II.<\/p>\n\n\n<figure class=\"wp-block-post-featured-image\"><img loading=\"lazy\" decoding=\"async\" width=\"962\" height=\"1200\" src=\"https:\/\/idihcs.fahce.unlp.edu.ar\/cinig\/wp-content\/uploads\/sites\/16\/2025\/10\/Experiencias-ESI-en-foco_1.jpg\" class=\"attachment-post-thumbnail size-post-thumbnail wp-post-image\" alt=\"\" style=\"object-fit:cover;\" srcset=\"https:\/\/idihcs.fahce.unlp.edu.ar\/cinig\/wp-content\/uploads\/sites\/16\/2025\/10\/Experiencias-ESI-en-foco_1.jpg 962w, https:\/\/idihcs.fahce.unlp.edu.ar\/cinig\/wp-content\/uploads\/sites\/16\/2025\/10\/Experiencias-ESI-en-foco_1-241x300.jpg 241w, https:\/\/idihcs.fahce.unlp.edu.ar\/cinig\/wp-content\/uploads\/sites\/16\/2025\/10\/Experiencias-ESI-en-foco_1-821x1024.jpg 821w, https:\/\/idihcs.fahce.unlp.edu.ar\/cinig\/wp-content\/uploads\/sites\/16\/2025\/10\/Experiencias-ESI-en-foco_1-768x958.jpg 768w, https:\/\/idihcs.fahce.unlp.edu.ar\/cinig\/wp-content\/uploads\/sites\/16\/2025\/10\/Experiencias-ESI-en-foco_1-696x868.jpg 696w, https:\/\/idihcs.fahce.unlp.edu.ar\/cinig\/wp-content\/uploads\/sites\/16\/2025\/10\/Experiencias-ESI-en-foco_1-337x420.jpg 337w\" sizes=\"auto, (max-width: 962px) 100vw, 962px\" \/><\/figure>\n\n\n<h2 class=\"wp-block-heading\" id=\"h-\"><\/h2>\n\n\n\n<figure class=\"wp-block-image size-large\"><img loading=\"lazy\" decoding=\"async\" width=\"821\" height=\"1024\" src=\"https:\/\/idihcs.fahce.unlp.edu.ar\/cinig\/wp-content\/uploads\/sites\/16\/2025\/10\/Experiencias-ESI-en-foco_2-821x1024.jpg\" alt=\"\" class=\"wp-image-3018\" srcset=\"https:\/\/idihcs.fahce.unlp.edu.ar\/cinig\/wp-content\/uploads\/sites\/16\/2025\/10\/Experiencias-ESI-en-foco_2-821x1024.jpg 821w, https:\/\/idihcs.fahce.unlp.edu.ar\/cinig\/wp-content\/uploads\/sites\/16\/2025\/10\/Experiencias-ESI-en-foco_2-241x300.jpg 241w, https:\/\/idihcs.fahce.unlp.edu.ar\/cinig\/wp-content\/uploads\/sites\/16\/2025\/10\/Experiencias-ESI-en-foco_2-768x958.jpg 768w, https:\/\/idihcs.fahce.unlp.edu.ar\/cinig\/wp-content\/uploads\/sites\/16\/2025\/10\/Experiencias-ESI-en-foco_2-696x868.jpg 696w, https:\/\/idihcs.fahce.unlp.edu.ar\/cinig\/wp-content\/uploads\/sites\/16\/2025\/10\/Experiencias-ESI-en-foco_2-337x420.jpg 337w, https:\/\/idihcs.fahce.unlp.edu.ar\/cinig\/wp-content\/uploads\/sites\/16\/2025\/10\/Experiencias-ESI-en-foco_2.jpg 962w\" sizes=\"auto, (max-width: 821px) 100vw, 821px\" \/><\/figure>\n\n\n\n<figure class=\"wp-block-image size-large\"><img loading=\"lazy\" decoding=\"async\" width=\"821\" height=\"1024\" src=\"https:\/\/idihcs.fahce.unlp.edu.ar\/cinig\/wp-content\/uploads\/sites\/16\/2025\/10\/Experiencias-ESI-en-foco_flyer3--821x1024.jpg\" alt=\"\" class=\"wp-image-3019\" srcset=\"https:\/\/idihcs.fahce.unlp.edu.ar\/cinig\/wp-content\/uploads\/sites\/16\/2025\/10\/Experiencias-ESI-en-foco_flyer3--821x1024.jpg 821w, https:\/\/idihcs.fahce.unlp.edu.ar\/cinig\/wp-content\/uploads\/sites\/16\/2025\/10\/Experiencias-ESI-en-foco_flyer3--241x300.jpg 241w, https:\/\/idihcs.fahce.unlp.edu.ar\/cinig\/wp-content\/uploads\/sites\/16\/2025\/10\/Experiencias-ESI-en-foco_flyer3--768x958.jpg 768w, https:\/\/idihcs.fahce.unlp.edu.ar\/cinig\/wp-content\/uploads\/sites\/16\/2025\/10\/Experiencias-ESI-en-foco_flyer3--696x868.jpg 696w, https:\/\/idihcs.fahce.unlp.edu.ar\/cinig\/wp-content\/uploads\/sites\/16\/2025\/10\/Experiencias-ESI-en-foco_flyer3--337x420.jpg 337w, https:\/\/idihcs.fahce.unlp.edu.ar\/cinig\/wp-content\/uploads\/sites\/16\/2025\/10\/Experiencias-ESI-en-foco_flyer3-.jpg 962w\" sizes=\"auto, (max-width: 821px) 100vw, 821px\" \/><\/figure>\n","protected":false},"excerpt":{"rendered":"<p>En el marco de los festejos por los 19 a\u00f1os de la Educaci\u00f3n Sexual Integral, el d\u00eda martes 7 de octubre a las 15 horas en el aula B-204, invitamos a participar en la Charla &#8220;Experiencias ESI en foco. La ense\u00f1anza de la lengua y la literatura en la escuela secundaria&#8221; que organiza la C\u00e1tedra [&hellip;]<\/p>\n","protected":false},"author":7,"featured_media":3017,"comment_status":"closed","ping_status":"closed","sticky":false,"template":"","format":"standard","meta":{"_themeisle_gutenberg_block_has_review":false,"footnotes":""},"categories":[4],"class_list":["post-3015","post","type-post","status-publish","format-standard","has-post-thumbnail","hentry","category-novedades"],"acf":[],"rttpg_featured_image_url":{"full":["https:\/\/idihcs.fahce.unlp.edu.ar\/cinig\/wp-content\/uploads\/sites\/16\/2025\/10\/Experiencias-ESI-en-foco_1.jpg",962,1200,false],"landscape":["https:\/\/idihcs.fahce.unlp.edu.ar\/cinig\/wp-content\/uploads\/sites\/16\/2025\/10\/Experiencias-ESI-en-foco_1.jpg",962,1200,false],"portraits":["https:\/\/idihcs.fahce.unlp.edu.ar\/cinig\/wp-content\/uploads\/sites\/16\/2025\/10\/Experiencias-ESI-en-foco_1.jpg",962,1200,false],"thumbnail":["https:\/\/idihcs.fahce.unlp.edu.ar\/cinig\/wp-content\/uploads\/sites\/16\/2025\/10\/Experiencias-ESI-en-foco_1-150x150.jpg",150,150,true],"medium":["https:\/\/idihcs.fahce.unlp.edu.ar\/cinig\/wp-content\/uploads\/sites\/16\/2025\/10\/Experiencias-ESI-en-foco_1-241x300.jpg",241,300,true],"large":["https:\/\/idihcs.fahce.unlp.edu.ar\/cinig\/wp-content\/uploads\/sites\/16\/2025\/10\/Experiencias-ESI-en-foco_1-821x1024.jpg",696,868,true],"1536x1536":["https:\/\/idihcs.fahce.unlp.edu.ar\/cinig\/wp-content\/uploads\/sites\/16\/2025\/10\/Experiencias-ESI-en-foco_1.jpg",962,1200,false],"2048x2048":["https:\/\/idihcs.fahce.unlp.edu.ar\/cinig\/wp-content\/uploads\/sites\/16\/2025\/10\/Experiencias-ESI-en-foco_1.jpg",962,1200,false],"td_80x60":["https:\/\/idihcs.fahce.unlp.edu.ar\/cinig\/wp-content\/uploads\/sites\/16\/2025\/10\/Experiencias-ESI-en-foco_1-80x60.jpg",80,60,true],"td_100x70":["https:\/\/idihcs.fahce.unlp.edu.ar\/cinig\/wp-content\/uploads\/sites\/16\/2025\/10\/Experiencias-ESI-en-foco_1-100x70.jpg",100,70,true],"td_218x150":["https:\/\/idihcs.fahce.unlp.edu.ar\/cinig\/wp-content\/uploads\/sites\/16\/2025\/10\/Experiencias-ESI-en-foco_1-218x150.jpg",218,150,true],"td_265x198":["https:\/\/idihcs.fahce.unlp.edu.ar\/cinig\/wp-content\/uploads\/sites\/16\/2025\/10\/Experiencias-ESI-en-foco_1-265x198.jpg",265,198,true],"td_324x160":["https:\/\/idihcs.fahce.unlp.edu.ar\/cinig\/wp-content\/uploads\/sites\/16\/2025\/10\/Experiencias-ESI-en-foco_1-324x160.jpg",324,160,true],"td_324x235":["https:\/\/idihcs.fahce.unlp.edu.ar\/cinig\/wp-content\/uploads\/sites\/16\/2025\/10\/Experiencias-ESI-en-foco_1-324x235.jpg",324,235,true],"td_324x400":["https:\/\/idihcs.fahce.unlp.edu.ar\/cinig\/wp-content\/uploads\/sites\/16\/2025\/10\/Experiencias-ESI-en-foco_1-324x400.jpg",324,400,true],"td_356x220":["https:\/\/idihcs.fahce.unlp.edu.ar\/cinig\/wp-content\/uploads\/sites\/16\/2025\/10\/Experiencias-ESI-en-foco_1-356x220.jpg",356,220,true],"td_356x364":["https:\/\/idihcs.fahce.unlp.edu.ar\/cinig\/wp-content\/uploads\/sites\/16\/2025\/10\/Experiencias-ESI-en-foco_1-356x364.jpg",356,364,true],"td_485x360":["https:\/\/idihcs.fahce.unlp.edu.ar\/cinig\/wp-content\/uploads\/sites\/16\/2025\/10\/Experiencias-ESI-en-foco_1-485x360.jpg",485,360,true],"td_533x261":["https:\/\/idihcs.fahce.unlp.edu.ar\/cinig\/wp-content\/uploads\/sites\/16\/2025\/10\/Experiencias-ESI-en-foco_1-533x261.jpg",533,261,true],"td_534x462":["https:\/\/idihcs.fahce.unlp.edu.ar\/cinig\/wp-content\/uploads\/sites\/16\/2025\/10\/Experiencias-ESI-en-foco_1-534x462.jpg",534,462,true],"td_696x0":["https:\/\/idihcs.fahce.unlp.edu.ar\/cinig\/wp-content\/uploads\/sites\/16\/2025\/10\/Experiencias-ESI-en-foco_1-696x868.jpg",696,868,true],"td_696x385":["https:\/\/idihcs.fahce.unlp.edu.ar\/cinig\/wp-content\/uploads\/sites\/16\/2025\/10\/Experiencias-ESI-en-foco_1-696x385.jpg",696,385,true],"td_741x486":["https:\/\/idihcs.fahce.unlp.edu.ar\/cinig\/wp-content\/uploads\/sites\/16\/2025\/10\/Experiencias-ESI-en-foco_1-741x486.jpg",741,486,true],"td_1068x580":["https:\/\/idihcs.fahce.unlp.edu.ar\/cinig\/wp-content\/uploads\/sites\/16\/2025\/10\/Experiencias-ESI-en-foco_1-962x580.jpg",962,580,true],"td_1068x0":["https:\/\/idihcs.fahce.unlp.edu.ar\/cinig\/wp-content\/uploads\/sites\/16\/2025\/10\/Experiencias-ESI-en-foco_1.jpg",962,1200,false],"td_0x420":["https:\/\/idihcs.fahce.unlp.edu.ar\/cinig\/wp-content\/uploads\/sites\/16\/2025\/10\/Experiencias-ESI-en-foco_1-337x420.jpg",337,420,true],"td_1920x0":["https:\/\/idihcs.fahce.unlp.edu.ar\/cinig\/wp-content\/uploads\/sites\/16\/2025\/10\/Experiencias-ESI-en-foco_1.jpg",962,1200,false],"rt_custom":["https:\/\/idihcs.fahce.unlp.edu.ar\/cinig\/wp-content\/uploads\/sites\/16\/2025\/10\/Experiencias-ESI-en-foco_1.jpg",962,1200,false]},"rttpg_author":{"display_name":"cinig","author_link":"https:\/\/idihcs.fahce.unlp.edu.ar\/cinig\/author\/cinig\/"},"rttpg_comment":0,"rttpg_category":"<a href=\"https:\/\/idihcs.fahce.unlp.edu.ar\/cinig\/category\/novedades\/\" rel=\"category tag\">Novedades<\/a>","rttpg_excerpt":"En el marco de los festejos por los 19 a\u00f1os de la Educaci\u00f3n Sexual Integral, el d\u00eda martes 7 de octubre a las 15 horas en el aula B-204, invitamos a participar en la Charla &#8220;Experiencias ESI en foco. La ense\u00f1anza de la lengua y la literatura en la escuela secundaria&#8221; que organiza la C\u00e1tedra&hellip;","_links":{"self":[{"href":"https:\/\/idihcs.fahce.unlp.edu.ar\/cinig\/wp-json\/wp\/v2\/posts\/3015","targetHints":{"allow":["GET"]}}],"collection":[{"href":"https:\/\/idihcs.fahce.unlp.edu.ar\/cinig\/wp-json\/wp\/v2\/posts"}],"about":[{"href":"https:\/\/idihcs.fahce.unlp.edu.ar\/cinig\/wp-json\/wp\/v2\/types\/post"}],"author":[{"embeddable":true,"href":"https:\/\/idihcs.fahce.unlp.edu.ar\/cinig\/wp-json\/wp\/v2\/users\/7"}],"replies":[{"embeddable":true,"href":"https:\/\/idihcs.fahce.unlp.edu.ar\/cinig\/wp-json\/wp\/v2\/comments?post=3015"}],"version-history":[{"count":3,"href":"https:\/\/idihcs.fahce.unlp.edu.ar\/cinig\/wp-json\/wp\/v2\/posts\/3015\/revisions"}],"predecessor-version":[{"id":3022,"href":"https:\/\/idihcs.fahce.unlp.edu.ar\/cinig\/wp-json\/wp\/v2\/posts\/3015\/revisions\/3022"}],"wp:featuredmedia":[{"embeddable":true,"href":"https:\/\/idihcs.fahce.unlp.edu.ar\/cinig\/wp-json\/wp\/v2\/media\/3017"}],"wp:attachment":[{"href":"https:\/\/idihcs.fahce.unlp.edu.ar\/cinig\/wp-json\/wp\/v2\/media?parent=3015"}],"wp:term":[{"taxonomy":"category","embeddable":true,"href":"https:\/\/idihcs.fahce.unlp.edu.ar\/cinig\/wp-json\/wp\/v2\/categories?post=3015"}],"curies":[{"name":"wp","href":"https:\/\/api.w.org\/{rel}","templated":true}]}}