{"id":1819,"date":"2023-10-17T13:57:49","date_gmt":"2023-10-17T16:57:49","guid":{"rendered":"https:\/\/idihcs.fahce.unlp.edu.ar\/cinig\/?p=1819"},"modified":"2023-10-17T13:57:51","modified_gmt":"2023-10-17T16:57:51","slug":"iii-coloquio-sobre-genero-y-trayectorias-antifascistas","status":"publish","type":"post","link":"https:\/\/idihcs.fahce.unlp.edu.ar\/cinig\/iii-coloquio-sobre-genero-y-trayectorias-antifascistas\/","title":{"rendered":"III Coloquio sobre G\u00e9nero y Trayectorias Antifascistas"},"content":{"rendered":"\n<p>Mi\u00e9rcoles 25 de octubre. 13 a 15 horas (hora Argentina). Transmisi\u00f3n por YouTube: CIniG. <\/p>\n\n\n\n<ol class=\"wp-block-list\">\n<li>Eleonora Ardanaz (Universidad Nacional del Sur, Argentina) <a href=\"mailto:ardanazeleonora@gmail.com\">ardanazeleonora@gmail.com<\/a><\/li>\n\n\n\n<li>Federica Bertagna (Universit\u00e0 di Verona, Italia) <a href=\"mailto:federica.bertagna@univr.it\">federica.bertagna@univr.it<\/a><\/li>\n\n\n\n<li>Mar\u00eda Soledad Gonz\u00e1lez (Instituto de Geograf\u00eda, Historia y Ciencias Sociales, Argentina) <a href=\"mailto:msgonzalez@live.com.ar\">msgonzalez@live.com.ar<\/a><\/li>\n\n\n\n<li>Marcelo Huernos (Universidad Nacional de Tres de Febrero, Argentina) <a href=\"mailto:marcelohuernos@yahoo.com.ar\">marcelohuernos@yahoo.com.ar<\/a><\/li>\n\n\n\n<li>Claudia Fedora Rojas Mira (Universidad Tecnol\u00f3gica Metropolitana, Chile) <a href=\"mailto:c.rojasm@utem.cl\">c.rojasm@utem.cl<\/a><\/li>\n\n\n\n<li>Sebasti\u00e1n Rivera Mir (El Colegio Mexiquense, M\u00e9xico) <a href=\"mailto:sebastianriveramir@gmail.com\">sebastianriveramir@gmail.com<\/a><\/li>\n<\/ol>\n\n\n<figure class=\"wp-block-post-featured-image\"><img loading=\"lazy\" decoding=\"async\" width=\"1080\" height=\"1350\" src=\"https:\/\/idihcs.fahce.unlp.edu.ar\/cinig\/wp-content\/uploads\/sites\/16\/2023\/10\/III-Coloquio-sobre-Genero-y-Trayectorias-Antifascistas-01.jpg\" class=\"attachment-post-thumbnail size-post-thumbnail wp-post-image\" alt=\"\" style=\"object-fit:cover;\" srcset=\"https:\/\/idihcs.fahce.unlp.edu.ar\/cinig\/wp-content\/uploads\/sites\/16\/2023\/10\/III-Coloquio-sobre-Genero-y-Trayectorias-Antifascistas-01.jpg 1080w, https:\/\/idihcs.fahce.unlp.edu.ar\/cinig\/wp-content\/uploads\/sites\/16\/2023\/10\/III-Coloquio-sobre-Genero-y-Trayectorias-Antifascistas-01-240x300.jpg 240w, https:\/\/idihcs.fahce.unlp.edu.ar\/cinig\/wp-content\/uploads\/sites\/16\/2023\/10\/III-Coloquio-sobre-Genero-y-Trayectorias-Antifascistas-01-819x1024.jpg 819w, https:\/\/idihcs.fahce.unlp.edu.ar\/cinig\/wp-content\/uploads\/sites\/16\/2023\/10\/III-Coloquio-sobre-Genero-y-Trayectorias-Antifascistas-01-768x960.jpg 768w, https:\/\/idihcs.fahce.unlp.edu.ar\/cinig\/wp-content\/uploads\/sites\/16\/2023\/10\/III-Coloquio-sobre-Genero-y-Trayectorias-Antifascistas-01-696x870.jpg 696w, https:\/\/idihcs.fahce.unlp.edu.ar\/cinig\/wp-content\/uploads\/sites\/16\/2023\/10\/III-Coloquio-sobre-Genero-y-Trayectorias-Antifascistas-01-1068x1335.jpg 1068w, https:\/\/idihcs.fahce.unlp.edu.ar\/cinig\/wp-content\/uploads\/sites\/16\/2023\/10\/III-Coloquio-sobre-Genero-y-Trayectorias-Antifascistas-01-336x420.jpg 336w\" sizes=\"auto, (max-width: 1080px) 100vw, 1080px\" \/><\/figure>","protected":false},"excerpt":{"rendered":"<p>Mi\u00e9rcoles 25 de octubre. 13 a 15 horas (hora Argentina). Transmisi\u00f3n por YouTube: CIniG.<\/p>\n","protected":false},"author":7,"featured_media":1820,"comment_status":"closed","ping_status":"closed","sticky":false,"template":"","format":"standard","meta":{"_themeisle_gutenberg_block_has_review":false,"footnotes":""},"categories":[4],"class_list":["post-1819","post","type-post","status-publish","format-standard","has-post-thumbnail","hentry","category-novedades"],"acf":[],"rttpg_featured_image_url":{"full":["https:\/\/idihcs.fahce.unlp.edu.ar\/cinig\/wp-content\/uploads\/sites\/16\/2023\/10\/III-Coloquio-sobre-Genero-y-Trayectorias-Antifascistas-01.jpg",1080,1350,false],"landscape":["https:\/\/idihcs.fahce.unlp.edu.ar\/cinig\/wp-content\/uploads\/sites\/16\/2023\/10\/III-Coloquio-sobre-Genero-y-Trayectorias-Antifascistas-01.jpg",1080,1350,false],"portraits":["https:\/\/idihcs.fahce.unlp.edu.ar\/cinig\/wp-content\/uploads\/sites\/16\/2023\/10\/III-Coloquio-sobre-Genero-y-Trayectorias-Antifascistas-01.jpg",1080,1350,false],"thumbnail":["https:\/\/idihcs.fahce.unlp.edu.ar\/cinig\/wp-content\/uploads\/sites\/16\/2023\/10\/III-Coloquio-sobre-Genero-y-Trayectorias-Antifascistas-01-150x150.jpg",150,150,true],"medium":["https:\/\/idihcs.fahce.unlp.edu.ar\/cinig\/wp-content\/uploads\/sites\/16\/2023\/10\/III-Coloquio-sobre-Genero-y-Trayectorias-Antifascistas-01-240x300.jpg",240,300,true],"large":["https:\/\/idihcs.fahce.unlp.edu.ar\/cinig\/wp-content\/uploads\/sites\/16\/2023\/10\/III-Coloquio-sobre-Genero-y-Trayectorias-Antifascistas-01-819x1024.jpg",696,870,true],"1536x1536":["https:\/\/idihcs.fahce.unlp.edu.ar\/cinig\/wp-content\/uploads\/sites\/16\/2023\/10\/III-Coloquio-sobre-Genero-y-Trayectorias-Antifascistas-01.jpg",1080,1350,false],"2048x2048":["https:\/\/idihcs.fahce.unlp.edu.ar\/cinig\/wp-content\/uploads\/sites\/16\/2023\/10\/III-Coloquio-sobre-Genero-y-Trayectorias-Antifascistas-01.jpg",1080,1350,false],"td_80x60":["https:\/\/idihcs.fahce.unlp.edu.ar\/cinig\/wp-content\/uploads\/sites\/16\/2023\/10\/III-Coloquio-sobre-Genero-y-Trayectorias-Antifascistas-01-80x60.jpg",80,60,true],"td_100x70":["https:\/\/idihcs.fahce.unlp.edu.ar\/cinig\/wp-content\/uploads\/sites\/16\/2023\/10\/III-Coloquio-sobre-Genero-y-Trayectorias-Antifascistas-01-100x70.jpg",100,70,true],"td_218x150":["https:\/\/idihcs.fahce.unlp.edu.ar\/cinig\/wp-content\/uploads\/sites\/16\/2023\/10\/III-Coloquio-sobre-Genero-y-Trayectorias-Antifascistas-01-218x150.jpg",218,150,true],"td_265x198":["https:\/\/idihcs.fahce.unlp.edu.ar\/cinig\/wp-content\/uploads\/sites\/16\/2023\/10\/III-Coloquio-sobre-Genero-y-Trayectorias-Antifascistas-01-265x198.jpg",265,198,true],"td_324x160":["https:\/\/idihcs.fahce.unlp.edu.ar\/cinig\/wp-content\/uploads\/sites\/16\/2023\/10\/III-Coloquio-sobre-Genero-y-Trayectorias-Antifascistas-01-324x160.jpg",324,160,true],"td_324x235":["https:\/\/idihcs.fahce.unlp.edu.ar\/cinig\/wp-content\/uploads\/sites\/16\/2023\/10\/III-Coloquio-sobre-Genero-y-Trayectorias-Antifascistas-01-324x235.jpg",324,235,true],"td_324x400":["https:\/\/idihcs.fahce.unlp.edu.ar\/cinig\/wp-content\/uploads\/sites\/16\/2023\/10\/III-Coloquio-sobre-Genero-y-Trayectorias-Antifascistas-01-324x400.jpg",324,400,true],"td_356x220":["https:\/\/idihcs.fahce.unlp.edu.ar\/cinig\/wp-content\/uploads\/sites\/16\/2023\/10\/III-Coloquio-sobre-Genero-y-Trayectorias-Antifascistas-01-356x220.jpg",356,220,true],"td_356x364":["https:\/\/idihcs.fahce.unlp.edu.ar\/cinig\/wp-content\/uploads\/sites\/16\/2023\/10\/III-Coloquio-sobre-Genero-y-Trayectorias-Antifascistas-01-356x364.jpg",356,364,true],"td_485x360":["https:\/\/idihcs.fahce.unlp.edu.ar\/cinig\/wp-content\/uploads\/sites\/16\/2023\/10\/III-Coloquio-sobre-Genero-y-Trayectorias-Antifascistas-01-485x360.jpg",485,360,true],"td_533x261":["https:\/\/idihcs.fahce.unlp.edu.ar\/cinig\/wp-content\/uploads\/sites\/16\/2023\/10\/III-Coloquio-sobre-Genero-y-Trayectorias-Antifascistas-01-533x261.jpg",533,261,true],"td_534x462":["https:\/\/idihcs.fahce.unlp.edu.ar\/cinig\/wp-content\/uploads\/sites\/16\/2023\/10\/III-Coloquio-sobre-Genero-y-Trayectorias-Antifascistas-01-534x462.jpg",534,462,true],"td_696x0":["https:\/\/idihcs.fahce.unlp.edu.ar\/cinig\/wp-content\/uploads\/sites\/16\/2023\/10\/III-Coloquio-sobre-Genero-y-Trayectorias-Antifascistas-01-696x870.jpg",696,870,true],"td_696x385":["https:\/\/idihcs.fahce.unlp.edu.ar\/cinig\/wp-content\/uploads\/sites\/16\/2023\/10\/III-Coloquio-sobre-Genero-y-Trayectorias-Antifascistas-01-696x385.jpg",696,385,true],"td_741x486":["https:\/\/idihcs.fahce.unlp.edu.ar\/cinig\/wp-content\/uploads\/sites\/16\/2023\/10\/III-Coloquio-sobre-Genero-y-Trayectorias-Antifascistas-01-741x486.jpg",741,486,true],"td_1068x580":["https:\/\/idihcs.fahce.unlp.edu.ar\/cinig\/wp-content\/uploads\/sites\/16\/2023\/10\/III-Coloquio-sobre-Genero-y-Trayectorias-Antifascistas-01-1068x580.jpg",1068,580,true],"td_1068x0":["https:\/\/idihcs.fahce.unlp.edu.ar\/cinig\/wp-content\/uploads\/sites\/16\/2023\/10\/III-Coloquio-sobre-Genero-y-Trayectorias-Antifascistas-01-1068x1335.jpg",1068,1335,true],"td_0x420":["https:\/\/idihcs.fahce.unlp.edu.ar\/cinig\/wp-content\/uploads\/sites\/16\/2023\/10\/III-Coloquio-sobre-Genero-y-Trayectorias-Antifascistas-01-336x420.jpg",336,420,true],"td_1920x0":["https:\/\/idihcs.fahce.unlp.edu.ar\/cinig\/wp-content\/uploads\/sites\/16\/2023\/10\/III-Coloquio-sobre-Genero-y-Trayectorias-Antifascistas-01.jpg",1080,1350,false],"rt_custom":["https:\/\/idihcs.fahce.unlp.edu.ar\/cinig\/wp-content\/uploads\/sites\/16\/2023\/10\/III-Coloquio-sobre-Genero-y-Trayectorias-Antifascistas-01.jpg",1080,1350,false]},"rttpg_author":{"display_name":"cinig","author_link":"https:\/\/idihcs.fahce.unlp.edu.ar\/cinig\/author\/cinig\/"},"rttpg_comment":0,"rttpg_category":"<a href=\"https:\/\/idihcs.fahce.unlp.edu.ar\/cinig\/category\/novedades\/\" rel=\"category tag\">Novedades<\/a>","rttpg_excerpt":"Mi\u00e9rcoles 25 de octubre. 13 a 15 horas (hora Argentina). Transmisi\u00f3n por YouTube: CIniG.","_links":{"self":[{"href":"https:\/\/idihcs.fahce.unlp.edu.ar\/cinig\/wp-json\/wp\/v2\/posts\/1819","targetHints":{"allow":["GET"]}}],"collection":[{"href":"https:\/\/idihcs.fahce.unlp.edu.ar\/cinig\/wp-json\/wp\/v2\/posts"}],"about":[{"href":"https:\/\/idihcs.fahce.unlp.edu.ar\/cinig\/wp-json\/wp\/v2\/types\/post"}],"author":[{"embeddable":true,"href":"https:\/\/idihcs.fahce.unlp.edu.ar\/cinig\/wp-json\/wp\/v2\/users\/7"}],"replies":[{"embeddable":true,"href":"https:\/\/idihcs.fahce.unlp.edu.ar\/cinig\/wp-json\/wp\/v2\/comments?post=1819"}],"version-history":[{"count":1,"href":"https:\/\/idihcs.fahce.unlp.edu.ar\/cinig\/wp-json\/wp\/v2\/posts\/1819\/revisions"}],"predecessor-version":[{"id":1821,"href":"https:\/\/idihcs.fahce.unlp.edu.ar\/cinig\/wp-json\/wp\/v2\/posts\/1819\/revisions\/1821"}],"wp:featuredmedia":[{"embeddable":true,"href":"https:\/\/idihcs.fahce.unlp.edu.ar\/cinig\/wp-json\/wp\/v2\/media\/1820"}],"wp:attachment":[{"href":"https:\/\/idihcs.fahce.unlp.edu.ar\/cinig\/wp-json\/wp\/v2\/media?parent=1819"}],"wp:term":[{"taxonomy":"category","embeddable":true,"href":"https:\/\/idihcs.fahce.unlp.edu.ar\/cinig\/wp-json\/wp\/v2\/categories?post=1819"}],"curies":[{"name":"wp","href":"https:\/\/api.w.org\/{rel}","templated":true}]}}