{"id":1510,"date":"2022-10-31T12:38:44","date_gmt":"2022-10-31T15:38:44","guid":{"rendered":"https:\/\/idihcs.fahce.unlp.edu.ar\/cinig\/?p=1510"},"modified":"2022-11-02T12:34:16","modified_gmt":"2022-11-02T15:34:16","slug":"jornadas-de-becaries-del-cinig","status":"publish","type":"post","link":"https:\/\/idihcs.fahce.unlp.edu.ar\/cinig\/jornadas-de-becaries-del-cinig\/","title":{"rendered":"Jornada de becaries del CInIG"},"content":{"rendered":"\n<p>Les invitamos a presenciar las Jornadas de becaries del CInIG que se realizar\u00e1n el 4 de noviembre de 10 a 16hs en el aula C-207 de la Facultad de Humanidades y Ciencias de la Educaci\u00f3n.&nbsp;Las Jornadas de becaries son un espacio de encuentro para exponer y compartir los avances, inquietudes y estrategias de nuestras investigaciones en proceso. Este a\u00f1o, cuentan con tres ejes de trabajo: cuestiones metodol\u00f3gicas, \u00edndice comentado y avances sobre cap\u00edtulos de tesis. <\/p>\n\n\n\n<p>Exponen: Ail\u00edn Basilio Fabris, Mar\u00eda Eugenia Vel\u00e1zquez, Milagros Rocha, Tom\u00e1s Gomariz, Viviana Pappier, Juliana Esquivel, Ana Carou, Julieta Maiar\u00fa, Rosario G\u00f3mez Molla. <\/p>\n\n\n\n<p>Comentan: Indi Valobra y Guillermo De Martinelli. <br>La participaci\u00f3n es libre y gratuita. \u00a1Les esperamos!<\/p>\n\n\n<figure class=\"wp-block-post-featured-image\"><img loading=\"lazy\" decoding=\"async\" width=\"1024\" height=\"1280\" src=\"https:\/\/idihcs.fahce.unlp.edu.ar\/cinig\/wp-content\/uploads\/sites\/16\/2022\/10\/IMG-20221031-WA0009.jpg\" class=\"attachment-post-thumbnail size-post-thumbnail wp-post-image\" alt=\"\" style=\"object-fit:cover;\" srcset=\"https:\/\/idihcs.fahce.unlp.edu.ar\/cinig\/wp-content\/uploads\/sites\/16\/2022\/10\/IMG-20221031-WA0009.jpg 1024w, https:\/\/idihcs.fahce.unlp.edu.ar\/cinig\/wp-content\/uploads\/sites\/16\/2022\/10\/IMG-20221031-WA0009-240x300.jpg 240w, https:\/\/idihcs.fahce.unlp.edu.ar\/cinig\/wp-content\/uploads\/sites\/16\/2022\/10\/IMG-20221031-WA0009-819x1024.jpg 819w, https:\/\/idihcs.fahce.unlp.edu.ar\/cinig\/wp-content\/uploads\/sites\/16\/2022\/10\/IMG-20221031-WA0009-768x960.jpg 768w, https:\/\/idihcs.fahce.unlp.edu.ar\/cinig\/wp-content\/uploads\/sites\/16\/2022\/10\/IMG-20221031-WA0009-696x870.jpg 696w, https:\/\/idihcs.fahce.unlp.edu.ar\/cinig\/wp-content\/uploads\/sites\/16\/2022\/10\/IMG-20221031-WA0009-336x420.jpg 336w\" sizes=\"auto, (max-width: 1024px) 100vw, 1024px\" \/><\/figure>","protected":false},"excerpt":{"rendered":"<p>Les invitamos a presenciar las Jornadas de becaries del CInIG que se realizar\u00e1n el 4 de noviembre de 10 a 16hs en el aula C-207 de la Facultad de Humanidades y Ciencias de la Educaci\u00f3n.&nbsp;Las Jornadas de becaries son un espacio de encuentro para exponer y compartir los avances, inquietudes y estrategias de nuestras investigaciones [&hellip;]<\/p>\n","protected":false},"author":7,"featured_media":1512,"comment_status":"closed","ping_status":"closed","sticky":false,"template":"","format":"standard","meta":{"_themeisle_gutenberg_block_has_review":false,"footnotes":""},"categories":[4],"class_list":["post-1510","post","type-post","status-publish","format-standard","has-post-thumbnail","hentry","category-novedades"],"acf":[],"rttpg_featured_image_url":{"full":["https:\/\/idihcs.fahce.unlp.edu.ar\/cinig\/wp-content\/uploads\/sites\/16\/2022\/10\/IMG-20221031-WA0009.jpg",1024,1280,false],"landscape":["https:\/\/idihcs.fahce.unlp.edu.ar\/cinig\/wp-content\/uploads\/sites\/16\/2022\/10\/IMG-20221031-WA0009.jpg",1024,1280,false],"portraits":["https:\/\/idihcs.fahce.unlp.edu.ar\/cinig\/wp-content\/uploads\/sites\/16\/2022\/10\/IMG-20221031-WA0009.jpg",1024,1280,false],"thumbnail":["https:\/\/idihcs.fahce.unlp.edu.ar\/cinig\/wp-content\/uploads\/sites\/16\/2022\/10\/IMG-20221031-WA0009-150x150.jpg",150,150,true],"medium":["https:\/\/idihcs.fahce.unlp.edu.ar\/cinig\/wp-content\/uploads\/sites\/16\/2022\/10\/IMG-20221031-WA0009-240x300.jpg",240,300,true],"large":["https:\/\/idihcs.fahce.unlp.edu.ar\/cinig\/wp-content\/uploads\/sites\/16\/2022\/10\/IMG-20221031-WA0009-819x1024.jpg",696,870,true],"1536x1536":["https:\/\/idihcs.fahce.unlp.edu.ar\/cinig\/wp-content\/uploads\/sites\/16\/2022\/10\/IMG-20221031-WA0009.jpg",1024,1280,false],"2048x2048":["https:\/\/idihcs.fahce.unlp.edu.ar\/cinig\/wp-content\/uploads\/sites\/16\/2022\/10\/IMG-20221031-WA0009.jpg",1024,1280,false],"td_80x60":["https:\/\/idihcs.fahce.unlp.edu.ar\/cinig\/wp-content\/uploads\/sites\/16\/2022\/10\/IMG-20221031-WA0009-80x60.jpg",80,60,true],"td_100x70":["https:\/\/idihcs.fahce.unlp.edu.ar\/cinig\/wp-content\/uploads\/sites\/16\/2022\/10\/IMG-20221031-WA0009-100x70.jpg",100,70,true],"td_218x150":["https:\/\/idihcs.fahce.unlp.edu.ar\/cinig\/wp-content\/uploads\/sites\/16\/2022\/10\/IMG-20221031-WA0009-218x150.jpg",218,150,true],"td_265x198":["https:\/\/idihcs.fahce.unlp.edu.ar\/cinig\/wp-content\/uploads\/sites\/16\/2022\/10\/IMG-20221031-WA0009-265x198.jpg",265,198,true],"td_324x160":["https:\/\/idihcs.fahce.unlp.edu.ar\/cinig\/wp-content\/uploads\/sites\/16\/2022\/10\/IMG-20221031-WA0009-324x160.jpg",324,160,true],"td_324x235":["https:\/\/idihcs.fahce.unlp.edu.ar\/cinig\/wp-content\/uploads\/sites\/16\/2022\/10\/IMG-20221031-WA0009-324x235.jpg",324,235,true],"td_324x400":["https:\/\/idihcs.fahce.unlp.edu.ar\/cinig\/wp-content\/uploads\/sites\/16\/2022\/10\/IMG-20221031-WA0009-324x400.jpg",324,400,true],"td_356x220":["https:\/\/idihcs.fahce.unlp.edu.ar\/cinig\/wp-content\/uploads\/sites\/16\/2022\/10\/IMG-20221031-WA0009-356x220.jpg",356,220,true],"td_356x364":["https:\/\/idihcs.fahce.unlp.edu.ar\/cinig\/wp-content\/uploads\/sites\/16\/2022\/10\/IMG-20221031-WA0009-356x364.jpg",356,364,true],"td_485x360":["https:\/\/idihcs.fahce.unlp.edu.ar\/cinig\/wp-content\/uploads\/sites\/16\/2022\/10\/IMG-20221031-WA0009-485x360.jpg",485,360,true],"td_533x261":["https:\/\/idihcs.fahce.unlp.edu.ar\/cinig\/wp-content\/uploads\/sites\/16\/2022\/10\/IMG-20221031-WA0009-533x261.jpg",533,261,true],"td_534x462":["https:\/\/idihcs.fahce.unlp.edu.ar\/cinig\/wp-content\/uploads\/sites\/16\/2022\/10\/IMG-20221031-WA0009-534x462.jpg",534,462,true],"td_696x0":["https:\/\/idihcs.fahce.unlp.edu.ar\/cinig\/wp-content\/uploads\/sites\/16\/2022\/10\/IMG-20221031-WA0009-696x870.jpg",696,870,true],"td_696x385":["https:\/\/idihcs.fahce.unlp.edu.ar\/cinig\/wp-content\/uploads\/sites\/16\/2022\/10\/IMG-20221031-WA0009-696x385.jpg",696,385,true],"td_741x486":["https:\/\/idihcs.fahce.unlp.edu.ar\/cinig\/wp-content\/uploads\/sites\/16\/2022\/10\/IMG-20221031-WA0009-741x486.jpg",741,486,true],"td_1068x580":["https:\/\/idihcs.fahce.unlp.edu.ar\/cinig\/wp-content\/uploads\/sites\/16\/2022\/10\/IMG-20221031-WA0009-1024x580.jpg",1024,580,true],"td_1068x0":["https:\/\/idihcs.fahce.unlp.edu.ar\/cinig\/wp-content\/uploads\/sites\/16\/2022\/10\/IMG-20221031-WA0009.jpg",1024,1280,false],"td_0x420":["https:\/\/idihcs.fahce.unlp.edu.ar\/cinig\/wp-content\/uploads\/sites\/16\/2022\/10\/IMG-20221031-WA0009-336x420.jpg",336,420,true],"td_1920x0":["https:\/\/idihcs.fahce.unlp.edu.ar\/cinig\/wp-content\/uploads\/sites\/16\/2022\/10\/IMG-20221031-WA0009.jpg",1024,1280,false],"rt_custom":["https:\/\/idihcs.fahce.unlp.edu.ar\/cinig\/wp-content\/uploads\/sites\/16\/2022\/10\/IMG-20221031-WA0009.jpg",1024,1280,false]},"rttpg_author":{"display_name":"cinig","author_link":"https:\/\/idihcs.fahce.unlp.edu.ar\/cinig\/author\/cinig\/"},"rttpg_comment":0,"rttpg_category":"<a href=\"https:\/\/idihcs.fahce.unlp.edu.ar\/cinig\/category\/novedades\/\" rel=\"category tag\">Novedades<\/a>","rttpg_excerpt":"Les invitamos a presenciar las Jornadas de becaries del CInIG que se realizar\u00e1n el 4 de noviembre de 10 a 16hs en el aula C-207 de la Facultad de Humanidades y Ciencias de la Educaci\u00f3n.&nbsp;Las Jornadas de becaries son un espacio de encuentro para exponer y compartir los avances, inquietudes y estrategias de nuestras investigaciones&hellip;","_links":{"self":[{"href":"https:\/\/idihcs.fahce.unlp.edu.ar\/cinig\/wp-json\/wp\/v2\/posts\/1510","targetHints":{"allow":["GET"]}}],"collection":[{"href":"https:\/\/idihcs.fahce.unlp.edu.ar\/cinig\/wp-json\/wp\/v2\/posts"}],"about":[{"href":"https:\/\/idihcs.fahce.unlp.edu.ar\/cinig\/wp-json\/wp\/v2\/types\/post"}],"author":[{"embeddable":true,"href":"https:\/\/idihcs.fahce.unlp.edu.ar\/cinig\/wp-json\/wp\/v2\/users\/7"}],"replies":[{"embeddable":true,"href":"https:\/\/idihcs.fahce.unlp.edu.ar\/cinig\/wp-json\/wp\/v2\/comments?post=1510"}],"version-history":[{"count":2,"href":"https:\/\/idihcs.fahce.unlp.edu.ar\/cinig\/wp-json\/wp\/v2\/posts\/1510\/revisions"}],"predecessor-version":[{"id":1515,"href":"https:\/\/idihcs.fahce.unlp.edu.ar\/cinig\/wp-json\/wp\/v2\/posts\/1510\/revisions\/1515"}],"wp:featuredmedia":[{"embeddable":true,"href":"https:\/\/idihcs.fahce.unlp.edu.ar\/cinig\/wp-json\/wp\/v2\/media\/1512"}],"wp:attachment":[{"href":"https:\/\/idihcs.fahce.unlp.edu.ar\/cinig\/wp-json\/wp\/v2\/media?parent=1510"}],"wp:term":[{"taxonomy":"category","embeddable":true,"href":"https:\/\/idihcs.fahce.unlp.edu.ar\/cinig\/wp-json\/wp\/v2\/categories?post=1510"}],"curies":[{"name":"wp","href":"https:\/\/api.w.org\/{rel}","templated":true}]}}