{"id":755,"date":"2023-10-03T16:29:05","date_gmt":"2023-10-03T19:29:05","guid":{"rendered":"https:\/\/idihcs.fahce.unlp.edu.ar\/cimecs\/?p=755"},"modified":"2024-04-22T16:07:31","modified_gmt":"2024-04-22T19:07:31","slug":"cuadernos-metodologicos-del-cimecs-n-1","status":"publish","type":"post","link":"https:\/\/idihcs.fahce.unlp.edu.ar\/cimecs\/cuadernos-metodologicos-del-cimecs-n-1\/","title":{"rendered":"Cuadernos Metodol\u00f3gicos del CIMeCS | N 1"},"content":{"rendered":"<h3><img loading=\"lazy\" decoding=\"async\" class=\"alignleft wp-image-748 size-medium\" src=\"https:\/\/idihcs.fahce.unlp.edu.ar\/cimecs\/wp-content\/uploads\/sites\/17\/2023\/10\/Tapa-cuadernos-Metodo-219x300.jpg\" alt=\"\" width=\"219\" height=\"300\" srcset=\"https:\/\/idihcs.fahce.unlp.edu.ar\/cimecs\/wp-content\/uploads\/sites\/17\/2023\/10\/Tapa-cuadernos-Metodo-219x300.jpg 219w, https:\/\/idihcs.fahce.unlp.edu.ar\/cimecs\/wp-content\/uploads\/sites\/17\/2023\/10\/Tapa-cuadernos-Metodo-306x420.jpg 306w, https:\/\/idihcs.fahce.unlp.edu.ar\/cimecs\/wp-content\/uploads\/sites\/17\/2023\/10\/Tapa-cuadernos-Metodo.jpg 413w\" sizes=\"auto, (max-width: 219px) 100vw, 219px\" \/><span style=\"color: #33cccc;\"><a style=\"color: #33cccc;\" href=\"https:\/\/idihcs.fahce.unlp.edu.ar\/cimecs\/wp-content\/uploads\/sites\/17\/2023\/10\/Cuadernillo-Cimecs_edit.pdf\" target=\"_blank\" rel=\"noopener\">El uso de recursos digitales<br \/>\nen el campo de la investigaci\u00f3n social<\/a><\/span><\/h3>\n<p>Presentaci\u00f3n: Breve historia de un comienzo &#8211; <strong>Leticia Mu\u00f1iz Terra<\/strong><br \/>\nPrincipios de etnograf\u00eda digital &#8211; <strong>Elisenda Ard\u00e8vol<\/strong><br \/>\nReflexiones en torno a la transformaci\u00f3n digital y la investigaci\u00f3n social: un debate necesario en Am\u00e9rica Latina &#8211; <strong>Mar\u00eda Eugenia Rausky &amp; Javier A. Santos<\/strong><br \/>\nMemoria reflexiva de un proceso de investigaci\u00f3n: la cuesti\u00f3n digital interpelada \u2013 <strong>Paula Cuestas<\/strong><\/p>\n<h4><span style=\"color: #33cccc;\"><strong><a style=\"color: #33cccc;\" href=\"https:\/\/idihcs.fahce.unlp.edu.ar\/cimecs\/wp-content\/uploads\/sites\/17\/2023\/10\/Cuadernillo-Cimecs_edit.pdf\" target=\"_blank\" rel=\"noopener\">Cuaderno Descargable<\/a><\/strong><\/span><\/h4>\n<p>ISSN 3008-7597<br \/>\nFecha de edici\u00f3n: octubre 23 de 2023<\/p>\n","protected":false},"excerpt":{"rendered":"<p>El uso de recursos digitales en el campo de la investigaci\u00f3n social Presentaci\u00f3n: Breve historia de un comienzo &#8211; Leticia Mu\u00f1iz Terra Principios de etnograf\u00eda digital &#8211; Elisenda Ard\u00e8vol Reflexiones en torno a la transformaci\u00f3n digital y la investigaci\u00f3n social: un debate necesario en Am\u00e9rica Latina &#8211; Mar\u00eda Eugenia Rausky &amp; Javier A. Santos Memoria [&hellip;]<\/p>\n","protected":false},"author":21,"featured_media":748,"comment_status":"closed","ping_status":"closed","sticky":false,"template":"","format":"standard","meta":{"_themeisle_gutenberg_block_has_review":false,"footnotes":""},"categories":[13,2,4],"class_list":["post-755","post","type-post","status-publish","format-standard","has-post-thumbnail","hentry","category-cuadernos-metodologicos","category-destacados","category-novedades"],"acf":[],"rttpg_featured_image_url":{"full":["https:\/\/idihcs.fahce.unlp.edu.ar\/cimecs\/wp-content\/uploads\/sites\/17\/2023\/10\/Tapa-cuadernos-Metodo.jpg",413,566,false],"landscape":["https:\/\/idihcs.fahce.unlp.edu.ar\/cimecs\/wp-content\/uploads\/sites\/17\/2023\/10\/Tapa-cuadernos-Metodo.jpg",413,566,false],"portraits":["https:\/\/idihcs.fahce.unlp.edu.ar\/cimecs\/wp-content\/uploads\/sites\/17\/2023\/10\/Tapa-cuadernos-Metodo.jpg",413,566,false],"thumbnail":["https:\/\/idihcs.fahce.unlp.edu.ar\/cimecs\/wp-content\/uploads\/sites\/17\/2023\/10\/Tapa-cuadernos-Metodo-150x150.jpg",150,150,true],"medium":["https:\/\/idihcs.fahce.unlp.edu.ar\/cimecs\/wp-content\/uploads\/sites\/17\/2023\/10\/Tapa-cuadernos-Metodo-219x300.jpg",219,300,true],"large":["https:\/\/idihcs.fahce.unlp.edu.ar\/cimecs\/wp-content\/uploads\/sites\/17\/2023\/10\/Tapa-cuadernos-Metodo.jpg",413,566,false],"1536x1536":["https:\/\/idihcs.fahce.unlp.edu.ar\/cimecs\/wp-content\/uploads\/sites\/17\/2023\/10\/Tapa-cuadernos-Metodo.jpg",413,566,false],"2048x2048":["https:\/\/idihcs.fahce.unlp.edu.ar\/cimecs\/wp-content\/uploads\/sites\/17\/2023\/10\/Tapa-cuadernos-Metodo.jpg",413,566,false],"td_80x60":["https:\/\/idihcs.fahce.unlp.edu.ar\/cimecs\/wp-content\/uploads\/sites\/17\/2023\/10\/Tapa-cuadernos-Metodo-80x60.jpg",80,60,true],"td_100x70":["https:\/\/idihcs.fahce.unlp.edu.ar\/cimecs\/wp-content\/uploads\/sites\/17\/2023\/10\/Tapa-cuadernos-Metodo-100x70.jpg",100,70,true],"td_218x150":["https:\/\/idihcs.fahce.unlp.edu.ar\/cimecs\/wp-content\/uploads\/sites\/17\/2023\/10\/Tapa-cuadernos-Metodo-218x150.jpg",218,150,true],"td_265x198":["https:\/\/idihcs.fahce.unlp.edu.ar\/cimecs\/wp-content\/uploads\/sites\/17\/2023\/10\/Tapa-cuadernos-Metodo-265x198.jpg",265,198,true],"td_324x160":["https:\/\/idihcs.fahce.unlp.edu.ar\/cimecs\/wp-content\/uploads\/sites\/17\/2023\/10\/Tapa-cuadernos-Metodo-324x160.jpg",324,160,true],"td_324x235":["https:\/\/idihcs.fahce.unlp.edu.ar\/cimecs\/wp-content\/uploads\/sites\/17\/2023\/10\/Tapa-cuadernos-Metodo-324x235.jpg",324,235,true],"td_324x400":["https:\/\/idihcs.fahce.unlp.edu.ar\/cimecs\/wp-content\/uploads\/sites\/17\/2023\/10\/Tapa-cuadernos-Metodo-324x400.jpg",324,400,true],"td_356x220":["https:\/\/idihcs.fahce.unlp.edu.ar\/cimecs\/wp-content\/uploads\/sites\/17\/2023\/10\/Tapa-cuadernos-Metodo-356x220.jpg",356,220,true],"td_356x364":["https:\/\/idihcs.fahce.unlp.edu.ar\/cimecs\/wp-content\/uploads\/sites\/17\/2023\/10\/Tapa-cuadernos-Metodo-356x364.jpg",356,364,true],"td_485x360":["https:\/\/idihcs.fahce.unlp.edu.ar\/cimecs\/wp-content\/uploads\/sites\/17\/2023\/10\/Tapa-cuadernos-Metodo-413x360.jpg",413,360,true],"td_533x261":["https:\/\/idihcs.fahce.unlp.edu.ar\/cimecs\/wp-content\/uploads\/sites\/17\/2023\/10\/Tapa-cuadernos-Metodo-413x261.jpg",413,261,true],"td_534x462":["https:\/\/idihcs.fahce.unlp.edu.ar\/cimecs\/wp-content\/uploads\/sites\/17\/2023\/10\/Tapa-cuadernos-Metodo-413x462.jpg",413,462,true],"td_696x0":["https:\/\/idihcs.fahce.unlp.edu.ar\/cimecs\/wp-content\/uploads\/sites\/17\/2023\/10\/Tapa-cuadernos-Metodo.jpg",413,566,false],"td_696x385":["https:\/\/idihcs.fahce.unlp.edu.ar\/cimecs\/wp-content\/uploads\/sites\/17\/2023\/10\/Tapa-cuadernos-Metodo-413x385.jpg",413,385,true],"td_741x486":["https:\/\/idihcs.fahce.unlp.edu.ar\/cimecs\/wp-content\/uploads\/sites\/17\/2023\/10\/Tapa-cuadernos-Metodo-413x486.jpg",413,486,true],"td_1068x580":["https:\/\/idihcs.fahce.unlp.edu.ar\/cimecs\/wp-content\/uploads\/sites\/17\/2023\/10\/Tapa-cuadernos-Metodo.jpg",413,566,false],"td_1068x0":["https:\/\/idihcs.fahce.unlp.edu.ar\/cimecs\/wp-content\/uploads\/sites\/17\/2023\/10\/Tapa-cuadernos-Metodo.jpg",413,566,false],"td_0x420":["https:\/\/idihcs.fahce.unlp.edu.ar\/cimecs\/wp-content\/uploads\/sites\/17\/2023\/10\/Tapa-cuadernos-Metodo-306x420.jpg",306,420,true],"td_1920x0":["https:\/\/idihcs.fahce.unlp.edu.ar\/cimecs\/wp-content\/uploads\/sites\/17\/2023\/10\/Tapa-cuadernos-Metodo.jpg",413,566,false],"rt_custom":["https:\/\/idihcs.fahce.unlp.edu.ar\/cimecs\/wp-content\/uploads\/sites\/17\/2023\/10\/Tapa-cuadernos-Metodo.jpg",413,566,false]},"rttpg_author":{"display_name":"psalguero","author_link":"https:\/\/idihcs.fahce.unlp.edu.ar\/cimecs\/author\/psalguero\/"},"rttpg_comment":0,"rttpg_category":"<a href=\"https:\/\/idihcs.fahce.unlp.edu.ar\/cimecs\/category\/cuadernos-metodologicos\/\" rel=\"category tag\">Cuadernos Metodol\u00f3gicos<\/a> <a href=\"https:\/\/idihcs.fahce.unlp.edu.ar\/cimecs\/category\/destacados\/\" rel=\"category tag\">Destacados<\/a> <a href=\"https:\/\/idihcs.fahce.unlp.edu.ar\/cimecs\/category\/novedades\/\" rel=\"category tag\">Novedades<\/a>","rttpg_excerpt":"El uso de recursos digitales en el campo de la investigaci\u00f3n social Presentaci\u00f3n: Breve historia de un comienzo &#8211; Leticia Mu\u00f1iz Terra Principios de etnograf\u00eda digital &#8211; Elisenda Ard\u00e8vol Reflexiones en torno a la transformaci\u00f3n digital y la investigaci\u00f3n social: un debate necesario en Am\u00e9rica Latina &#8211; Mar\u00eda Eugenia Rausky &amp; Javier A. Santos Memoria&hellip;","_links":{"self":[{"href":"https:\/\/idihcs.fahce.unlp.edu.ar\/cimecs\/wp-json\/wp\/v2\/posts\/755","targetHints":{"allow":["GET"]}}],"collection":[{"href":"https:\/\/idihcs.fahce.unlp.edu.ar\/cimecs\/wp-json\/wp\/v2\/posts"}],"about":[{"href":"https:\/\/idihcs.fahce.unlp.edu.ar\/cimecs\/wp-json\/wp\/v2\/types\/post"}],"author":[{"embeddable":true,"href":"https:\/\/idihcs.fahce.unlp.edu.ar\/cimecs\/wp-json\/wp\/v2\/users\/21"}],"replies":[{"embeddable":true,"href":"https:\/\/idihcs.fahce.unlp.edu.ar\/cimecs\/wp-json\/wp\/v2\/comments?post=755"}],"version-history":[{"count":11,"href":"https:\/\/idihcs.fahce.unlp.edu.ar\/cimecs\/wp-json\/wp\/v2\/posts\/755\/revisions"}],"predecessor-version":[{"id":811,"href":"https:\/\/idihcs.fahce.unlp.edu.ar\/cimecs\/wp-json\/wp\/v2\/posts\/755\/revisions\/811"}],"wp:featuredmedia":[{"embeddable":true,"href":"https:\/\/idihcs.fahce.unlp.edu.ar\/cimecs\/wp-json\/wp\/v2\/media\/748"}],"wp:attachment":[{"href":"https:\/\/idihcs.fahce.unlp.edu.ar\/cimecs\/wp-json\/wp\/v2\/media?parent=755"}],"wp:term":[{"taxonomy":"category","embeddable":true,"href":"https:\/\/idihcs.fahce.unlp.edu.ar\/cimecs\/wp-json\/wp\/v2\/categories?post=755"}],"curies":[{"name":"wp","href":"https:\/\/api.w.org\/{rel}","templated":true}]}}