{"id":670,"date":"2023-03-10T09:57:25","date_gmt":"2023-03-10T12:57:25","guid":{"rendered":"https:\/\/idihcs.fahce.unlp.edu.ar\/cimecs\/?p=670"},"modified":"2026-03-30T11:44:02","modified_gmt":"2026-03-30T14:44:02","slug":"670-2","status":"publish","type":"post","link":"https:\/\/idihcs.fahce.unlp.edu.ar\/cimecs\/670-2\/","title":{"rendered":"Publicaci\u00f3n de &#8220;La cuesti\u00f3n alimentaria en tiempos de ASPO-COVID-19&#8221;"},"content":{"rendered":"\n<p>En el marco de la difusi\u00f3n de resultados de los proyectos PISAC-COVID 19, anunciamos la publicaci\u00f3n del libro &#8220;La cuesti\u00f3n alimentaria en tiempos de ASPO-COVID-19&#8221;, coordinado por la Dra. I. Tu\u00f1on. Miembros de nuestro centro junto con una red de equipos de trabajo en diferentes regiones del pa\u00eds se volcaron a la investigaci\u00f3n cuanti-cualitativa del fen\u00f3meno de la seguridad alimentaria de las infancias, en particular, de las m\u00e1s vulnerables. <\/p>\n\n\n\n<p>El libro ofrece una mirada integral para comprender el fen\u00f3meno de la (in)seguridad alimentaria en un contexto de crisis sanitaria, y profundizaci\u00f3n de la crisis social, y sus posibles impactos en la salud integral de ni\u00f1os, ni\u00f1as y adolescentes. &nbsp; <\/p>\n\n\n\n<p>Enlace al libro <a href=\"https:\/\/www.editorialbiblos.com.ar\/libro\/la-cuestion-alimentaria-en-tiempos-de-aspo-covid-19_145787\/\">aqu\u00ed<\/a>.<\/p>\n\n\n\n<figure class=\"wp-block-image size-large is-resized\"><img loading=\"lazy\" decoding=\"async\" src=\"https:\/\/idihcs.fahce.unlp.edu.ar\/cimecs\/wp-content\/uploads\/sites\/17\/2023\/03\/tapa-del-libro-1-706x1024.gif\" alt=\"\" class=\"wp-image-671\" width=\"296\" height=\"430\" srcset=\"https:\/\/idihcs.fahce.unlp.edu.ar\/cimecs\/wp-content\/uploads\/sites\/17\/2023\/03\/tapa-del-libro-1-706x1024.gif 706w, https:\/\/idihcs.fahce.unlp.edu.ar\/cimecs\/wp-content\/uploads\/sites\/17\/2023\/03\/tapa-del-libro-1-207x300.gif 207w, https:\/\/idihcs.fahce.unlp.edu.ar\/cimecs\/wp-content\/uploads\/sites\/17\/2023\/03\/tapa-del-libro-1-768x1114.gif 768w, https:\/\/idihcs.fahce.unlp.edu.ar\/cimecs\/wp-content\/uploads\/sites\/17\/2023\/03\/tapa-del-libro-1-696x1010.gif 696w, https:\/\/idihcs.fahce.unlp.edu.ar\/cimecs\/wp-content\/uploads\/sites\/17\/2023\/03\/tapa-del-libro-1-289x420.gif 289w\" sizes=\"auto, (max-width: 296px) 100vw, 296px\" \/><\/figure>\n","protected":false},"excerpt":{"rendered":"<p>En el marco de la difusi\u00f3n de resultados de los proyectos PISAC-COVID 19, anunciamos la publicaci\u00f3n del libro &#8220;La cuesti\u00f3n alimentaria en tiempos de ASPO-COVID-19&#8221;, coordinado por la Dra. I. Tu\u00f1on. Miembros de nuestro centro junto con una red de equipos de trabajo en diferentes regiones del pa\u00eds se volcaron a la investigaci\u00f3n cuanti-cualitativa del [&hellip;]<\/p>\n","protected":false},"author":8,"featured_media":671,"comment_status":"closed","ping_status":"closed","sticky":false,"template":"","format":"standard","meta":{"_themeisle_gutenberg_block_has_review":false,"footnotes":""},"categories":[2,4,24],"class_list":["post-670","post","type-post","status-publish","format-standard","has-post-thumbnail","hentry","category-destacados","category-novedades","category-publicaciones"],"acf":[],"rttpg_featured_image_url":{"full":["https:\/\/idihcs.fahce.unlp.edu.ar\/cimecs\/wp-content\/uploads\/sites\/17\/2023\/03\/tapa-del-libro-1.gif",916,1329,false],"landscape":["https:\/\/idihcs.fahce.unlp.edu.ar\/cimecs\/wp-content\/uploads\/sites\/17\/2023\/03\/tapa-del-libro-1.gif",916,1329,false],"portraits":["https:\/\/idihcs.fahce.unlp.edu.ar\/cimecs\/wp-content\/uploads\/sites\/17\/2023\/03\/tapa-del-libro-1.gif",916,1329,false],"thumbnail":["https:\/\/idihcs.fahce.unlp.edu.ar\/cimecs\/wp-content\/uploads\/sites\/17\/2023\/03\/tapa-del-libro-1-150x150.gif",150,150,true],"medium":["https:\/\/idihcs.fahce.unlp.edu.ar\/cimecs\/wp-content\/uploads\/sites\/17\/2023\/03\/tapa-del-libro-1-207x300.gif",207,300,true],"large":["https:\/\/idihcs.fahce.unlp.edu.ar\/cimecs\/wp-content\/uploads\/sites\/17\/2023\/03\/tapa-del-libro-1-706x1024.gif",696,1009,true],"1536x1536":["https:\/\/idihcs.fahce.unlp.edu.ar\/cimecs\/wp-content\/uploads\/sites\/17\/2023\/03\/tapa-del-libro-1.gif",916,1329,false],"2048x2048":["https:\/\/idihcs.fahce.unlp.edu.ar\/cimecs\/wp-content\/uploads\/sites\/17\/2023\/03\/tapa-del-libro-1.gif",916,1329,false],"td_80x60":["https:\/\/idihcs.fahce.unlp.edu.ar\/cimecs\/wp-content\/uploads\/sites\/17\/2023\/03\/tapa-del-libro-1-80x60.gif",80,60,true],"td_100x70":["https:\/\/idihcs.fahce.unlp.edu.ar\/cimecs\/wp-content\/uploads\/sites\/17\/2023\/03\/tapa-del-libro-1-100x70.gif",100,70,true],"td_218x150":["https:\/\/idihcs.fahce.unlp.edu.ar\/cimecs\/wp-content\/uploads\/sites\/17\/2023\/03\/tapa-del-libro-1-218x150.gif",218,150,true],"td_265x198":["https:\/\/idihcs.fahce.unlp.edu.ar\/cimecs\/wp-content\/uploads\/sites\/17\/2023\/03\/tapa-del-libro-1-265x198.gif",265,198,true],"td_324x160":["https:\/\/idihcs.fahce.unlp.edu.ar\/cimecs\/wp-content\/uploads\/sites\/17\/2023\/03\/tapa-del-libro-1-324x160.gif",324,160,true],"td_324x235":["https:\/\/idihcs.fahce.unlp.edu.ar\/cimecs\/wp-content\/uploads\/sites\/17\/2023\/03\/tapa-del-libro-1-324x235.gif",324,235,true],"td_324x400":["https:\/\/idihcs.fahce.unlp.edu.ar\/cimecs\/wp-content\/uploads\/sites\/17\/2023\/03\/tapa-del-libro-1-324x400.gif",324,400,true],"td_356x220":["https:\/\/idihcs.fahce.unlp.edu.ar\/cimecs\/wp-content\/uploads\/sites\/17\/2023\/03\/tapa-del-libro-1-356x220.gif",356,220,true],"td_356x364":["https:\/\/idihcs.fahce.unlp.edu.ar\/cimecs\/wp-content\/uploads\/sites\/17\/2023\/03\/tapa-del-libro-1-356x364.gif",356,364,true],"td_485x360":["https:\/\/idihcs.fahce.unlp.edu.ar\/cimecs\/wp-content\/uploads\/sites\/17\/2023\/03\/tapa-del-libro-1-485x360.gif",485,360,true],"td_533x261":["https:\/\/idihcs.fahce.unlp.edu.ar\/cimecs\/wp-content\/uploads\/sites\/17\/2023\/03\/tapa-del-libro-1-533x261.gif",533,261,true],"td_534x462":["https:\/\/idihcs.fahce.unlp.edu.ar\/cimecs\/wp-content\/uploads\/sites\/17\/2023\/03\/tapa-del-libro-1-534x462.gif",534,462,true],"td_696x0":["https:\/\/idihcs.fahce.unlp.edu.ar\/cimecs\/wp-content\/uploads\/sites\/17\/2023\/03\/tapa-del-libro-1-696x1010.gif",696,1010,true],"td_696x385":["https:\/\/idihcs.fahce.unlp.edu.ar\/cimecs\/wp-content\/uploads\/sites\/17\/2023\/03\/tapa-del-libro-1-696x385.gif",696,385,true],"td_741x486":["https:\/\/idihcs.fahce.unlp.edu.ar\/cimecs\/wp-content\/uploads\/sites\/17\/2023\/03\/tapa-del-libro-1-741x486.gif",741,486,true],"td_1068x580":["https:\/\/idihcs.fahce.unlp.edu.ar\/cimecs\/wp-content\/uploads\/sites\/17\/2023\/03\/tapa-del-libro-1-916x580.gif",916,580,true],"td_1068x0":["https:\/\/idihcs.fahce.unlp.edu.ar\/cimecs\/wp-content\/uploads\/sites\/17\/2023\/03\/tapa-del-libro-1.gif",916,1329,false],"td_0x420":["https:\/\/idihcs.fahce.unlp.edu.ar\/cimecs\/wp-content\/uploads\/sites\/17\/2023\/03\/tapa-del-libro-1-289x420.gif",289,420,true],"td_1920x0":["https:\/\/idihcs.fahce.unlp.edu.ar\/cimecs\/wp-content\/uploads\/sites\/17\/2023\/03\/tapa-del-libro-1.gif",916,1329,false],"rt_custom":["https:\/\/idihcs.fahce.unlp.edu.ar\/cimecs\/wp-content\/uploads\/sites\/17\/2023\/03\/tapa-del-libro-1.gif",916,1329,false]},"rttpg_author":{"display_name":"cimecs","author_link":"https:\/\/idihcs.fahce.unlp.edu.ar\/cimecs\/author\/cimecs\/"},"rttpg_comment":0,"rttpg_category":"<a href=\"https:\/\/idihcs.fahce.unlp.edu.ar\/cimecs\/category\/destacados\/\" rel=\"category tag\">Destacados<\/a> <a href=\"https:\/\/idihcs.fahce.unlp.edu.ar\/cimecs\/category\/novedades\/\" rel=\"category tag\">Novedades<\/a> <a href=\"https:\/\/idihcs.fahce.unlp.edu.ar\/cimecs\/category\/publicaciones\/\" rel=\"category tag\">Publicaciones<\/a>","rttpg_excerpt":"En el marco de la difusi\u00f3n de resultados de los proyectos PISAC-COVID 19, anunciamos la publicaci\u00f3n del libro &#8220;La cuesti\u00f3n alimentaria en tiempos de ASPO-COVID-19&#8221;, coordinado por la Dra. I. Tu\u00f1on. Miembros de nuestro centro junto con una red de equipos de trabajo en diferentes regiones del pa\u00eds se volcaron a la investigaci\u00f3n cuanti-cualitativa del&hellip;","_links":{"self":[{"href":"https:\/\/idihcs.fahce.unlp.edu.ar\/cimecs\/wp-json\/wp\/v2\/posts\/670","targetHints":{"allow":["GET"]}}],"collection":[{"href":"https:\/\/idihcs.fahce.unlp.edu.ar\/cimecs\/wp-json\/wp\/v2\/posts"}],"about":[{"href":"https:\/\/idihcs.fahce.unlp.edu.ar\/cimecs\/wp-json\/wp\/v2\/types\/post"}],"author":[{"embeddable":true,"href":"https:\/\/idihcs.fahce.unlp.edu.ar\/cimecs\/wp-json\/wp\/v2\/users\/8"}],"replies":[{"embeddable":true,"href":"https:\/\/idihcs.fahce.unlp.edu.ar\/cimecs\/wp-json\/wp\/v2\/comments?post=670"}],"version-history":[{"count":7,"href":"https:\/\/idihcs.fahce.unlp.edu.ar\/cimecs\/wp-json\/wp\/v2\/posts\/670\/revisions"}],"predecessor-version":[{"id":678,"href":"https:\/\/idihcs.fahce.unlp.edu.ar\/cimecs\/wp-json\/wp\/v2\/posts\/670\/revisions\/678"}],"wp:featuredmedia":[{"embeddable":true,"href":"https:\/\/idihcs.fahce.unlp.edu.ar\/cimecs\/wp-json\/wp\/v2\/media\/671"}],"wp:attachment":[{"href":"https:\/\/idihcs.fahce.unlp.edu.ar\/cimecs\/wp-json\/wp\/v2\/media?parent=670"}],"wp:term":[{"taxonomy":"category","embeddable":true,"href":"https:\/\/idihcs.fahce.unlp.edu.ar\/cimecs\/wp-json\/wp\/v2\/categories?post=670"}],"curies":[{"name":"wp","href":"https:\/\/api.w.org\/{rel}","templated":true}]}}