{"id":1483,"date":"2026-03-12T10:06:40","date_gmt":"2026-03-12T13:06:40","guid":{"rendered":"https:\/\/idihcs.fahce.unlp.edu.ar\/ciefi\/?p=1483"},"modified":"2026-03-12T11:09:43","modified_gmt":"2026-03-12T14:09:43","slug":"injusticias","status":"publish","type":"post","link":"https:\/\/idihcs.fahce.unlp.edu.ar\/ciefi\/injusticias\/","title":{"rendered":"Injusticias"},"content":{"rendered":"\n<p><strong>20 de marzo \/ 9 a 19 hs<\/strong> \/ aula\u00a0<strong>C 332<\/strong>.<\/p>\n\n\n\n<p>Les invitamos a este <strong>workshop\u00a0<\/strong>avalado por el CIeFi y titulado\u00a0<strong>Injusticias<\/strong>, organizado por\u00a0Marina Trakas (Instituto de Humanidades (IDH), CONICET-UNC), a realizarse<strong>\u00a0el d\u00eda 20 de marzo del corriente de 9 a 19 hs\u00a0<\/strong>en el aula\u00a0<strong>C 332<\/strong>.\u00a0<\/p>\n\n\n\n<p>Resumen:&nbsp;<\/p>\n\n\n\n<p>Este workshop re\u00fane distintos aspectos y problem\u00e1ticas filos\u00f3ficas en torno a injusticias. A trav\u00e9s de debates sobre desigualdad econ\u00f3mica, injusticias cognitivas y afectivas, espacio urbano, memoria y pr\u00e1cticas pol\u00edticas, las presentaciones exploran c\u00f3mo se producen, se experimentan y se pueden cuestionar diversas formas de injusticia.<\/p>\n\n\n\n<p>Participantes presenciales:<br>Facundo Garc\u00eda Valverde &#8211; FLACSO, CONICET &#8211; UBA<br>Marina Trakas &#8211; Instituto de Investigaciones Filos\u00f3ficas (IIF), SADAF &#8211; CONICET<br>Julieta Elgarte &#8211; Centro de Investigaciones en Filosof\u00eda (CIeFi), FaHCE\/FTS &#8211; UNLP<br>Mariela Aguilera &#8211; Instituto de Humanidades (IDH), CONICET-UNC<br>Blas Radi &#8211; UBA-CONICET<\/p>\n\n\n\n<p>Participantes virtuales:<br>Mar\u00eda In\u00e9s Silenzi &#8211; Instituto de Investigaciones Econ\u00f3micas y Sociales del Sur (IIESS),<br>UNS &#8211; CONICET<br>Manuel Francisco Serrano &#8211; Instituto de Investigaciones en Ciencias Humanas y Sociales<br>(IICHS), UNSL &#8211; CONICET<\/p>\n\n\n\n<figure class=\"wp-block-image size-full\"><img loading=\"lazy\" decoding=\"async\" width=\"820\" height=\"1024\" src=\"https:\/\/idihcs.fahce.unlp.edu.ar\/ciefi\/wp-content\/uploads\/sites\/12\/2026\/03\/Algunas-injusticias-en-la-agencia-espacial-1-2.jpg\" alt=\"\" class=\"wp-image-1487\" srcset=\"https:\/\/idihcs.fahce.unlp.edu.ar\/ciefi\/wp-content\/uploads\/sites\/12\/2026\/03\/Algunas-injusticias-en-la-agencia-espacial-1-2.jpg 820w, https:\/\/idihcs.fahce.unlp.edu.ar\/ciefi\/wp-content\/uploads\/sites\/12\/2026\/03\/Algunas-injusticias-en-la-agencia-espacial-1-2-240x300.jpg 240w, https:\/\/idihcs.fahce.unlp.edu.ar\/ciefi\/wp-content\/uploads\/sites\/12\/2026\/03\/Algunas-injusticias-en-la-agencia-espacial-1-2-768x959.jpg 768w, https:\/\/idihcs.fahce.unlp.edu.ar\/ciefi\/wp-content\/uploads\/sites\/12\/2026\/03\/Algunas-injusticias-en-la-agencia-espacial-1-2-696x869.jpg 696w, https:\/\/idihcs.fahce.unlp.edu.ar\/ciefi\/wp-content\/uploads\/sites\/12\/2026\/03\/Algunas-injusticias-en-la-agencia-espacial-1-2-336x420.jpg 336w\" sizes=\"auto, (max-width: 820px) 100vw, 820px\" \/><\/figure>\n\n\n\n<figure class=\"wp-block-image size-full\"><img loading=\"lazy\" decoding=\"async\" width=\"820\" height=\"1024\" src=\"https:\/\/idihcs.fahce.unlp.edu.ar\/ciefi\/wp-content\/uploads\/sites\/12\/2026\/03\/Algunas-injusticias-en-la-agencia-espacial-2.jpg\" alt=\"\" class=\"wp-image-1488\" srcset=\"https:\/\/idihcs.fahce.unlp.edu.ar\/ciefi\/wp-content\/uploads\/sites\/12\/2026\/03\/Algunas-injusticias-en-la-agencia-espacial-2.jpg 820w, https:\/\/idihcs.fahce.unlp.edu.ar\/ciefi\/wp-content\/uploads\/sites\/12\/2026\/03\/Algunas-injusticias-en-la-agencia-espacial-2-240x300.jpg 240w, https:\/\/idihcs.fahce.unlp.edu.ar\/ciefi\/wp-content\/uploads\/sites\/12\/2026\/03\/Algunas-injusticias-en-la-agencia-espacial-2-768x959.jpg 768w, https:\/\/idihcs.fahce.unlp.edu.ar\/ciefi\/wp-content\/uploads\/sites\/12\/2026\/03\/Algunas-injusticias-en-la-agencia-espacial-2-696x869.jpg 696w, https:\/\/idihcs.fahce.unlp.edu.ar\/ciefi\/wp-content\/uploads\/sites\/12\/2026\/03\/Algunas-injusticias-en-la-agencia-espacial-2-336x420.jpg 336w\" sizes=\"auto, (max-width: 820px) 100vw, 820px\" \/><\/figure>\n","protected":false},"excerpt":{"rendered":"<p>20 de marzo \/ 9 a 19 hs \/ aula\u00a0C 332. Les invitamos a este workshop\u00a0avalado por el CIeFi y titulado\u00a0Injusticias, organizado por\u00a0Marina Trakas (Instituto de Humanidades (IDH), CONICET-UNC), a realizarse\u00a0el d\u00eda 20 de marzo del corriente de 9 a 19 hs\u00a0en el aula\u00a0C 332.\u00a0 Resumen:&nbsp; Este workshop re\u00fane distintos aspectos y problem\u00e1ticas filos\u00f3ficas en [&hellip;]<\/p>\n","protected":false},"author":17,"featured_media":1487,"comment_status":"closed","ping_status":"closed","sticky":false,"template":"","format":"standard","meta":{"_themeisle_gutenberg_block_has_review":false,"footnotes":""},"categories":[2,5,4],"class_list":["post-1483","post","type-post","status-publish","format-standard","has-post-thumbnail","hentry","category-destacados","category-encuentros","category-novedades"],"acf":[],"rttpg_featured_image_url":{"full":["https:\/\/idihcs.fahce.unlp.edu.ar\/ciefi\/wp-content\/uploads\/sites\/12\/2026\/03\/Algunas-injusticias-en-la-agencia-espacial-1-2.jpg",820,1024,false],"landscape":["https:\/\/idihcs.fahce.unlp.edu.ar\/ciefi\/wp-content\/uploads\/sites\/12\/2026\/03\/Algunas-injusticias-en-la-agencia-espacial-1-2.jpg",820,1024,false],"portraits":["https:\/\/idihcs.fahce.unlp.edu.ar\/ciefi\/wp-content\/uploads\/sites\/12\/2026\/03\/Algunas-injusticias-en-la-agencia-espacial-1-2.jpg",820,1024,false],"thumbnail":["https:\/\/idihcs.fahce.unlp.edu.ar\/ciefi\/wp-content\/uploads\/sites\/12\/2026\/03\/Algunas-injusticias-en-la-agencia-espacial-1-2-150x150.jpg",150,150,true],"medium":["https:\/\/idihcs.fahce.unlp.edu.ar\/ciefi\/wp-content\/uploads\/sites\/12\/2026\/03\/Algunas-injusticias-en-la-agencia-espacial-1-2-240x300.jpg",240,300,true],"large":["https:\/\/idihcs.fahce.unlp.edu.ar\/ciefi\/wp-content\/uploads\/sites\/12\/2026\/03\/Algunas-injusticias-en-la-agencia-espacial-1-2.jpg",696,869,false],"1536x1536":["https:\/\/idihcs.fahce.unlp.edu.ar\/ciefi\/wp-content\/uploads\/sites\/12\/2026\/03\/Algunas-injusticias-en-la-agencia-espacial-1-2.jpg",820,1024,false],"2048x2048":["https:\/\/idihcs.fahce.unlp.edu.ar\/ciefi\/wp-content\/uploads\/sites\/12\/2026\/03\/Algunas-injusticias-en-la-agencia-espacial-1-2.jpg",820,1024,false],"td_80x60":["https:\/\/idihcs.fahce.unlp.edu.ar\/ciefi\/wp-content\/uploads\/sites\/12\/2026\/03\/Algunas-injusticias-en-la-agencia-espacial-1-2-80x60.jpg",80,60,true],"td_100x70":["https:\/\/idihcs.fahce.unlp.edu.ar\/ciefi\/wp-content\/uploads\/sites\/12\/2026\/03\/Algunas-injusticias-en-la-agencia-espacial-1-2-100x70.jpg",100,70,true],"td_218x150":["https:\/\/idihcs.fahce.unlp.edu.ar\/ciefi\/wp-content\/uploads\/sites\/12\/2026\/03\/Algunas-injusticias-en-la-agencia-espacial-1-2-218x150.jpg",218,150,true],"td_265x198":["https:\/\/idihcs.fahce.unlp.edu.ar\/ciefi\/wp-content\/uploads\/sites\/12\/2026\/03\/Algunas-injusticias-en-la-agencia-espacial-1-2-265x198.jpg",265,198,true],"td_324x160":["https:\/\/idihcs.fahce.unlp.edu.ar\/ciefi\/wp-content\/uploads\/sites\/12\/2026\/03\/Algunas-injusticias-en-la-agencia-espacial-1-2-324x160.jpg",324,160,true],"td_324x235":["https:\/\/idihcs.fahce.unlp.edu.ar\/ciefi\/wp-content\/uploads\/sites\/12\/2026\/03\/Algunas-injusticias-en-la-agencia-espacial-1-2-324x235.jpg",324,235,true],"td_324x400":["https:\/\/idihcs.fahce.unlp.edu.ar\/ciefi\/wp-content\/uploads\/sites\/12\/2026\/03\/Algunas-injusticias-en-la-agencia-espacial-1-2-324x400.jpg",324,400,true],"td_356x220":["https:\/\/idihcs.fahce.unlp.edu.ar\/ciefi\/wp-content\/uploads\/sites\/12\/2026\/03\/Algunas-injusticias-en-la-agencia-espacial-1-2-356x220.jpg",356,220,true],"td_356x364":["https:\/\/idihcs.fahce.unlp.edu.ar\/ciefi\/wp-content\/uploads\/sites\/12\/2026\/03\/Algunas-injusticias-en-la-agencia-espacial-1-2-356x364.jpg",356,364,true],"td_485x360":["https:\/\/idihcs.fahce.unlp.edu.ar\/ciefi\/wp-content\/uploads\/sites\/12\/2026\/03\/Algunas-injusticias-en-la-agencia-espacial-1-2-485x360.jpg",485,360,true],"td_533x261":["https:\/\/idihcs.fahce.unlp.edu.ar\/ciefi\/wp-content\/uploads\/sites\/12\/2026\/03\/Algunas-injusticias-en-la-agencia-espacial-1-2-533x261.jpg",533,261,true],"td_534x462":["https:\/\/idihcs.fahce.unlp.edu.ar\/ciefi\/wp-content\/uploads\/sites\/12\/2026\/03\/Algunas-injusticias-en-la-agencia-espacial-1-2-534x462.jpg",534,462,true],"td_696x0":["https:\/\/idihcs.fahce.unlp.edu.ar\/ciefi\/wp-content\/uploads\/sites\/12\/2026\/03\/Algunas-injusticias-en-la-agencia-espacial-1-2-696x869.jpg",696,869,true],"td_696x385":["https:\/\/idihcs.fahce.unlp.edu.ar\/ciefi\/wp-content\/uploads\/sites\/12\/2026\/03\/Algunas-injusticias-en-la-agencia-espacial-1-2-696x385.jpg",696,385,true],"td_741x486":["https:\/\/idihcs.fahce.unlp.edu.ar\/ciefi\/wp-content\/uploads\/sites\/12\/2026\/03\/Algunas-injusticias-en-la-agencia-espacial-1-2-741x486.jpg",741,486,true],"td_1068x580":["https:\/\/idihcs.fahce.unlp.edu.ar\/ciefi\/wp-content\/uploads\/sites\/12\/2026\/03\/Algunas-injusticias-en-la-agencia-espacial-1-2-820x580.jpg",820,580,true],"td_1068x0":["https:\/\/idihcs.fahce.unlp.edu.ar\/ciefi\/wp-content\/uploads\/sites\/12\/2026\/03\/Algunas-injusticias-en-la-agencia-espacial-1-2.jpg",820,1024,false],"td_0x420":["https:\/\/idihcs.fahce.unlp.edu.ar\/ciefi\/wp-content\/uploads\/sites\/12\/2026\/03\/Algunas-injusticias-en-la-agencia-espacial-1-2-336x420.jpg",336,420,true],"td_1920x0":["https:\/\/idihcs.fahce.unlp.edu.ar\/ciefi\/wp-content\/uploads\/sites\/12\/2026\/03\/Algunas-injusticias-en-la-agencia-espacial-1-2.jpg",820,1024,false],"rt_custom":["https:\/\/idihcs.fahce.unlp.edu.ar\/ciefi\/wp-content\/uploads\/sites\/12\/2026\/03\/Algunas-injusticias-en-la-agencia-espacial-1-2.jpg",820,1024,false]},"rttpg_author":{"display_name":"clefi","author_link":"https:\/\/idihcs.fahce.unlp.edu.ar\/ciefi\/author\/clefi\/"},"rttpg_comment":0,"rttpg_category":"<a href=\"https:\/\/idihcs.fahce.unlp.edu.ar\/ciefi\/category\/destacados\/\" rel=\"category tag\">Destacados<\/a> <a href=\"https:\/\/idihcs.fahce.unlp.edu.ar\/ciefi\/category\/encuentros\/\" rel=\"category tag\">Encuentros (Jornadas, Congresos, Simposios, Workshops)<\/a> <a href=\"https:\/\/idihcs.fahce.unlp.edu.ar\/ciefi\/category\/novedades\/\" rel=\"category tag\">Novedades<\/a>","rttpg_excerpt":"20 de marzo \/ 9 a 19 hs \/ aula\u00a0C 332. Les invitamos a este workshop\u00a0avalado por el CIeFi y titulado\u00a0Injusticias, organizado por\u00a0Marina Trakas (Instituto de Humanidades (IDH), CONICET-UNC), a realizarse\u00a0el d\u00eda 20 de marzo del corriente de 9 a 19 hs\u00a0en el aula\u00a0C 332.\u00a0 Resumen:&nbsp; Este workshop re\u00fane distintos aspectos y problem\u00e1ticas filos\u00f3ficas en&hellip;","_links":{"self":[{"href":"https:\/\/idihcs.fahce.unlp.edu.ar\/ciefi\/wp-json\/wp\/v2\/posts\/1483","targetHints":{"allow":["GET"]}}],"collection":[{"href":"https:\/\/idihcs.fahce.unlp.edu.ar\/ciefi\/wp-json\/wp\/v2\/posts"}],"about":[{"href":"https:\/\/idihcs.fahce.unlp.edu.ar\/ciefi\/wp-json\/wp\/v2\/types\/post"}],"author":[{"embeddable":true,"href":"https:\/\/idihcs.fahce.unlp.edu.ar\/ciefi\/wp-json\/wp\/v2\/users\/17"}],"replies":[{"embeddable":true,"href":"https:\/\/idihcs.fahce.unlp.edu.ar\/ciefi\/wp-json\/wp\/v2\/comments?post=1483"}],"version-history":[{"count":1,"href":"https:\/\/idihcs.fahce.unlp.edu.ar\/ciefi\/wp-json\/wp\/v2\/posts\/1483\/revisions"}],"predecessor-version":[{"id":1489,"href":"https:\/\/idihcs.fahce.unlp.edu.ar\/ciefi\/wp-json\/wp\/v2\/posts\/1483\/revisions\/1489"}],"wp:featuredmedia":[{"embeddable":true,"href":"https:\/\/idihcs.fahce.unlp.edu.ar\/ciefi\/wp-json\/wp\/v2\/media\/1487"}],"wp:attachment":[{"href":"https:\/\/idihcs.fahce.unlp.edu.ar\/ciefi\/wp-json\/wp\/v2\/media?parent=1483"}],"wp:term":[{"taxonomy":"category","embeddable":true,"href":"https:\/\/idihcs.fahce.unlp.edu.ar\/ciefi\/wp-json\/wp\/v2\/categories?post=1483"}],"curies":[{"name":"wp","href":"https:\/\/api.w.org\/{rel}","templated":true}]}}