{"id":577,"date":"2025-11-01T13:27:00","date_gmt":"2025-11-01T16:27:00","guid":{"rendered":"https:\/\/idihcs.fahce.unlp.edu.ar\/cices\/?p=577"},"modified":"2026-04-27T14:03:59","modified_gmt":"2026-04-27T17:03:59","slug":"jornadas-cultura-territorio-y-practicas-religiosas-2026","status":"publish","type":"post","link":"https:\/\/idihcs.fahce.unlp.edu.ar\/cices\/jornadas-cultura-territorio-y-practicas-religiosas-2026\/","title":{"rendered":"VIII Jornadas de Cultura, Territorio y Pr\u00e1cticas Religiosas"},"content":{"rendered":"\n\n\n<\/p>\n<p><img loading=\"lazy\" decoding=\"async\" class=\"size-medium wp-image-579 alignleft\" src=\"https:\/\/idihcs.fahce.unlp.edu.ar\/cices\/wp-content\/uploads\/sites\/15\/2025\/08\/VIII-Jornadas-de-Cultura-Territorio-y-Practicas-Religiosas-240x300.jpeg\" alt=\"\" width=\"240\" height=\"300\" srcset=\"https:\/\/idihcs.fahce.unlp.edu.ar\/cices\/wp-content\/uploads\/sites\/15\/2025\/08\/VIII-Jornadas-de-Cultura-Territorio-y-Practicas-Religiosas-240x300.jpeg 240w, https:\/\/idihcs.fahce.unlp.edu.ar\/cices\/wp-content\/uploads\/sites\/15\/2025\/08\/VIII-Jornadas-de-Cultura-Territorio-y-Practicas-Religiosas-820x1024.jpeg 820w, https:\/\/idihcs.fahce.unlp.edu.ar\/cices\/wp-content\/uploads\/sites\/15\/2025\/08\/VIII-Jornadas-de-Cultura-Territorio-y-Practicas-Religiosas-768x959.jpeg 768w, https:\/\/idihcs.fahce.unlp.edu.ar\/cices\/wp-content\/uploads\/sites\/15\/2025\/08\/VIII-Jornadas-de-Cultura-Territorio-y-Practicas-Religiosas-1230x1536.jpeg 1230w, https:\/\/idihcs.fahce.unlp.edu.ar\/cices\/wp-content\/uploads\/sites\/15\/2025\/08\/VIII-Jornadas-de-Cultura-Territorio-y-Practicas-Religiosas-696x869.jpeg 696w, https:\/\/idihcs.fahce.unlp.edu.ar\/cices\/wp-content\/uploads\/sites\/15\/2025\/08\/VIII-Jornadas-de-Cultura-Territorio-y-Practicas-Religiosas-1068x1334.jpeg 1068w, https:\/\/idihcs.fahce.unlp.edu.ar\/cices\/wp-content\/uploads\/sites\/15\/2025\/08\/VIII-Jornadas-de-Cultura-Territorio-y-Practicas-Religiosas-336x420.jpeg 336w, https:\/\/idihcs.fahce.unlp.edu.ar\/cices\/wp-content\/uploads\/sites\/15\/2025\/08\/VIII-Jornadas-de-Cultura-Territorio-y-Practicas-Religiosas.jpeg 1281w\" sizes=\"auto, (max-width: 240px) 100vw, 240px\" \/>Las <a href=\"https:\/\/drive.google.com\/file\/d\/14r5CExPpsEHHSgnFMsE-sjVdXsNM-oKC\/view?usp=drive_link\">VIII Jornadas de Cultura, Territorio y Pr\u00e1cticas Religiosas<\/a> y el VI Coloquio <span style=\"font-size: revert; color: initial;\">Latinoamericano \u201cCreencias, identidades y pr\u00e1cticas territoriales -religiosas en <\/span><span style=\"font-size: revert; color: initial;\">un mundo en tensi\u00f3n\u201d se desarrollar\u00e1n bajo modalidad h\u00edbrida (presencial y virtual) <\/span><span style=\"font-size: revert; color: initial;\">en la Facultad de Humanidades y Ciencias de La Educaci\u00f3n de la Universidad <\/span><span style=\"font-size: revert; color: initial;\">Nacional de La Plata, provincia de Buenos Aires -Argentina, durante los d\u00edas 14 y\u00a0\n\n<\/span>15 de mayo del a\u00f1o 2026. <a href=\"https:\/\/drive.google.com\/file\/d\/14r5CExPpsEHHSgnFMsE-sjVdXsNM-oKC\/view?usp=drive_link\">PRIMERA CIRCULAR CLICK AQUI<\/a><\/p>\n<p><span style=\"font-size: revert; color: initial;\">\n\n \n\n<\/span><\/p>\n<p><strong>Las Jornadas ser\u00e1n de car\u00e1cter gratuito.<\/strong><\/p>\n<p><span style=\"font-size: revert; color: initial;\">\n\n \n\n<\/span><\/p>\n<p>El evento se propone convocar a personas provenientes de variados campos <span style=\"font-size: revert; color: initial;\">disciplinares que integren espacios de investigaci\u00f3n, docencia, extensi\u00f3n y campo <\/span><span style=\"font-size: revert; color: initial;\">profesional; c\u00f3mo as\u00ed tambi\u00e9n organismos e instituciones (p\u00fablica y\/o privadas) <\/span><span style=\"font-size: revert; color: initial;\">de diferentes pa\u00edses de nuestra regi\u00f3n latinoamericana interesados en la tem\u00e1tica <\/span><span style=\"font-size: revert; color: initial;\">de las creencias y religiosidades. La actividad tambi\u00e9n espera y promueve la <\/span><span style=\"font-size: revert; color: initial;\">participaci\u00f3n de estudiantes y comunidad graduada.<\/span><\/p>\n<p><span style=\"font-size: revert; color: initial;\">\n\n \n\n<\/span><\/p>\n<p>El objetivo central de las Jornadas y el Coloquio buscar\u00e1 generar un \u00e1mbito <span style=\"font-size: revert; color: initial;\">de debate, reflexi\u00f3n e intercambios en torno a las diferentes tramas relacionales <\/span><span style=\"font-size: revert; color: initial;\">que se configuran (de forma material e inmaterial) entre las espacialidades y <\/span><span style=\"font-size: revert; color: initial;\">religiosidades desde una perspectiva hol\u00edstica e interdisciplinar.<\/span><\/p>\n<p><span style=\"font-size: revert; color: initial;\">\n\n \n\n<\/span><\/p>\n<p>La tem\u00e1tica del encuentro se abre a una propuesta amplia y diversa sobre los <span style=\"font-size: revert; color: initial;\">estudios de religiosidades. Esta diversidad la podemos encontrar en la proliferaci\u00f3n <\/span><span style=\"font-size: revert; color: initial;\">de investigaciones de diferentes disciplinas y pr\u00e1cticas territoriales que se han <\/span><span style=\"font-size: revert; color: initial;\">planteado en los \u00faltimos tiempos, ampliando las miradas de corte m\u00e1s tradicionalistas.<\/span><\/p>\n<p><span style=\"font-size: revert; color: initial;\">\n\n \n\n<\/span><\/p>\n<p>En ese sentido, el encuentro habilitar\u00e1 un \u00e1mbito destinado a la reflexi\u00f3n de <span style=\"font-size: revert; color: initial;\">diferentes tem\u00e1ticas como celebraciones religiosas, la configuraci\u00f3n de distintos <\/span><span style=\"font-size: revert; color: initial;\">paisajes sagrados centrados tanto en el espacio como en la movilidad de las <\/span><span style=\"font-size: revert; color: initial;\">personas (peregrinaciones), como tambi\u00e9n otras manifestaciones vinculadas al <\/span><span style=\"font-size: revert; color: initial;\">\u00e1mbito de lo popular \u2013 local; contemplando adem\u00e1s a los fen\u00f3menos religiosos <\/span><span style=\"font-size: revert; color: initial;\">enmarcadas en la escala transnacional. Tambi\u00e9n es importante destacar las <\/span><span style=\"font-size: revert; color: initial;\">estrechas vinculaciones entre el discurso, el poder y el espacio como configuradores <\/span><span style=\"font-size: revert; color: initial;\">de \u201cotros espacios\u201d sacro-profanos que muchas veces buscan (des) legitimarse, <\/span><span style=\"font-size: revert; color: initial;\">complementarse o evadirse.<\/span><\/p>\n<p><span style=\"font-size: revert; color: initial;\">\n\n \n\n<\/span><\/p>\n<p>La participaci\u00f3n de diferentes especialistas en el evento nos permitir\u00e1 configurar <span style=\"font-size: revert; color: initial;\">y ampliar una red de trabajo e intercambio acad\u00e9mico sobre las diversas formas <\/span><span style=\"font-size: revert; color: initial;\">de expresi\u00f3n, representaci\u00f3n y espacializaci\u00f3n de los sentidos, creencias y <\/span><span style=\"font-size: revert; color: initial;\">religiosidades que se llevan adelante en nuestras sociedades.<\/span><\/p>\n<p><span style=\"font-size: revert; color: initial;\">\n\n \n\n<\/span><\/p>\n<p>El evento contar\u00e1, adem\u00e1s de las mesas tem\u00e1ticas, con tres actividades <span style=\"font-size: revert; color: initial;\">destacadas. Por un lado, una Conferencia de apertura y de cierre y, por el otro, <\/span><span style=\"font-size: revert; color: initial;\">una salida de campo.<\/span><\/p>\n<p><span style=\"font-size: revert; color: initial;\">\n\n<\/span><\/p>\n<p>\n\n\n\n<div id=\"wp-block-themeisle-blocks-slider-8a9336bd\" class=\"wp-block-themeisle-blocks-slider glide\" data-per-view=\"1\" data-gap=\"0\" data-peek=\"0\" data-autoplay=\"true\" data-height=\"900px\" data-hide-arrows=\"false\"><div class=\"glide__track\" data-glide-el=\"track\"><div class=\"glide__slides\"><div class=\"wp-block-themeisle-blocks-slider-item-wrapper glide__slide\" tabindex=\"0\"><figure><img decoding=\"async\" class=\"wp-block-themeisle-blocks-slider-item\" src=\"https:\/\/idihcs.fahce.unlp.edu.ar\/cices\/wp-content\/uploads\/sites\/15\/2025\/11\/VI-Coloquio-Latinoamericano_Mesa-de-trabajo-3-copia-4.jpg\" alt=\"\" title=\"\" data-id=\"674\"\/><\/figure><\/div><div class=\"wp-block-themeisle-blocks-slider-item-wrapper glide__slide\" tabindex=\"0\"><figure><img decoding=\"async\" class=\"wp-block-themeisle-blocks-slider-item\" src=\"https:\/\/idihcs.fahce.unlp.edu.ar\/cices\/wp-content\/uploads\/sites\/15\/2025\/11\/Dilemas-y-problemas-en-los-Estudios-Culturales_Mesa-de-trabajo-3-copia-4.jpg\" alt=\"\" title=\"\" data-id=\"675\"\/><\/figure><\/div><\/div><div class=\"glide__bullets\" data-glide-el=\"controls[nav]\"><button class=\"glide__bullet\" data-glide-dir=\"=0\"><\/button><button class=\"glide__bullet\" data-glide-dir=\"=1\"><\/button><\/div><\/div><\/div>\n\n\n\n<p><\/p>\n","protected":false},"excerpt":{"rendered":"<p>Las VIII Jornadas de Cultura, Territorio y Pr\u00e1cticas Religiosas y el VI Coloquio Latinoamericano \u201cCreencias, identidades y pr\u00e1cticas territoriales -religiosas en un mundo en tensi\u00f3n\u201d se desarrollar\u00e1n bajo modalidad h\u00edbrida (presencial y virtual) en la Facultad de Humanidades y Ciencias de La Educaci\u00f3n de la Universidad Nacional de La Plata, provincia de Buenos Aires -Argentina, [&hellip;]<\/p>\n","protected":false},"author":6,"featured_media":579,"comment_status":"closed","ping_status":"closed","sticky":false,"template":"","format":"standard","meta":{"_themeisle_gutenberg_block_has_review":false,"footnotes":""},"categories":[2,4],"class_list":["post-577","post","type-post","status-publish","format-standard","has-post-thumbnail","hentry","category-destacados","category-novedades"],"acf":[],"rttpg_featured_image_url":{"full":["https:\/\/idihcs.fahce.unlp.edu.ar\/cices\/wp-content\/uploads\/sites\/15\/2025\/08\/VIII-Jornadas-de-Cultura-Territorio-y-Practicas-Religiosas.jpeg",1281,1600,false],"landscape":["https:\/\/idihcs.fahce.unlp.edu.ar\/cices\/wp-content\/uploads\/sites\/15\/2025\/08\/VIII-Jornadas-de-Cultura-Territorio-y-Practicas-Religiosas.jpeg",1281,1600,false],"portraits":["https:\/\/idihcs.fahce.unlp.edu.ar\/cices\/wp-content\/uploads\/sites\/15\/2025\/08\/VIII-Jornadas-de-Cultura-Territorio-y-Practicas-Religiosas.jpeg",1281,1600,false],"thumbnail":["https:\/\/idihcs.fahce.unlp.edu.ar\/cices\/wp-content\/uploads\/sites\/15\/2025\/08\/VIII-Jornadas-de-Cultura-Territorio-y-Practicas-Religiosas-150x150.jpeg",150,150,true],"medium":["https:\/\/idihcs.fahce.unlp.edu.ar\/cices\/wp-content\/uploads\/sites\/15\/2025\/08\/VIII-Jornadas-de-Cultura-Territorio-y-Practicas-Religiosas-240x300.jpeg",240,300,true],"large":["https:\/\/idihcs.fahce.unlp.edu.ar\/cices\/wp-content\/uploads\/sites\/15\/2025\/08\/VIII-Jornadas-de-Cultura-Territorio-y-Practicas-Religiosas-820x1024.jpeg",696,869,true],"1536x1536":["https:\/\/idihcs.fahce.unlp.edu.ar\/cices\/wp-content\/uploads\/sites\/15\/2025\/08\/VIII-Jornadas-de-Cultura-Territorio-y-Practicas-Religiosas-1230x1536.jpeg",1230,1536,true],"2048x2048":["https:\/\/idihcs.fahce.unlp.edu.ar\/cices\/wp-content\/uploads\/sites\/15\/2025\/08\/VIII-Jornadas-de-Cultura-Territorio-y-Practicas-Religiosas.jpeg",1281,1600,false],"td_80x60":["https:\/\/idihcs.fahce.unlp.edu.ar\/cices\/wp-content\/uploads\/sites\/15\/2025\/08\/VIII-Jornadas-de-Cultura-Territorio-y-Practicas-Religiosas-80x60.jpeg",80,60,true],"td_100x70":["https:\/\/idihcs.fahce.unlp.edu.ar\/cices\/wp-content\/uploads\/sites\/15\/2025\/08\/VIII-Jornadas-de-Cultura-Territorio-y-Practicas-Religiosas-100x70.jpeg",100,70,true],"td_218x150":["https:\/\/idihcs.fahce.unlp.edu.ar\/cices\/wp-content\/uploads\/sites\/15\/2025\/08\/VIII-Jornadas-de-Cultura-Territorio-y-Practicas-Religiosas-218x150.jpeg",218,150,true],"td_265x198":["https:\/\/idihcs.fahce.unlp.edu.ar\/cices\/wp-content\/uploads\/sites\/15\/2025\/08\/VIII-Jornadas-de-Cultura-Territorio-y-Practicas-Religiosas-265x198.jpeg",265,198,true],"td_324x160":["https:\/\/idihcs.fahce.unlp.edu.ar\/cices\/wp-content\/uploads\/sites\/15\/2025\/08\/VIII-Jornadas-de-Cultura-Territorio-y-Practicas-Religiosas-324x160.jpeg",324,160,true],"td_324x235":["https:\/\/idihcs.fahce.unlp.edu.ar\/cices\/wp-content\/uploads\/sites\/15\/2025\/08\/VIII-Jornadas-de-Cultura-Territorio-y-Practicas-Religiosas-324x235.jpeg",324,235,true],"td_324x400":["https:\/\/idihcs.fahce.unlp.edu.ar\/cices\/wp-content\/uploads\/sites\/15\/2025\/08\/VIII-Jornadas-de-Cultura-Territorio-y-Practicas-Religiosas-324x400.jpeg",324,400,true],"td_356x220":["https:\/\/idihcs.fahce.unlp.edu.ar\/cices\/wp-content\/uploads\/sites\/15\/2025\/08\/VIII-Jornadas-de-Cultura-Territorio-y-Practicas-Religiosas-356x220.jpeg",356,220,true],"td_356x364":["https:\/\/idihcs.fahce.unlp.edu.ar\/cices\/wp-content\/uploads\/sites\/15\/2025\/08\/VIII-Jornadas-de-Cultura-Territorio-y-Practicas-Religiosas-356x364.jpeg",356,364,true],"td_485x360":["https:\/\/idihcs.fahce.unlp.edu.ar\/cices\/wp-content\/uploads\/sites\/15\/2025\/08\/VIII-Jornadas-de-Cultura-Territorio-y-Practicas-Religiosas-485x360.jpeg",485,360,true],"td_533x261":["https:\/\/idihcs.fahce.unlp.edu.ar\/cices\/wp-content\/uploads\/sites\/15\/2025\/08\/VIII-Jornadas-de-Cultura-Territorio-y-Practicas-Religiosas-533x261.jpeg",533,261,true],"td_534x462":["https:\/\/idihcs.fahce.unlp.edu.ar\/cices\/wp-content\/uploads\/sites\/15\/2025\/08\/VIII-Jornadas-de-Cultura-Territorio-y-Practicas-Religiosas-534x462.jpeg",534,462,true],"td_696x0":["https:\/\/idihcs.fahce.unlp.edu.ar\/cices\/wp-content\/uploads\/sites\/15\/2025\/08\/VIII-Jornadas-de-Cultura-Territorio-y-Practicas-Religiosas-696x869.jpeg",696,869,true],"td_696x385":["https:\/\/idihcs.fahce.unlp.edu.ar\/cices\/wp-content\/uploads\/sites\/15\/2025\/08\/VIII-Jornadas-de-Cultura-Territorio-y-Practicas-Religiosas-696x385.jpeg",696,385,true],"td_741x486":["https:\/\/idihcs.fahce.unlp.edu.ar\/cices\/wp-content\/uploads\/sites\/15\/2025\/08\/VIII-Jornadas-de-Cultura-Territorio-y-Practicas-Religiosas-741x486.jpeg",741,486,true],"td_1068x580":["https:\/\/idihcs.fahce.unlp.edu.ar\/cices\/wp-content\/uploads\/sites\/15\/2025\/08\/VIII-Jornadas-de-Cultura-Territorio-y-Practicas-Religiosas-1068x580.jpeg",1068,580,true],"td_1068x0":["https:\/\/idihcs.fahce.unlp.edu.ar\/cices\/wp-content\/uploads\/sites\/15\/2025\/08\/VIII-Jornadas-de-Cultura-Territorio-y-Practicas-Religiosas-1068x1334.jpeg",1068,1334,true],"td_0x420":["https:\/\/idihcs.fahce.unlp.edu.ar\/cices\/wp-content\/uploads\/sites\/15\/2025\/08\/VIII-Jornadas-de-Cultura-Territorio-y-Practicas-Religiosas-336x420.jpeg",336,420,true],"td_1920x0":["https:\/\/idihcs.fahce.unlp.edu.ar\/cices\/wp-content\/uploads\/sites\/15\/2025\/08\/VIII-Jornadas-de-Cultura-Territorio-y-Practicas-Religiosas.jpeg",1281,1600,false],"rt_custom":["https:\/\/idihcs.fahce.unlp.edu.ar\/cices\/wp-content\/uploads\/sites\/15\/2025\/08\/VIII-Jornadas-de-Cultura-Territorio-y-Practicas-Religiosas.jpeg",1281,1600,false]},"rttpg_author":{"display_name":"cices","author_link":"https:\/\/idihcs.fahce.unlp.edu.ar\/cices\/author\/cices\/"},"rttpg_comment":0,"rttpg_category":"<a href=\"https:\/\/idihcs.fahce.unlp.edu.ar\/cices\/category\/destacados\/\" rel=\"category tag\">Destacados<\/a> <a href=\"https:\/\/idihcs.fahce.unlp.edu.ar\/cices\/category\/novedades\/\" rel=\"category tag\">Novedades<\/a>","rttpg_excerpt":"Las VIII Jornadas de Cultura, Territorio y Pr\u00e1cticas Religiosas y el VI Coloquio Latinoamericano \u201cCreencias, identidades y pr\u00e1cticas territoriales -religiosas en un mundo en tensi\u00f3n\u201d se desarrollar\u00e1n bajo modalidad h\u00edbrida (presencial y virtual) en la Facultad de Humanidades y Ciencias de La Educaci\u00f3n de la Universidad Nacional de La Plata, provincia de Buenos Aires -Argentina,&hellip;","_links":{"self":[{"href":"https:\/\/idihcs.fahce.unlp.edu.ar\/cices\/wp-json\/wp\/v2\/posts\/577","targetHints":{"allow":["GET"]}}],"collection":[{"href":"https:\/\/idihcs.fahce.unlp.edu.ar\/cices\/wp-json\/wp\/v2\/posts"}],"about":[{"href":"https:\/\/idihcs.fahce.unlp.edu.ar\/cices\/wp-json\/wp\/v2\/types\/post"}],"author":[{"embeddable":true,"href":"https:\/\/idihcs.fahce.unlp.edu.ar\/cices\/wp-json\/wp\/v2\/users\/6"}],"replies":[{"embeddable":true,"href":"https:\/\/idihcs.fahce.unlp.edu.ar\/cices\/wp-json\/wp\/v2\/comments?post=577"}],"version-history":[{"count":5,"href":"https:\/\/idihcs.fahce.unlp.edu.ar\/cices\/wp-json\/wp\/v2\/posts\/577\/revisions"}],"predecessor-version":[{"id":677,"href":"https:\/\/idihcs.fahce.unlp.edu.ar\/cices\/wp-json\/wp\/v2\/posts\/577\/revisions\/677"}],"wp:featuredmedia":[{"embeddable":true,"href":"https:\/\/idihcs.fahce.unlp.edu.ar\/cices\/wp-json\/wp\/v2\/media\/579"}],"wp:attachment":[{"href":"https:\/\/idihcs.fahce.unlp.edu.ar\/cices\/wp-json\/wp\/v2\/media?parent=577"}],"wp:term":[{"taxonomy":"category","embeddable":true,"href":"https:\/\/idihcs.fahce.unlp.edu.ar\/cices\/wp-json\/wp\/v2\/categories?post=577"}],"curies":[{"name":"wp","href":"https:\/\/api.w.org\/{rel}","templated":true}]}}