{"id":662,"date":"2019-09-27T19:05:46","date_gmt":"2019-09-27T22:05:46","guid":{"rendered":"http:\/\/idihcs.fahce.unlp.edu.ar\/chaya\/?p=662"},"modified":"2019-09-27T19:05:46","modified_gmt":"2019-09-27T22:05:46","slug":"charla-territorio-identidad-e-idioma-indigena","status":"publish","type":"post","link":"https:\/\/idihcs.fahce.unlp.edu.ar\/chaya\/charla-territorio-identidad-e-idioma-indigena\/","title":{"rendered":"Charla Territorio, Identidad e Idioma Ind\u00edgena"},"content":{"rendered":"<p><a href=\"http:\/\/idihcs.fahce.unlp.edu.ar\/chaya\/wp-content\/uploads\/sites\/11\/2019\/09\/Territorio-identidad-e-idioma-indi\u0301gena.jpeg\"><img loading=\"lazy\" decoding=\"async\" class=\" td-modal-image alignleft wp-image-663\" src=\"http:\/\/idihcs.fahce.unlp.edu.ar\/chaya\/wp-content\/uploads\/sites\/11\/2019\/09\/Territorio-identidad-e-idioma-indi\u0301gena.jpeg\" alt=\"\" width=\"425\" height=\"301\" srcset=\"https:\/\/idihcs.fahce.unlp.edu.ar\/chaya\/wp-content\/uploads\/sites\/11\/2019\/09\/Territorio-identidad-e-idioma-indi\u0301gena.jpeg 640w, https:\/\/idihcs.fahce.unlp.edu.ar\/chaya\/wp-content\/uploads\/sites\/11\/2019\/09\/Territorio-identidad-e-idioma-indi\u0301gena-300x212.jpeg 300w, https:\/\/idihcs.fahce.unlp.edu.ar\/chaya\/wp-content\/uploads\/sites\/11\/2019\/09\/Territorio-identidad-e-idioma-indi\u0301gena-100x70.jpeg 100w, https:\/\/idihcs.fahce.unlp.edu.ar\/chaya\/wp-content\/uploads\/sites\/11\/2019\/09\/Territorio-identidad-e-idioma-indi\u0301gena-593x420.jpeg 593w\" sizes=\"auto, (max-width: 425px) 100vw, 425px\" \/><\/a>El\u00a0<em><strong>Centro de Historia Argentina y Americana (CHAyA)<\/strong><\/em>, por intermedio de la c\u00e1tedra de <a href=\"http:\/\/www.fahce.unlp.edu.ar\/academica\/areas\/historia\/catedras\/catedra_h0051\">Prehistoria General y Americana<\/a>, y\u00a0en el marco de la red\u00a0<a href=\"http:\/\/idihcs.fahce.unlp.edu.ar\/chaya\/presentacion-de-resistance-rebellion-and-resistance-in-the-iberian-empire\/\">RESISTANCE: Rebellion and Resistance in the Iberian Empire, 16th-19th centuries<\/a>\u00a0de la Uni\u00f3n Europea, invitan a la charla\u00a0<em>Territorio, Identidad e Idioma Ind\u00edgena<\/em>, a cargo de Walter Hugo Barraza,\u00a0Kamachej de la Comunidad Wayra Rimaj. Dicho evento se llevar\u00e1 a cabo el lunes 30 de septiembre a partir de las 12:30, en el aula B-204 de la <a href=\"http:\/\/www.fahce.unlp.edu.ar\/\">FaHCE<\/a>.<\/p>\n<p><strong>S\u00edntesis:<\/strong><\/p>\n<p>El conflicto por la tierra en la Argentina, en donde las comunidades tienen consagrado el derecho a la tierra en la Constituci\u00f3n Nacional, se mantiene vigente porque las comunidades ind\u00edgenas est\u00e1n permanentemente expuestas a los intentos de desalojos y a una fuerte presi\u00f3n para expropiarles sus territorios ancestrales. Esta presi\u00f3n se da, en gran medida, como resultado de la expansi\u00f3n de la frontera agr\u00edcola ganadera, y por c\u00f3mo se articulan actores locales con sectores tras-nacionales de gran poder econ\u00f3mico y pol\u00edtico.<\/p>\n","protected":false},"excerpt":{"rendered":"<p>El\u00a0Centro de Historia Argentina y Americana (CHAyA), por intermedio de la c\u00e1tedra de Prehistoria General y Americana, y\u00a0en el marco de la red\u00a0RESISTANCE: Rebellion and Resistance in the Iberian Empire, 16th-19th centuries\u00a0de la Uni\u00f3n Europea, invitan a la charla\u00a0Territorio, Identidad e Idioma Ind\u00edgena, a cargo de Walter Hugo Barraza,\u00a0Kamachej de la Comunidad Wayra Rimaj. Dicho [&hellip;]<\/p>\n","protected":false},"author":16,"featured_media":663,"comment_status":"closed","ping_status":"closed","sticky":false,"template":"","format":"standard","meta":{"_themeisle_gutenberg_block_has_review":false,"footnotes":""},"categories":[2,11,4],"class_list":["post-662","post","type-post","status-publish","format-standard","has-post-thumbnail","hentry","category-destacados","category-eventos","category-novedades"],"acf":[],"rttpg_featured_image_url":{"full":["https:\/\/idihcs.fahce.unlp.edu.ar\/chaya\/wp-content\/uploads\/sites\/11\/2019\/09\/Territorio-identidad-e-idioma-indi\u0301gena.jpeg",640,453,false],"landscape":["https:\/\/idihcs.fahce.unlp.edu.ar\/chaya\/wp-content\/uploads\/sites\/11\/2019\/09\/Territorio-identidad-e-idioma-indi\u0301gena.jpeg",640,453,false],"portraits":["https:\/\/idihcs.fahce.unlp.edu.ar\/chaya\/wp-content\/uploads\/sites\/11\/2019\/09\/Territorio-identidad-e-idioma-indi\u0301gena.jpeg",640,453,false],"thumbnail":["https:\/\/idihcs.fahce.unlp.edu.ar\/chaya\/wp-content\/uploads\/sites\/11\/2019\/09\/Territorio-identidad-e-idioma-indi\u0301gena-150x150.jpeg",150,150,true],"medium":["https:\/\/idihcs.fahce.unlp.edu.ar\/chaya\/wp-content\/uploads\/sites\/11\/2019\/09\/Territorio-identidad-e-idioma-indi\u0301gena-300x212.jpeg",300,212,true],"large":["https:\/\/idihcs.fahce.unlp.edu.ar\/chaya\/wp-content\/uploads\/sites\/11\/2019\/09\/Territorio-identidad-e-idioma-indi\u0301gena.jpeg",640,453,false],"1536x1536":["https:\/\/idihcs.fahce.unlp.edu.ar\/chaya\/wp-content\/uploads\/sites\/11\/2019\/09\/Territorio-identidad-e-idioma-indi\u0301gena.jpeg",640,453,false],"2048x2048":["https:\/\/idihcs.fahce.unlp.edu.ar\/chaya\/wp-content\/uploads\/sites\/11\/2019\/09\/Territorio-identidad-e-idioma-indi\u0301gena.jpeg",640,453,false],"td_80x60":["https:\/\/idihcs.fahce.unlp.edu.ar\/chaya\/wp-content\/uploads\/sites\/11\/2019\/09\/Territorio-identidad-e-idioma-indi\u0301gena-80x60.jpeg",80,60,true],"td_100x70":["https:\/\/idihcs.fahce.unlp.edu.ar\/chaya\/wp-content\/uploads\/sites\/11\/2019\/09\/Territorio-identidad-e-idioma-indi\u0301gena-100x70.jpeg",100,70,true],"td_218x150":["https:\/\/idihcs.fahce.unlp.edu.ar\/chaya\/wp-content\/uploads\/sites\/11\/2019\/09\/Territorio-identidad-e-idioma-indi\u0301gena-218x150.jpeg",218,150,true],"td_265x198":["https:\/\/idihcs.fahce.unlp.edu.ar\/chaya\/wp-content\/uploads\/sites\/11\/2019\/09\/Territorio-identidad-e-idioma-indi\u0301gena-265x198.jpeg",265,198,true],"td_324x160":["https:\/\/idihcs.fahce.unlp.edu.ar\/chaya\/wp-content\/uploads\/sites\/11\/2019\/09\/Territorio-identidad-e-idioma-indi\u0301gena-324x160.jpeg",324,160,true],"td_324x235":["https:\/\/idihcs.fahce.unlp.edu.ar\/chaya\/wp-content\/uploads\/sites\/11\/2019\/09\/Territorio-identidad-e-idioma-indi\u0301gena-324x235.jpeg",324,235,true],"td_324x400":["https:\/\/idihcs.fahce.unlp.edu.ar\/chaya\/wp-content\/uploads\/sites\/11\/2019\/09\/Territorio-identidad-e-idioma-indi\u0301gena-324x400.jpeg",324,400,true],"td_356x220":["https:\/\/idihcs.fahce.unlp.edu.ar\/chaya\/wp-content\/uploads\/sites\/11\/2019\/09\/Territorio-identidad-e-idioma-indi\u0301gena-356x220.jpeg",356,220,true],"td_356x364":["https:\/\/idihcs.fahce.unlp.edu.ar\/chaya\/wp-content\/uploads\/sites\/11\/2019\/09\/Territorio-identidad-e-idioma-indi\u0301gena-356x364.jpeg",356,364,true],"td_485x360":["https:\/\/idihcs.fahce.unlp.edu.ar\/chaya\/wp-content\/uploads\/sites\/11\/2019\/09\/Territorio-identidad-e-idioma-indi\u0301gena-485x360.jpeg",485,360,true],"td_533x261":["https:\/\/idihcs.fahce.unlp.edu.ar\/chaya\/wp-content\/uploads\/sites\/11\/2019\/09\/Territorio-identidad-e-idioma-indi\u0301gena-533x261.jpeg",533,261,true],"td_534x462":["https:\/\/idihcs.fahce.unlp.edu.ar\/chaya\/wp-content\/uploads\/sites\/11\/2019\/09\/Territorio-identidad-e-idioma-indi\u0301gena-534x453.jpeg",534,453,true],"td_696x0":["https:\/\/idihcs.fahce.unlp.edu.ar\/chaya\/wp-content\/uploads\/sites\/11\/2019\/09\/Territorio-identidad-e-idioma-indi\u0301gena.jpeg",640,453,false],"td_696x385":["https:\/\/idihcs.fahce.unlp.edu.ar\/chaya\/wp-content\/uploads\/sites\/11\/2019\/09\/Territorio-identidad-e-idioma-indi\u0301gena-640x385.jpeg",640,385,true],"td_741x486":["https:\/\/idihcs.fahce.unlp.edu.ar\/chaya\/wp-content\/uploads\/sites\/11\/2019\/09\/Territorio-identidad-e-idioma-indi\u0301gena.jpeg",640,453,false],"td_1068x580":["https:\/\/idihcs.fahce.unlp.edu.ar\/chaya\/wp-content\/uploads\/sites\/11\/2019\/09\/Territorio-identidad-e-idioma-indi\u0301gena.jpeg",640,453,false],"td_1068x0":["https:\/\/idihcs.fahce.unlp.edu.ar\/chaya\/wp-content\/uploads\/sites\/11\/2019\/09\/Territorio-identidad-e-idioma-indi\u0301gena.jpeg",640,453,false],"td_0x420":["https:\/\/idihcs.fahce.unlp.edu.ar\/chaya\/wp-content\/uploads\/sites\/11\/2019\/09\/Territorio-identidad-e-idioma-indi\u0301gena-593x420.jpeg",593,420,true],"td_1920x0":["https:\/\/idihcs.fahce.unlp.edu.ar\/chaya\/wp-content\/uploads\/sites\/11\/2019\/09\/Territorio-identidad-e-idioma-indi\u0301gena.jpeg",640,453,false],"rt_custom":["https:\/\/idihcs.fahce.unlp.edu.ar\/chaya\/wp-content\/uploads\/sites\/11\/2019\/09\/Territorio-identidad-e-idioma-indi\u0301gena.jpeg",640,453,false]},"rttpg_author":{"display_name":"CHAyA","author_link":"https:\/\/idihcs.fahce.unlp.edu.ar\/chaya\/author\/chaya\/"},"rttpg_comment":0,"rttpg_category":"<a href=\"https:\/\/idihcs.fahce.unlp.edu.ar\/chaya\/category\/destacados\/\" rel=\"category tag\">Destacados<\/a> <a href=\"https:\/\/idihcs.fahce.unlp.edu.ar\/chaya\/category\/eventos\/\" rel=\"category tag\">Eventos<\/a> <a href=\"https:\/\/idihcs.fahce.unlp.edu.ar\/chaya\/category\/novedades\/\" rel=\"category tag\">Novedades<\/a>","rttpg_excerpt":"El\u00a0Centro de Historia Argentina y Americana (CHAyA), por intermedio de la c\u00e1tedra de Prehistoria General y Americana, y\u00a0en el marco de la red\u00a0RESISTANCE: Rebellion and Resistance in the Iberian Empire, 16th-19th centuries\u00a0de la Uni\u00f3n Europea, invitan a la charla\u00a0Territorio, Identidad e Idioma Ind\u00edgena, a cargo de Walter Hugo Barraza,\u00a0Kamachej de la Comunidad Wayra Rimaj. Dicho&hellip;","_links":{"self":[{"href":"https:\/\/idihcs.fahce.unlp.edu.ar\/chaya\/wp-json\/wp\/v2\/posts\/662","targetHints":{"allow":["GET"]}}],"collection":[{"href":"https:\/\/idihcs.fahce.unlp.edu.ar\/chaya\/wp-json\/wp\/v2\/posts"}],"about":[{"href":"https:\/\/idihcs.fahce.unlp.edu.ar\/chaya\/wp-json\/wp\/v2\/types\/post"}],"author":[{"embeddable":true,"href":"https:\/\/idihcs.fahce.unlp.edu.ar\/chaya\/wp-json\/wp\/v2\/users\/16"}],"replies":[{"embeddable":true,"href":"https:\/\/idihcs.fahce.unlp.edu.ar\/chaya\/wp-json\/wp\/v2\/comments?post=662"}],"version-history":[{"count":1,"href":"https:\/\/idihcs.fahce.unlp.edu.ar\/chaya\/wp-json\/wp\/v2\/posts\/662\/revisions"}],"predecessor-version":[{"id":664,"href":"https:\/\/idihcs.fahce.unlp.edu.ar\/chaya\/wp-json\/wp\/v2\/posts\/662\/revisions\/664"}],"wp:featuredmedia":[{"embeddable":true,"href":"https:\/\/idihcs.fahce.unlp.edu.ar\/chaya\/wp-json\/wp\/v2\/media\/663"}],"wp:attachment":[{"href":"https:\/\/idihcs.fahce.unlp.edu.ar\/chaya\/wp-json\/wp\/v2\/media?parent=662"}],"wp:term":[{"taxonomy":"category","embeddable":true,"href":"https:\/\/idihcs.fahce.unlp.edu.ar\/chaya\/wp-json\/wp\/v2\/categories?post=662"}],"curies":[{"name":"wp","href":"https:\/\/api.w.org\/{rel}","templated":true}]}}