{"id":553,"date":"2019-05-31T16:45:30","date_gmt":"2019-05-31T19:45:30","guid":{"rendered":"http:\/\/idihcs.fahce.unlp.edu.ar\/chaya\/?p=553"},"modified":"2019-05-31T16:45:30","modified_gmt":"2019-05-31T19:45:30","slug":"seminario-resistencias-de-los-sin-voz","status":"publish","type":"post","link":"https:\/\/idihcs.fahce.unlp.edu.ar\/chaya\/seminario-resistencias-de-los-sin-voz\/","title":{"rendered":"Seminario &#8220;Resistencia(s) de los \u201cSin voz\u201d en las Monarqu\u00edas Ib\u00e9ricas, siglos XVI a XVIII&#8221;"},"content":{"rendered":"<p><a href=\"http:\/\/idihcs.fahce.unlp.edu.ar\/chaya\/wp-content\/uploads\/sites\/11\/2019\/05\/RESISTENCIA-DE-LOS-SIN-VOZ.jpg\"><img loading=\"lazy\" decoding=\"async\" class=\" td-modal-image alignleft wp-image-554\" src=\"http:\/\/idihcs.fahce.unlp.edu.ar\/chaya\/wp-content\/uploads\/sites\/11\/2019\/05\/RESISTENCIA-DE-LOS-SIN-VOZ.jpg\" alt=\"\" width=\"330\" height=\"233\" srcset=\"https:\/\/idihcs.fahce.unlp.edu.ar\/chaya\/wp-content\/uploads\/sites\/11\/2019\/05\/RESISTENCIA-DE-LOS-SIN-VOZ.jpg 4961w, https:\/\/idihcs.fahce.unlp.edu.ar\/chaya\/wp-content\/uploads\/sites\/11\/2019\/05\/RESISTENCIA-DE-LOS-SIN-VOZ-300x212.jpg 300w, https:\/\/idihcs.fahce.unlp.edu.ar\/chaya\/wp-content\/uploads\/sites\/11\/2019\/05\/RESISTENCIA-DE-LOS-SIN-VOZ-768x543.jpg 768w, https:\/\/idihcs.fahce.unlp.edu.ar\/chaya\/wp-content\/uploads\/sites\/11\/2019\/05\/RESISTENCIA-DE-LOS-SIN-VOZ-1024x724.jpg 1024w, https:\/\/idihcs.fahce.unlp.edu.ar\/chaya\/wp-content\/uploads\/sites\/11\/2019\/05\/RESISTENCIA-DE-LOS-SIN-VOZ-100x70.jpg 100w, https:\/\/idihcs.fahce.unlp.edu.ar\/chaya\/wp-content\/uploads\/sites\/11\/2019\/05\/RESISTENCIA-DE-LOS-SIN-VOZ-696x492.jpg 696w, https:\/\/idihcs.fahce.unlp.edu.ar\/chaya\/wp-content\/uploads\/sites\/11\/2019\/05\/RESISTENCIA-DE-LOS-SIN-VOZ-1068x755.jpg 1068w, https:\/\/idihcs.fahce.unlp.edu.ar\/chaya\/wp-content\/uploads\/sites\/11\/2019\/05\/RESISTENCIA-DE-LOS-SIN-VOZ-594x420.jpg 594w, https:\/\/idihcs.fahce.unlp.edu.ar\/chaya\/wp-content\/uploads\/sites\/11\/2019\/05\/RESISTENCIA-DE-LOS-SIN-VOZ-1920x1358.jpg 1920w\" sizes=\"auto, (max-width: 330px) 100vw, 330px\" \/><\/a>El <em><strong>Centro de Historia Argentina y Americana (CHAyA)<\/strong><\/em>, en el marco de la red <a href=\"http:\/\/idihcs.fahce.unlp.edu.ar\/proyectos\/resistance-rebellion-and-resistance-in-the-iberian-empire-16th-19th-centuries\/\">RESISTANCE: Rebellion and Resistance in the Iberian Empire, 16th-19th centuries<\/a> de la Uni\u00f3n Europea, invita al Seminario Intensivo de Doctorado\u00a0<em>Resistencia(s) de los \u201cSin voz\u201d en las Monarqu\u00edas Ib\u00e9ricas, siglos XVI a XVIII<\/em>, dictado por la Dra. <a href=\"https:\/\/www.uevora.pt\/pessoas\/(id)\/23621\">Mafalda Soares da Cunha<\/a>. Dicho seminario iniciar\u00e1 el martes 18 de junio a partir de las 16:00, en el Aula C-321 de la <a href=\"http:\/\/www.fahce.unlp.edu.ar\/\">Facultad de Humanidades y Ciencias de la Educaci\u00f3n (UNLP)<\/a>.<\/p>\n<p>&nbsp;<\/p>\n<p><strong>S\u00edntesis:<\/strong><\/p>\n<p>Pese a la creciente atenci\u00f3n que el tema de las <em>\u201cresistencias\u201d<\/em> y el papel de <em>\u201clos de abajo\u201d<\/em> han recibido en la <em>historizaci\u00f3n<\/em> de los procesos de mudanza social, fundamentalmente entre las comunidades acad\u00e9micas iberoamericanas de la modernidad, creemos que la tem\u00e1tica posee potencialidades heur\u00edsticas y hermen\u00e9uticas significativas que merecen ser puestas en escena y desarrolladas en este seminario. Se considerar\u00e1 adem\u00e1s, la relevancia de fortalecer el an\u00e1lisis dentro de la denominada <em>\u201cLarga duraci\u00f3n\u201d<\/em> y tambi\u00e9n destacar los trabajos comparativos realizados entre diferentes imperios, como los espacios metropolitanos y extra-europeos.<\/p>\n<p>Para mayor informaci\u00f3n pueden acceder al siguiente link: <a href=\"http:\/\/posgrado.fahce.unlp.edu.ar\/course\/resistencias-de-los-sin-voz-en-las-monarquias-ibericas-siglos-xvi-a-xviii\/\"><em><strong>SECRETAR\u00cdA DE POSGRADO<\/strong><\/em><\/a><\/p>\n","protected":false},"excerpt":{"rendered":"<p>El Centro de Historia Argentina y Americana (CHAyA), en el marco de la red RESISTANCE: Rebellion and Resistance in the Iberian Empire, 16th-19th centuries de la Uni\u00f3n Europea, invita al Seminario Intensivo de Doctorado\u00a0Resistencia(s) de los \u201cSin voz\u201d en las Monarqu\u00edas Ib\u00e9ricas, siglos XVI a XVIII, dictado por la Dra. Mafalda Soares da Cunha. Dicho [&hellip;]<\/p>\n","protected":false},"author":16,"featured_media":554,"comment_status":"closed","ping_status":"closed","sticky":false,"template":"","format":"standard","meta":{"_themeisle_gutenberg_block_has_review":false,"footnotes":""},"categories":[2,11,4],"class_list":["post-553","post","type-post","status-publish","format-standard","has-post-thumbnail","hentry","category-destacados","category-eventos","category-novedades"],"acf":[],"rttpg_featured_image_url":{"full":["https:\/\/idihcs.fahce.unlp.edu.ar\/chaya\/wp-content\/uploads\/sites\/11\/2019\/05\/RESISTENCIA-DE-LOS-SIN-VOZ.jpg",4961,3508,false],"landscape":["https:\/\/idihcs.fahce.unlp.edu.ar\/chaya\/wp-content\/uploads\/sites\/11\/2019\/05\/RESISTENCIA-DE-LOS-SIN-VOZ.jpg",4961,3508,false],"portraits":["https:\/\/idihcs.fahce.unlp.edu.ar\/chaya\/wp-content\/uploads\/sites\/11\/2019\/05\/RESISTENCIA-DE-LOS-SIN-VOZ.jpg",4961,3508,false],"thumbnail":["https:\/\/idihcs.fahce.unlp.edu.ar\/chaya\/wp-content\/uploads\/sites\/11\/2019\/05\/RESISTENCIA-DE-LOS-SIN-VOZ-150x150.jpg",150,150,true],"medium":["https:\/\/idihcs.fahce.unlp.edu.ar\/chaya\/wp-content\/uploads\/sites\/11\/2019\/05\/RESISTENCIA-DE-LOS-SIN-VOZ-300x212.jpg",300,212,true],"large":["https:\/\/idihcs.fahce.unlp.edu.ar\/chaya\/wp-content\/uploads\/sites\/11\/2019\/05\/RESISTENCIA-DE-LOS-SIN-VOZ-1024x724.jpg",696,492,true],"1536x1536":["https:\/\/idihcs.fahce.unlp.edu.ar\/chaya\/wp-content\/uploads\/sites\/11\/2019\/05\/RESISTENCIA-DE-LOS-SIN-VOZ.jpg",1536,1086,false],"2048x2048":["https:\/\/idihcs.fahce.unlp.edu.ar\/chaya\/wp-content\/uploads\/sites\/11\/2019\/05\/RESISTENCIA-DE-LOS-SIN-VOZ.jpg",2048,1448,false],"td_80x60":["https:\/\/idihcs.fahce.unlp.edu.ar\/chaya\/wp-content\/uploads\/sites\/11\/2019\/05\/RESISTENCIA-DE-LOS-SIN-VOZ-80x60.jpg",80,60,true],"td_100x70":["https:\/\/idihcs.fahce.unlp.edu.ar\/chaya\/wp-content\/uploads\/sites\/11\/2019\/05\/RESISTENCIA-DE-LOS-SIN-VOZ-100x70.jpg",100,70,true],"td_218x150":["https:\/\/idihcs.fahce.unlp.edu.ar\/chaya\/wp-content\/uploads\/sites\/11\/2019\/05\/RESISTENCIA-DE-LOS-SIN-VOZ-218x150.jpg",218,150,true],"td_265x198":["https:\/\/idihcs.fahce.unlp.edu.ar\/chaya\/wp-content\/uploads\/sites\/11\/2019\/05\/RESISTENCIA-DE-LOS-SIN-VOZ-265x198.jpg",265,198,true],"td_324x160":["https:\/\/idihcs.fahce.unlp.edu.ar\/chaya\/wp-content\/uploads\/sites\/11\/2019\/05\/RESISTENCIA-DE-LOS-SIN-VOZ-324x160.jpg",324,160,true],"td_324x235":["https:\/\/idihcs.fahce.unlp.edu.ar\/chaya\/wp-content\/uploads\/sites\/11\/2019\/05\/RESISTENCIA-DE-LOS-SIN-VOZ-324x235.jpg",324,235,true],"td_324x400":["https:\/\/idihcs.fahce.unlp.edu.ar\/chaya\/wp-content\/uploads\/sites\/11\/2019\/05\/RESISTENCIA-DE-LOS-SIN-VOZ-324x400.jpg",324,400,true],"td_356x220":["https:\/\/idihcs.fahce.unlp.edu.ar\/chaya\/wp-content\/uploads\/sites\/11\/2019\/05\/RESISTENCIA-DE-LOS-SIN-VOZ-356x220.jpg",356,220,true],"td_356x364":["https:\/\/idihcs.fahce.unlp.edu.ar\/chaya\/wp-content\/uploads\/sites\/11\/2019\/05\/RESISTENCIA-DE-LOS-SIN-VOZ-356x364.jpg",356,364,true],"td_485x360":["https:\/\/idihcs.fahce.unlp.edu.ar\/chaya\/wp-content\/uploads\/sites\/11\/2019\/05\/RESISTENCIA-DE-LOS-SIN-VOZ-485x360.jpg",485,360,true],"td_533x261":["https:\/\/idihcs.fahce.unlp.edu.ar\/chaya\/wp-content\/uploads\/sites\/11\/2019\/05\/RESISTENCIA-DE-LOS-SIN-VOZ-533x261.jpg",533,261,true],"td_534x462":["https:\/\/idihcs.fahce.unlp.edu.ar\/chaya\/wp-content\/uploads\/sites\/11\/2019\/05\/RESISTENCIA-DE-LOS-SIN-VOZ-534x462.jpg",534,462,true],"td_696x0":["https:\/\/idihcs.fahce.unlp.edu.ar\/chaya\/wp-content\/uploads\/sites\/11\/2019\/05\/RESISTENCIA-DE-LOS-SIN-VOZ-696x492.jpg",696,492,true],"td_696x385":["https:\/\/idihcs.fahce.unlp.edu.ar\/chaya\/wp-content\/uploads\/sites\/11\/2019\/05\/RESISTENCIA-DE-LOS-SIN-VOZ-696x385.jpg",696,385,true],"td_741x486":["https:\/\/idihcs.fahce.unlp.edu.ar\/chaya\/wp-content\/uploads\/sites\/11\/2019\/05\/RESISTENCIA-DE-LOS-SIN-VOZ-741x486.jpg",741,486,true],"td_1068x580":["https:\/\/idihcs.fahce.unlp.edu.ar\/chaya\/wp-content\/uploads\/sites\/11\/2019\/05\/RESISTENCIA-DE-LOS-SIN-VOZ-1068x580.jpg",1068,580,true],"td_1068x0":["https:\/\/idihcs.fahce.unlp.edu.ar\/chaya\/wp-content\/uploads\/sites\/11\/2019\/05\/RESISTENCIA-DE-LOS-SIN-VOZ-1068x755.jpg",1068,755,true],"td_0x420":["https:\/\/idihcs.fahce.unlp.edu.ar\/chaya\/wp-content\/uploads\/sites\/11\/2019\/05\/RESISTENCIA-DE-LOS-SIN-VOZ-594x420.jpg",594,420,true],"td_1920x0":["https:\/\/idihcs.fahce.unlp.edu.ar\/chaya\/wp-content\/uploads\/sites\/11\/2019\/05\/RESISTENCIA-DE-LOS-SIN-VOZ-1920x1358.jpg",1920,1358,true],"rt_custom":["https:\/\/idihcs.fahce.unlp.edu.ar\/chaya\/wp-content\/uploads\/sites\/11\/2019\/05\/RESISTENCIA-DE-LOS-SIN-VOZ.jpg",4961,3508,false]},"rttpg_author":{"display_name":"CHAyA","author_link":"https:\/\/idihcs.fahce.unlp.edu.ar\/chaya\/author\/chaya\/"},"rttpg_comment":0,"rttpg_category":"<a href=\"https:\/\/idihcs.fahce.unlp.edu.ar\/chaya\/category\/destacados\/\" rel=\"category tag\">Destacados<\/a> <a href=\"https:\/\/idihcs.fahce.unlp.edu.ar\/chaya\/category\/eventos\/\" rel=\"category tag\">Eventos<\/a> <a href=\"https:\/\/idihcs.fahce.unlp.edu.ar\/chaya\/category\/novedades\/\" rel=\"category tag\">Novedades<\/a>","rttpg_excerpt":"El Centro de Historia Argentina y Americana (CHAyA), en el marco de la red RESISTANCE: Rebellion and Resistance in the Iberian Empire, 16th-19th centuries de la Uni\u00f3n Europea, invita al Seminario Intensivo de Doctorado\u00a0Resistencia(s) de los \u201cSin voz\u201d en las Monarqu\u00edas Ib\u00e9ricas, siglos XVI a XVIII, dictado por la Dra. Mafalda Soares da Cunha. Dicho&hellip;","_links":{"self":[{"href":"https:\/\/idihcs.fahce.unlp.edu.ar\/chaya\/wp-json\/wp\/v2\/posts\/553","targetHints":{"allow":["GET"]}}],"collection":[{"href":"https:\/\/idihcs.fahce.unlp.edu.ar\/chaya\/wp-json\/wp\/v2\/posts"}],"about":[{"href":"https:\/\/idihcs.fahce.unlp.edu.ar\/chaya\/wp-json\/wp\/v2\/types\/post"}],"author":[{"embeddable":true,"href":"https:\/\/idihcs.fahce.unlp.edu.ar\/chaya\/wp-json\/wp\/v2\/users\/16"}],"replies":[{"embeddable":true,"href":"https:\/\/idihcs.fahce.unlp.edu.ar\/chaya\/wp-json\/wp\/v2\/comments?post=553"}],"version-history":[{"count":8,"href":"https:\/\/idihcs.fahce.unlp.edu.ar\/chaya\/wp-json\/wp\/v2\/posts\/553\/revisions"}],"predecessor-version":[{"id":564,"href":"https:\/\/idihcs.fahce.unlp.edu.ar\/chaya\/wp-json\/wp\/v2\/posts\/553\/revisions\/564"}],"wp:featuredmedia":[{"embeddable":true,"href":"https:\/\/idihcs.fahce.unlp.edu.ar\/chaya\/wp-json\/wp\/v2\/media\/554"}],"wp:attachment":[{"href":"https:\/\/idihcs.fahce.unlp.edu.ar\/chaya\/wp-json\/wp\/v2\/media?parent=553"}],"wp:term":[{"taxonomy":"category","embeddable":true,"href":"https:\/\/idihcs.fahce.unlp.edu.ar\/chaya\/wp-json\/wp\/v2\/categories?post=553"}],"curies":[{"name":"wp","href":"https:\/\/api.w.org\/{rel}","templated":true}]}}