{"id":326,"date":"2018-09-14T15:46:05","date_gmt":"2018-09-14T18:46:05","guid":{"rendered":"http:\/\/idihcs.fahce.unlp.edu.ar\/chaya\/?p=326"},"modified":"2018-09-27T17:14:51","modified_gmt":"2018-09-27T20:14:51","slug":"aviso-importante-jornadas-atlanticas","status":"publish","type":"post","link":"https:\/\/idihcs.fahce.unlp.edu.ar\/chaya\/aviso-importante-jornadas-atlanticas\/","title":{"rendered":"I Jornadas Internacionales de Historia del Mundo Atl\u00e1ntico en la Modernidad Temprana C.1500-1800"},"content":{"rendered":"<p><img loading=\"lazy\" decoding=\"async\" class=\"size-medium wp-image-324 alignleft\" src=\"http:\/\/idihcs.fahce.unlp.edu.ar\/chaya\/wp-content\/uploads\/sites\/11\/2018\/06\/I-JORNADAS-300x212.png\" alt=\"\" width=\"300\" height=\"212\" srcset=\"https:\/\/idihcs.fahce.unlp.edu.ar\/chaya\/wp-content\/uploads\/sites\/11\/2018\/06\/I-JORNADAS-300x212.png 300w, https:\/\/idihcs.fahce.unlp.edu.ar\/chaya\/wp-content\/uploads\/sites\/11\/2018\/06\/I-JORNADAS-768x543.png 768w, https:\/\/idihcs.fahce.unlp.edu.ar\/chaya\/wp-content\/uploads\/sites\/11\/2018\/06\/I-JORNADAS-1024x724.png 1024w, https:\/\/idihcs.fahce.unlp.edu.ar\/chaya\/wp-content\/uploads\/sites\/11\/2018\/06\/I-JORNADAS-100x70.png 100w, https:\/\/idihcs.fahce.unlp.edu.ar\/chaya\/wp-content\/uploads\/sites\/11\/2018\/06\/I-JORNADAS-696x492.png 696w, https:\/\/idihcs.fahce.unlp.edu.ar\/chaya\/wp-content\/uploads\/sites\/11\/2018\/06\/I-JORNADAS-1068x755.png 1068w, https:\/\/idihcs.fahce.unlp.edu.ar\/chaya\/wp-content\/uploads\/sites\/11\/2018\/06\/I-JORNADAS-594x420.png 594w, https:\/\/idihcs.fahce.unlp.edu.ar\/chaya\/wp-content\/uploads\/sites\/11\/2018\/06\/I-JORNADAS-1920x1358.png 1920w\" sizes=\"auto, (max-width: 300px) 100vw, 300px\" \/>El <em>Centro de Historia Argentina y Americana (CHAyA)<\/em> informa que, debido al estado de movilizaci\u00f3n permanente que hay la FaHCE, las <strong>I Jornadas Internacionales de Historia del Mundo Atl\u00e1ntico en la Modernidad Temprana C.1500-1800<\/strong>, a realizarse los d\u00edas 3, 4 y 5 de octubre del corriente a\u00f1o, se transladan al <span style=\"color: #ff0000\"><strong><em>Edificio Sergio Karakachoff (UNLP), cito en calle 48 e\/ 6 y 7 (La Plata).<\/em><\/strong><\/span><\/p>\n<p>Las\u00a0<strong>I Jornadas Internacionales de Historia del Mundo Atl\u00e1ntico en la Modernidad Temprana<\/strong>\u00a0son organizadas por el\u00a0<a href=\"http:\/\/idihcs.fahce.unlp.edu.ar\/el-mundo-atlantico-en-la-modernidad-temprana\/\"><em>Programa Interinstitucional el Mundo Atl\u00e1ntico en la Modernidad Temprana<\/em><\/a>\u00a0dirigido por los doctores <a href=\"http:\/\/idihcs.fahce.unlp.edu.ar\/personas\/reitano-emir\/\">Emir Reitano<\/a> y <a href=\"http:\/\/idihcs.fahce.unlp.edu.ar\/personas\/pereyra-osvaldo-victor\/\">V\u00edctor Pereyra<\/a> y dan inicio a un nuevo espacio de debate dentro de la Facultad de Humanidades y Ciencias de la Educaci\u00f3n de la Universidad Nacional de La Plata. Cabe destacar que se trata del primer evento cient\u00edfico que se realiza centrado en esta tem\u00e1tica y en este per\u00edodo dentro del pa\u00eds y que su relevancia se pondr\u00e1 de manifiesto en el n\u00famero de asistentes que puedan participar, como por las disertaciones de reconocidos especialistas de nuestro pa\u00eds y del exterior.<\/p>\n<p><a href=\"http:\/\/pimamt.fahce.unlp.edu.ar\/\">M\u00e1s informaci\u00f3n<br \/>\n<\/a>Consultas: <a href=\"mailto:pimamt@fahce.unlp.edu.ar\">pimamt@fahce.unlp.edu.ar<\/a><\/p>\n<h3><strong>Organizan:<\/strong><\/h3>\n<p><em>Programa Interinstitucional el Mundo Atl\u00e1ntico en la Modernidad Temprana (PIMAMT)<br \/>\n<\/em><em>Centro de Historia Argentina y Americana (CHAyA)<\/em><\/p>\n<h3><strong>Auspician:<br \/>\n<\/strong><\/h3>\n<p><em>Academia Nacional de la Historia (ANH)<br \/>\n<\/em><em>Merian Centre Latin America \/ Conviviality-Inequality<br \/>\n<\/em><em>Archivo Hist\u00f3rico de la Provincia de Buenos Aires<br \/>\nRed de Estudios Portuarios (RedEP)<br \/>\n<\/em><em>N\u00facleo de Historia &#8211; Ciudades Portuarias Regionales (NH-CPR)<\/em><\/p>\n","protected":false},"excerpt":{"rendered":"<p>El Centro de Historia Argentina y Americana (CHAyA) informa que, debido al estado de movilizaci\u00f3n permanente que hay la FaHCE, las I Jornadas Internacionales de Historia del Mundo Atl\u00e1ntico en la Modernidad Temprana C.1500-1800, a realizarse los d\u00edas 3, 4 y 5 de octubre del corriente a\u00f1o, se transladan al Edificio Sergio Karakachoff (UNLP), cito [&hellip;]<\/p>\n","protected":false},"author":16,"featured_media":324,"comment_status":"closed","ping_status":"closed","sticky":false,"template":"","format":"standard","meta":{"_themeisle_gutenberg_block_has_review":false,"footnotes":""},"categories":[2,4],"class_list":["post-326","post","type-post","status-publish","format-standard","has-post-thumbnail","hentry","category-destacados","category-novedades"],"acf":[],"rttpg_featured_image_url":{"full":["https:\/\/idihcs.fahce.unlp.edu.ar\/chaya\/wp-content\/uploads\/sites\/11\/2018\/06\/I-JORNADAS.png",4961,3508,false],"landscape":["https:\/\/idihcs.fahce.unlp.edu.ar\/chaya\/wp-content\/uploads\/sites\/11\/2018\/06\/I-JORNADAS.png",4961,3508,false],"portraits":["https:\/\/idihcs.fahce.unlp.edu.ar\/chaya\/wp-content\/uploads\/sites\/11\/2018\/06\/I-JORNADAS.png",4961,3508,false],"thumbnail":["https:\/\/idihcs.fahce.unlp.edu.ar\/chaya\/wp-content\/uploads\/sites\/11\/2018\/06\/I-JORNADAS-150x150.png",150,150,true],"medium":["https:\/\/idihcs.fahce.unlp.edu.ar\/chaya\/wp-content\/uploads\/sites\/11\/2018\/06\/I-JORNADAS-300x212.png",300,212,true],"large":["https:\/\/idihcs.fahce.unlp.edu.ar\/chaya\/wp-content\/uploads\/sites\/11\/2018\/06\/I-JORNADAS-1024x724.png",696,492,true],"1536x1536":["https:\/\/idihcs.fahce.unlp.edu.ar\/chaya\/wp-content\/uploads\/sites\/11\/2018\/06\/I-JORNADAS.png",1536,1086,false],"2048x2048":["https:\/\/idihcs.fahce.unlp.edu.ar\/chaya\/wp-content\/uploads\/sites\/11\/2018\/06\/I-JORNADAS.png",2048,1448,false],"td_80x60":["https:\/\/idihcs.fahce.unlp.edu.ar\/chaya\/wp-content\/uploads\/sites\/11\/2018\/06\/I-JORNADAS-80x60.png",80,60,true],"td_100x70":["https:\/\/idihcs.fahce.unlp.edu.ar\/chaya\/wp-content\/uploads\/sites\/11\/2018\/06\/I-JORNADAS-100x70.png",100,70,true],"td_218x150":["https:\/\/idihcs.fahce.unlp.edu.ar\/chaya\/wp-content\/uploads\/sites\/11\/2018\/06\/I-JORNADAS-218x150.png",218,150,true],"td_265x198":["https:\/\/idihcs.fahce.unlp.edu.ar\/chaya\/wp-content\/uploads\/sites\/11\/2018\/06\/I-JORNADAS-265x198.png",265,198,true],"td_324x160":["https:\/\/idihcs.fahce.unlp.edu.ar\/chaya\/wp-content\/uploads\/sites\/11\/2018\/06\/I-JORNADAS-324x160.png",324,160,true],"td_324x235":["https:\/\/idihcs.fahce.unlp.edu.ar\/chaya\/wp-content\/uploads\/sites\/11\/2018\/06\/I-JORNADAS-324x235.png",324,235,true],"td_324x400":["https:\/\/idihcs.fahce.unlp.edu.ar\/chaya\/wp-content\/uploads\/sites\/11\/2018\/06\/I-JORNADAS-324x400.png",324,400,true],"td_356x220":["https:\/\/idihcs.fahce.unlp.edu.ar\/chaya\/wp-content\/uploads\/sites\/11\/2018\/06\/I-JORNADAS-356x220.png",356,220,true],"td_356x364":["https:\/\/idihcs.fahce.unlp.edu.ar\/chaya\/wp-content\/uploads\/sites\/11\/2018\/06\/I-JORNADAS-356x364.png",356,364,true],"td_485x360":["https:\/\/idihcs.fahce.unlp.edu.ar\/chaya\/wp-content\/uploads\/sites\/11\/2018\/06\/I-JORNADAS-485x360.png",485,360,true],"td_533x261":["https:\/\/idihcs.fahce.unlp.edu.ar\/chaya\/wp-content\/uploads\/sites\/11\/2018\/06\/I-JORNADAS-533x261.png",533,261,true],"td_534x462":["https:\/\/idihcs.fahce.unlp.edu.ar\/chaya\/wp-content\/uploads\/sites\/11\/2018\/06\/I-JORNADAS-534x462.png",534,462,true],"td_696x0":["https:\/\/idihcs.fahce.unlp.edu.ar\/chaya\/wp-content\/uploads\/sites\/11\/2018\/06\/I-JORNADAS-696x492.png",696,492,true],"td_696x385":["https:\/\/idihcs.fahce.unlp.edu.ar\/chaya\/wp-content\/uploads\/sites\/11\/2018\/06\/I-JORNADAS-696x385.png",696,385,true],"td_741x486":["https:\/\/idihcs.fahce.unlp.edu.ar\/chaya\/wp-content\/uploads\/sites\/11\/2018\/06\/I-JORNADAS-741x486.png",741,486,true],"td_1068x580":["https:\/\/idihcs.fahce.unlp.edu.ar\/chaya\/wp-content\/uploads\/sites\/11\/2018\/06\/I-JORNADAS-1068x580.png",1068,580,true],"td_1068x0":["https:\/\/idihcs.fahce.unlp.edu.ar\/chaya\/wp-content\/uploads\/sites\/11\/2018\/06\/I-JORNADAS-1068x755.png",1068,755,true],"td_0x420":["https:\/\/idihcs.fahce.unlp.edu.ar\/chaya\/wp-content\/uploads\/sites\/11\/2018\/06\/I-JORNADAS-594x420.png",594,420,true],"td_1920x0":["https:\/\/idihcs.fahce.unlp.edu.ar\/chaya\/wp-content\/uploads\/sites\/11\/2018\/06\/I-JORNADAS-1920x1358.png",1920,1358,true],"rt_custom":["https:\/\/idihcs.fahce.unlp.edu.ar\/chaya\/wp-content\/uploads\/sites\/11\/2018\/06\/I-JORNADAS.png",4961,3508,false]},"rttpg_author":{"display_name":"CHAyA","author_link":"https:\/\/idihcs.fahce.unlp.edu.ar\/chaya\/author\/chaya\/"},"rttpg_comment":0,"rttpg_category":"<a href=\"https:\/\/idihcs.fahce.unlp.edu.ar\/chaya\/category\/destacados\/\" rel=\"category tag\">Destacados<\/a> <a href=\"https:\/\/idihcs.fahce.unlp.edu.ar\/chaya\/category\/novedades\/\" rel=\"category tag\">Novedades<\/a>","rttpg_excerpt":"El Centro de Historia Argentina y Americana (CHAyA) informa que, debido al estado de movilizaci\u00f3n permanente que hay la FaHCE, las I Jornadas Internacionales de Historia del Mundo Atl\u00e1ntico en la Modernidad Temprana C.1500-1800, a realizarse los d\u00edas 3, 4 y 5 de octubre del corriente a\u00f1o, se transladan al Edificio Sergio Karakachoff (UNLP), cito&hellip;","_links":{"self":[{"href":"https:\/\/idihcs.fahce.unlp.edu.ar\/chaya\/wp-json\/wp\/v2\/posts\/326","targetHints":{"allow":["GET"]}}],"collection":[{"href":"https:\/\/idihcs.fahce.unlp.edu.ar\/chaya\/wp-json\/wp\/v2\/posts"}],"about":[{"href":"https:\/\/idihcs.fahce.unlp.edu.ar\/chaya\/wp-json\/wp\/v2\/types\/post"}],"author":[{"embeddable":true,"href":"https:\/\/idihcs.fahce.unlp.edu.ar\/chaya\/wp-json\/wp\/v2\/users\/16"}],"replies":[{"embeddable":true,"href":"https:\/\/idihcs.fahce.unlp.edu.ar\/chaya\/wp-json\/wp\/v2\/comments?post=326"}],"version-history":[{"count":3,"href":"https:\/\/idihcs.fahce.unlp.edu.ar\/chaya\/wp-json\/wp\/v2\/posts\/326\/revisions"}],"predecessor-version":[{"id":338,"href":"https:\/\/idihcs.fahce.unlp.edu.ar\/chaya\/wp-json\/wp\/v2\/posts\/326\/revisions\/338"}],"wp:featuredmedia":[{"embeddable":true,"href":"https:\/\/idihcs.fahce.unlp.edu.ar\/chaya\/wp-json\/wp\/v2\/media\/324"}],"wp:attachment":[{"href":"https:\/\/idihcs.fahce.unlp.edu.ar\/chaya\/wp-json\/wp\/v2\/media?parent=326"}],"wp:term":[{"taxonomy":"category","embeddable":true,"href":"https:\/\/idihcs.fahce.unlp.edu.ar\/chaya\/wp-json\/wp\/v2\/categories?post=326"}],"curies":[{"name":"wp","href":"https:\/\/api.w.org\/{rel}","templated":true}]}}