{"id":1433,"date":"2026-04-30T14:04:07","date_gmt":"2026-04-30T17:04:07","guid":{"rendered":"https:\/\/idihcs.fahce.unlp.edu.ar\/chaya\/?p=1433"},"modified":"2026-04-30T14:04:15","modified_gmt":"2026-04-30T17:04:15","slug":"tardes-de-novela","status":"publish","type":"post","link":"https:\/\/idihcs.fahce.unlp.edu.ar\/chaya\/tardes-de-novela\/","title":{"rendered":"Tardes de novela"},"content":{"rendered":"\n<h2 class=\"wp-block-heading\" id=\"h-\"><\/h2>\n\n\n<p>El Grupo de Estudio de Historia Argentina 1 del Centro de Historia Argentina y Americana (CHAyA) invita a su Ciclo de lectura y debate.<\/p>\n<p>Este primer encuentro del a\u00f1o (sexto del ciclo) se llevar\u00e1 adelante el 22 de mayo a las 10 horas en el aula C-331<\/p>\n<p>Se abordar\u00e1 la novela hist\u00f3rica La Verdulera, escrita por el autor franc\u00e9s Charles-Victor Pr\u00e9vost, m\u00e1s conocido como el Vizconde de Arlincourt (1789-1856).<\/p>\n<p>La Verdulera de Arlincourt, sigue la vida de una vendedora de verduras de origen sencillo, que se ve envuelta en una red de intrigas sociales caracter\u00edsticas del romanticismo franc\u00e9s del siglo XIX. La trama explora temas de virtud, sacrificio y diferencias de clase de la \u00e9poca en que fue escrita. Presenta a una hero\u00edna que transita las complejidades del honor y la traici\u00f3n, pretende mantener su integridad y proteger a sus seres queridos frente a las presiones de una sociedad que juzga por las apariencias.<\/p>\n<p>Modera el encuentro: Dr. <a href=\"https:\/\/idihcs.fahce.unlp.edu.ar\/integrante_idihcs\/quinteros-guillermo-oscar\/\" target=\"_blank\" rel=\"noopener\">Guillermo Quinteros<\/a><\/p>\n<p><strong>Consultas: chaya@fahce.unlp.edu.ar<\/strong><\/p>\n<p><span style=\"background-color: #33cccc; color: #000000;\"><strong><a style=\"background-color: #33cccc; color: #000000;\" href=\"https:\/\/www.cervantesvirtual.com\/obra\/la-verdulera\/\" target=\"_blank\" rel=\"noopener\">M\u00e1s informaci\u00f3n sobre la obra: <span style=\"color: #0000ff;\">AQU\u00cd<\/span><\/a><\/strong><\/span><\/p>\n\n\n<div id=\"wp-block-themeisle-blocks-slider-45681deb\" class=\"wp-block-themeisle-blocks-slider glide\" data-per-view=\"1\" data-gap=\"0\" data-peek=\"0\" data-autoplay=\"true\" data-height=\"900px\" data-hide-arrows=\"false\"><div class=\"glide__track\" data-glide-el=\"track\"><div class=\"glide__slides\"><div class=\"wp-block-themeisle-blocks-slider-item-wrapper glide__slide\" tabindex=\"0\"><figure><img decoding=\"async\" class=\"wp-block-themeisle-blocks-slider-item\" src=\"https:\/\/idihcs.fahce.unlp.edu.ar\/chaya\/wp-content\/uploads\/sites\/11\/2026\/04\/Tardes-de-novela_Mesa-de-trabajo-3-copia-6.jpg\" alt=\"\" title=\"\" data-id=\"1435\"\/><\/figure><\/div><div class=\"wp-block-themeisle-blocks-slider-item-wrapper glide__slide\" tabindex=\"0\"><figure><img decoding=\"async\" class=\"wp-block-themeisle-blocks-slider-item\" src=\"https:\/\/idihcs.fahce.unlp.edu.ar\/chaya\/wp-content\/uploads\/sites\/11\/2026\/04\/Tardes-de-novela_Mesa-de-trabajo-3-copia-5.jpg\" alt=\"\" title=\"\" data-id=\"1436\"\/><\/figure><\/div><div class=\"wp-block-themeisle-blocks-slider-item-wrapper glide__slide\" tabindex=\"0\"><figure><img decoding=\"async\" class=\"wp-block-themeisle-blocks-slider-item\" src=\"https:\/\/idihcs.fahce.unlp.edu.ar\/chaya\/wp-content\/uploads\/sites\/11\/2026\/04\/Tardes-de-novela_Mesa-de-trabajo-3-copia-4.jpg\" alt=\"\" title=\"\" data-id=\"1437\"\/><\/figure><\/div><\/div><div class=\"glide__bullets\" data-glide-el=\"controls[nav]\"><button class=\"glide__bullet\" data-glide-dir=\"=0\"><\/button><button class=\"glide__bullet\" data-glide-dir=\"=1\"><\/button><button class=\"glide__bullet\" data-glide-dir=\"=2\"><\/button><\/div><\/div><\/div>\n","protected":false},"excerpt":{"rendered":"<p>El Grupo de Estudio de Historia Argentina 1 del Centro de Historia Argentina y Americana (CHAyA) invita a su Ciclo de lectura y debate. Este primer encuentro del a\u00f1o (sexto del ciclo) se llevar\u00e1 adelante el 22 de mayo a las 10 horas en el aula C-331 Se abordar\u00e1 la novela hist\u00f3rica La Verdulera, escrita [&hellip;]<\/p>\n","protected":false},"author":21,"featured_media":1437,"comment_status":"closed","ping_status":"closed","sticky":false,"template":"","format":"standard","meta":{"_themeisle_gutenberg_block_has_review":false,"footnotes":""},"categories":[4],"class_list":["post-1433","post","type-post","status-publish","format-standard","has-post-thumbnail","hentry","category-novedades"],"acf":[],"rttpg_featured_image_url":{"full":["https:\/\/idihcs.fahce.unlp.edu.ar\/chaya\/wp-content\/uploads\/sites\/11\/2026\/04\/Tardes-de-novela_Mesa-de-trabajo-3-copia-4-e1777568624103.jpg",820,573,false],"landscape":["https:\/\/idihcs.fahce.unlp.edu.ar\/chaya\/wp-content\/uploads\/sites\/11\/2026\/04\/Tardes-de-novela_Mesa-de-trabajo-3-copia-4-e1777568624103.jpg",820,573,false],"portraits":["https:\/\/idihcs.fahce.unlp.edu.ar\/chaya\/wp-content\/uploads\/sites\/11\/2026\/04\/Tardes-de-novela_Mesa-de-trabajo-3-copia-4-e1777568624103.jpg",820,573,false],"thumbnail":["https:\/\/idihcs.fahce.unlp.edu.ar\/chaya\/wp-content\/uploads\/sites\/11\/2026\/04\/Tardes-de-novela_Mesa-de-trabajo-3-copia-4-e1777568624103-150x150.jpg",150,150,true],"medium":["https:\/\/idihcs.fahce.unlp.edu.ar\/chaya\/wp-content\/uploads\/sites\/11\/2026\/04\/Tardes-de-novela_Mesa-de-trabajo-3-copia-4-e1777568624103-300x210.jpg",300,210,true],"large":["https:\/\/idihcs.fahce.unlp.edu.ar\/chaya\/wp-content\/uploads\/sites\/11\/2026\/04\/Tardes-de-novela_Mesa-de-trabajo-3-copia-4-e1777568624103.jpg",696,486,false],"1536x1536":["https:\/\/idihcs.fahce.unlp.edu.ar\/chaya\/wp-content\/uploads\/sites\/11\/2026\/04\/Tardes-de-novela_Mesa-de-trabajo-3-copia-4-e1777568624103.jpg",820,573,false],"2048x2048":["https:\/\/idihcs.fahce.unlp.edu.ar\/chaya\/wp-content\/uploads\/sites\/11\/2026\/04\/Tardes-de-novela_Mesa-de-trabajo-3-copia-4-e1777568624103.jpg",820,573,false],"td_80x60":["https:\/\/idihcs.fahce.unlp.edu.ar\/chaya\/wp-content\/uploads\/sites\/11\/2026\/04\/Tardes-de-novela_Mesa-de-trabajo-3-copia-4-e1777568624103-80x60.jpg",80,60,true],"td_100x70":["https:\/\/idihcs.fahce.unlp.edu.ar\/chaya\/wp-content\/uploads\/sites\/11\/2026\/04\/Tardes-de-novela_Mesa-de-trabajo-3-copia-4-e1777568624103-100x70.jpg",100,70,true],"td_218x150":["https:\/\/idihcs.fahce.unlp.edu.ar\/chaya\/wp-content\/uploads\/sites\/11\/2026\/04\/Tardes-de-novela_Mesa-de-trabajo-3-copia-4-e1777568624103-218x150.jpg",218,150,true],"td_265x198":["https:\/\/idihcs.fahce.unlp.edu.ar\/chaya\/wp-content\/uploads\/sites\/11\/2026\/04\/Tardes-de-novela_Mesa-de-trabajo-3-copia-4-e1777568624103-265x198.jpg",265,198,true],"td_324x160":["https:\/\/idihcs.fahce.unlp.edu.ar\/chaya\/wp-content\/uploads\/sites\/11\/2026\/04\/Tardes-de-novela_Mesa-de-trabajo-3-copia-4-e1777568624103-324x160.jpg",324,160,true],"td_324x235":["https:\/\/idihcs.fahce.unlp.edu.ar\/chaya\/wp-content\/uploads\/sites\/11\/2026\/04\/Tardes-de-novela_Mesa-de-trabajo-3-copia-4-e1777568624103-324x235.jpg",324,235,true],"td_324x400":["https:\/\/idihcs.fahce.unlp.edu.ar\/chaya\/wp-content\/uploads\/sites\/11\/2026\/04\/Tardes-de-novela_Mesa-de-trabajo-3-copia-4-e1777568624103-324x400.jpg",324,400,true],"td_356x220":["https:\/\/idihcs.fahce.unlp.edu.ar\/chaya\/wp-content\/uploads\/sites\/11\/2026\/04\/Tardes-de-novela_Mesa-de-trabajo-3-copia-4-e1777568624103-356x220.jpg",356,220,true],"td_356x364":["https:\/\/idihcs.fahce.unlp.edu.ar\/chaya\/wp-content\/uploads\/sites\/11\/2026\/04\/Tardes-de-novela_Mesa-de-trabajo-3-copia-4-e1777568624103-356x364.jpg",356,364,true],"td_485x360":["https:\/\/idihcs.fahce.unlp.edu.ar\/chaya\/wp-content\/uploads\/sites\/11\/2026\/04\/Tardes-de-novela_Mesa-de-trabajo-3-copia-4-e1777568624103-485x360.jpg",485,360,true],"td_533x261":["https:\/\/idihcs.fahce.unlp.edu.ar\/chaya\/wp-content\/uploads\/sites\/11\/2026\/04\/Tardes-de-novela_Mesa-de-trabajo-3-copia-4-e1777568624103-533x261.jpg",533,261,true],"td_534x462":["https:\/\/idihcs.fahce.unlp.edu.ar\/chaya\/wp-content\/uploads\/sites\/11\/2026\/04\/Tardes-de-novela_Mesa-de-trabajo-3-copia-4-e1777568624103-534x462.jpg",534,462,true],"td_696x0":["https:\/\/idihcs.fahce.unlp.edu.ar\/chaya\/wp-content\/uploads\/sites\/11\/2026\/04\/Tardes-de-novela_Mesa-de-trabajo-3-copia-4-e1777568624103-696x486.jpg",696,486,true],"td_696x385":["https:\/\/idihcs.fahce.unlp.edu.ar\/chaya\/wp-content\/uploads\/sites\/11\/2026\/04\/Tardes-de-novela_Mesa-de-trabajo-3-copia-4-e1777568624103-696x385.jpg",696,385,true],"td_741x486":["https:\/\/idihcs.fahce.unlp.edu.ar\/chaya\/wp-content\/uploads\/sites\/11\/2026\/04\/Tardes-de-novela_Mesa-de-trabajo-3-copia-4-e1777568624103-741x486.jpg",741,486,true],"td_1068x580":["https:\/\/idihcs.fahce.unlp.edu.ar\/chaya\/wp-content\/uploads\/sites\/11\/2026\/04\/Tardes-de-novela_Mesa-de-trabajo-3-copia-4-821x580.jpg",821,580,true],"td_1068x0":["https:\/\/idihcs.fahce.unlp.edu.ar\/chaya\/wp-content\/uploads\/sites\/11\/2026\/04\/Tardes-de-novela_Mesa-de-trabajo-3-copia-4-e1777568624103.jpg",820,573,false],"td_0x420":["https:\/\/idihcs.fahce.unlp.edu.ar\/chaya\/wp-content\/uploads\/sites\/11\/2026\/04\/Tardes-de-novela_Mesa-de-trabajo-3-copia-4-e1777568624103-601x420.jpg",601,420,true],"td_1920x0":["https:\/\/idihcs.fahce.unlp.edu.ar\/chaya\/wp-content\/uploads\/sites\/11\/2026\/04\/Tardes-de-novela_Mesa-de-trabajo-3-copia-4-e1777568624103.jpg",820,573,false],"rt_custom":["https:\/\/idihcs.fahce.unlp.edu.ar\/chaya\/wp-content\/uploads\/sites\/11\/2026\/04\/Tardes-de-novela_Mesa-de-trabajo-3-copia-4-e1777568624103.jpg",820,573,false]},"rttpg_author":{"display_name":"psalguero","author_link":"https:\/\/idihcs.fahce.unlp.edu.ar\/chaya\/author\/psalguero\/"},"rttpg_comment":0,"rttpg_category":"<a href=\"https:\/\/idihcs.fahce.unlp.edu.ar\/chaya\/category\/novedades\/\" rel=\"category tag\">Novedades<\/a>","rttpg_excerpt":"El Grupo de Estudio de Historia Argentina 1 del Centro de Historia Argentina y Americana (CHAyA) invita a su Ciclo de lectura y debate. Este primer encuentro del a\u00f1o (sexto del ciclo) se llevar\u00e1 adelante el 22 de mayo a las 10 horas en el aula C-331 Se abordar\u00e1 la novela hist\u00f3rica La Verdulera, escrita&hellip;","_links":{"self":[{"href":"https:\/\/idihcs.fahce.unlp.edu.ar\/chaya\/wp-json\/wp\/v2\/posts\/1433","targetHints":{"allow":["GET"]}}],"collection":[{"href":"https:\/\/idihcs.fahce.unlp.edu.ar\/chaya\/wp-json\/wp\/v2\/posts"}],"about":[{"href":"https:\/\/idihcs.fahce.unlp.edu.ar\/chaya\/wp-json\/wp\/v2\/types\/post"}],"author":[{"embeddable":true,"href":"https:\/\/idihcs.fahce.unlp.edu.ar\/chaya\/wp-json\/wp\/v2\/users\/21"}],"replies":[{"embeddable":true,"href":"https:\/\/idihcs.fahce.unlp.edu.ar\/chaya\/wp-json\/wp\/v2\/comments?post=1433"}],"version-history":[{"count":2,"href":"https:\/\/idihcs.fahce.unlp.edu.ar\/chaya\/wp-json\/wp\/v2\/posts\/1433\/revisions"}],"predecessor-version":[{"id":1440,"href":"https:\/\/idihcs.fahce.unlp.edu.ar\/chaya\/wp-json\/wp\/v2\/posts\/1433\/revisions\/1440"}],"wp:featuredmedia":[{"embeddable":true,"href":"https:\/\/idihcs.fahce.unlp.edu.ar\/chaya\/wp-json\/wp\/v2\/media\/1437"}],"wp:attachment":[{"href":"https:\/\/idihcs.fahce.unlp.edu.ar\/chaya\/wp-json\/wp\/v2\/media?parent=1433"}],"wp:term":[{"taxonomy":"category","embeddable":true,"href":"https:\/\/idihcs.fahce.unlp.edu.ar\/chaya\/wp-json\/wp\/v2\/categories?post=1433"}],"curies":[{"name":"wp","href":"https:\/\/api.w.org\/{rel}","templated":true}]}}