{"id":1102,"date":"2023-08-09T12:33:36","date_gmt":"2023-08-09T15:33:36","guid":{"rendered":"https:\/\/idihcs.fahce.unlp.edu.ar\/chaya\/?p=1102"},"modified":"2023-08-09T12:33:39","modified_gmt":"2023-08-09T15:33:39","slug":"seminario-fundacion-sanchez-albornoz","status":"publish","type":"post","link":"https:\/\/idihcs.fahce.unlp.edu.ar\/chaya\/seminario-fundacion-sanchez-albornoz\/","title":{"rendered":"Seminario Fundaci\u00f3n Sanchez Albornoz"},"content":{"rendered":"\n<p>Desde el\u00a0<a rel=\"noreferrer noopener\" href=\"https:\/\/idihcs.fahce.unlp.edu.ar\/chaya\/\" target=\"_blank\">Centro de Historia Argentina y Americana (CHAyA)<\/a>, invitamos a participar del seminario de discusi\u00f3n\u00a0<strong>&#8220;El imperio portugu\u00e9s y el espa\u00f1ol en perspectiva comparada: el ejercito del poder pol\u00edtico y las pr\u00e1cticas sociales (siglos XVI a XIX)&#8221;<\/strong>.<\/p>\n\n\n\n<p>El mismo se realizar\u00e1 el d\u00eda 4\/09&nbsp; de 15 a 17:30 hs, en el&nbsp;<a href=\"http:\/\/www.sisbi.uba.ar\/claudio_sanchez_albornoz\" rel=\"noreferrer noopener\" target=\"_blank\">Instituto de Historia de Espa\u00f1a &#8220;Claudio Sanch\u00e9z Albornoz&#8221;<\/a>&nbsp;25 de mayo 221, 3\u00b0 piso (Sala de Lectura).<\/p>\n\n\n\n<p><strong>Expositores:<\/strong><\/p>\n\n\n\n<p><a href=\"https:\/\/www.ics.ulisboa.pt\/pessoa\/nuno-goncalo-monteiro\" rel=\"noreferrer noopener\" target=\"_blank\">Nuno Monterio (Universidad de Lisboa)<\/a><\/p>\n\n\n\n<p><a href=\"https:\/\/www.ics.ulisboa.pt\/pessoa\/angela-barreto-xavier\" rel=\"noreferrer noopener\" target=\"_blank\">\u00c1ngela Javier Barreto (Universidad de Lisboa)<\/a><\/p>\n\n\n\n<p><a href=\"https:\/\/autonoma.pt\/en\/teachers\/roberta-giannubilo-stumpf\/\" rel=\"noreferrer noopener\" target=\"_blank\">Roberta Stumpf (Universidad de Lisboa)<\/a><\/p>\n\n\n\n<p><a href=\"https:\/\/novaresearch.unl.pt\/en\/persons\/miguel-seixas\" rel=\"noreferrer noopener\" target=\"_blank\">Miguel Seixas (Universidad de Lisboa)<\/a><\/p>\n\n\n\n<p><a href=\"https:\/\/www.memoria.fahce.unlp.edu.ar\/perfiles\/1132ReitanoE\" rel=\"noreferrer noopener\" target=\"_blank\">Reitano Emir (UNLP)<\/a><\/p>\n\n\n\n<p>Esperamos su participaci\u00f3n!<\/p>\n\n\n\n<p>Saludos!<\/p>\n\n\n\n<figure class=\"wp-block-image size-large\"><img loading=\"lazy\" decoding=\"async\" width=\"1024\" height=\"724\" src=\"https:\/\/idihcs.fahce.unlp.edu.ar\/chaya\/wp-content\/uploads\/sites\/11\/2023\/08\/Flyer-Seminario-1-1024x724.png\" alt=\"\" class=\"wp-image-1104\" srcset=\"https:\/\/idihcs.fahce.unlp.edu.ar\/chaya\/wp-content\/uploads\/sites\/11\/2023\/08\/Flyer-Seminario-1-1024x724.png 1024w, https:\/\/idihcs.fahce.unlp.edu.ar\/chaya\/wp-content\/uploads\/sites\/11\/2023\/08\/Flyer-Seminario-1-300x212.png 300w, https:\/\/idihcs.fahce.unlp.edu.ar\/chaya\/wp-content\/uploads\/sites\/11\/2023\/08\/Flyer-Seminario-1-768x543.png 768w, https:\/\/idihcs.fahce.unlp.edu.ar\/chaya\/wp-content\/uploads\/sites\/11\/2023\/08\/Flyer-Seminario-1-1536x1086.png 1536w, https:\/\/idihcs.fahce.unlp.edu.ar\/chaya\/wp-content\/uploads\/sites\/11\/2023\/08\/Flyer-Seminario-1-100x70.png 100w, https:\/\/idihcs.fahce.unlp.edu.ar\/chaya\/wp-content\/uploads\/sites\/11\/2023\/08\/Flyer-Seminario-1-696x492.png 696w, https:\/\/idihcs.fahce.unlp.edu.ar\/chaya\/wp-content\/uploads\/sites\/11\/2023\/08\/Flyer-Seminario-1-1068x755.png 1068w, https:\/\/idihcs.fahce.unlp.edu.ar\/chaya\/wp-content\/uploads\/sites\/11\/2023\/08\/Flyer-Seminario-1-594x420.png 594w, https:\/\/idihcs.fahce.unlp.edu.ar\/chaya\/wp-content\/uploads\/sites\/11\/2023\/08\/Flyer-Seminario-1-1920x1357.png 1920w, https:\/\/idihcs.fahce.unlp.edu.ar\/chaya\/wp-content\/uploads\/sites\/11\/2023\/08\/Flyer-Seminario-1.png 2000w\" sizes=\"auto, (max-width: 1024px) 100vw, 1024px\" \/><\/figure>\n","protected":false},"excerpt":{"rendered":"<p>Desde el\u00a0Centro de Historia Argentina y Americana (CHAyA), invitamos a participar del seminario de discusi\u00f3n\u00a0&#8220;El imperio portugu\u00e9s y el espa\u00f1ol en perspectiva comparada: el ejercito del poder pol\u00edtico y las pr\u00e1cticas sociales (siglos XVI a XIX)&#8221;. El mismo se realizar\u00e1 el d\u00eda 4\/09&nbsp; de 15 a 17:30 hs, en el&nbsp;Instituto de Historia de Espa\u00f1a &#8220;Claudio [&hellip;]<\/p>\n","protected":false},"author":16,"featured_media":1103,"comment_status":"closed","ping_status":"closed","sticky":false,"template":"","format":"standard","meta":{"_themeisle_gutenberg_block_has_review":false,"footnotes":""},"categories":[4],"class_list":["post-1102","post","type-post","status-publish","format-standard","has-post-thumbnail","hentry","category-novedades"],"acf":[],"rttpg_featured_image_url":{"full":["https:\/\/idihcs.fahce.unlp.edu.ar\/chaya\/wp-content\/uploads\/sites\/11\/2023\/08\/Flyer-Seminario.png",2000,1414,false],"landscape":["https:\/\/idihcs.fahce.unlp.edu.ar\/chaya\/wp-content\/uploads\/sites\/11\/2023\/08\/Flyer-Seminario.png",2000,1414,false],"portraits":["https:\/\/idihcs.fahce.unlp.edu.ar\/chaya\/wp-content\/uploads\/sites\/11\/2023\/08\/Flyer-Seminario.png",2000,1414,false],"thumbnail":["https:\/\/idihcs.fahce.unlp.edu.ar\/chaya\/wp-content\/uploads\/sites\/11\/2023\/08\/Flyer-Seminario-150x150.png",150,150,true],"medium":["https:\/\/idihcs.fahce.unlp.edu.ar\/chaya\/wp-content\/uploads\/sites\/11\/2023\/08\/Flyer-Seminario-300x212.png",300,212,true],"large":["https:\/\/idihcs.fahce.unlp.edu.ar\/chaya\/wp-content\/uploads\/sites\/11\/2023\/08\/Flyer-Seminario-1024x724.png",696,492,true],"1536x1536":["https:\/\/idihcs.fahce.unlp.edu.ar\/chaya\/wp-content\/uploads\/sites\/11\/2023\/08\/Flyer-Seminario-1536x1086.png",1536,1086,true],"2048x2048":["https:\/\/idihcs.fahce.unlp.edu.ar\/chaya\/wp-content\/uploads\/sites\/11\/2023\/08\/Flyer-Seminario.png",2000,1414,false],"td_80x60":["https:\/\/idihcs.fahce.unlp.edu.ar\/chaya\/wp-content\/uploads\/sites\/11\/2023\/08\/Flyer-Seminario-80x60.png",80,60,true],"td_100x70":["https:\/\/idihcs.fahce.unlp.edu.ar\/chaya\/wp-content\/uploads\/sites\/11\/2023\/08\/Flyer-Seminario-100x70.png",100,70,true],"td_218x150":["https:\/\/idihcs.fahce.unlp.edu.ar\/chaya\/wp-content\/uploads\/sites\/11\/2023\/08\/Flyer-Seminario-218x150.png",218,150,true],"td_265x198":["https:\/\/idihcs.fahce.unlp.edu.ar\/chaya\/wp-content\/uploads\/sites\/11\/2023\/08\/Flyer-Seminario-265x198.png",265,198,true],"td_324x160":["https:\/\/idihcs.fahce.unlp.edu.ar\/chaya\/wp-content\/uploads\/sites\/11\/2023\/08\/Flyer-Seminario-324x160.png",324,160,true],"td_324x235":["https:\/\/idihcs.fahce.unlp.edu.ar\/chaya\/wp-content\/uploads\/sites\/11\/2023\/08\/Flyer-Seminario-324x235.png",324,235,true],"td_324x400":["https:\/\/idihcs.fahce.unlp.edu.ar\/chaya\/wp-content\/uploads\/sites\/11\/2023\/08\/Flyer-Seminario-324x400.png",324,400,true],"td_356x220":["https:\/\/idihcs.fahce.unlp.edu.ar\/chaya\/wp-content\/uploads\/sites\/11\/2023\/08\/Flyer-Seminario-356x220.png",356,220,true],"td_356x364":["https:\/\/idihcs.fahce.unlp.edu.ar\/chaya\/wp-content\/uploads\/sites\/11\/2023\/08\/Flyer-Seminario-356x364.png",356,364,true],"td_485x360":["https:\/\/idihcs.fahce.unlp.edu.ar\/chaya\/wp-content\/uploads\/sites\/11\/2023\/08\/Flyer-Seminario-485x360.png",485,360,true],"td_533x261":["https:\/\/idihcs.fahce.unlp.edu.ar\/chaya\/wp-content\/uploads\/sites\/11\/2023\/08\/Flyer-Seminario-533x261.png",533,261,true],"td_534x462":["https:\/\/idihcs.fahce.unlp.edu.ar\/chaya\/wp-content\/uploads\/sites\/11\/2023\/08\/Flyer-Seminario-534x462.png",534,462,true],"td_696x0":["https:\/\/idihcs.fahce.unlp.edu.ar\/chaya\/wp-content\/uploads\/sites\/11\/2023\/08\/Flyer-Seminario-696x492.png",696,492,true],"td_696x385":["https:\/\/idihcs.fahce.unlp.edu.ar\/chaya\/wp-content\/uploads\/sites\/11\/2023\/08\/Flyer-Seminario-696x385.png",696,385,true],"td_741x486":["https:\/\/idihcs.fahce.unlp.edu.ar\/chaya\/wp-content\/uploads\/sites\/11\/2023\/08\/Flyer-Seminario-741x486.png",741,486,true],"td_1068x580":["https:\/\/idihcs.fahce.unlp.edu.ar\/chaya\/wp-content\/uploads\/sites\/11\/2023\/08\/Flyer-Seminario-1068x580.png",1068,580,true],"td_1068x0":["https:\/\/idihcs.fahce.unlp.edu.ar\/chaya\/wp-content\/uploads\/sites\/11\/2023\/08\/Flyer-Seminario-1068x755.png",1068,755,true],"td_0x420":["https:\/\/idihcs.fahce.unlp.edu.ar\/chaya\/wp-content\/uploads\/sites\/11\/2023\/08\/Flyer-Seminario-594x420.png",594,420,true],"td_1920x0":["https:\/\/idihcs.fahce.unlp.edu.ar\/chaya\/wp-content\/uploads\/sites\/11\/2023\/08\/Flyer-Seminario-1920x1357.png",1920,1357,true],"rt_custom":["https:\/\/idihcs.fahce.unlp.edu.ar\/chaya\/wp-content\/uploads\/sites\/11\/2023\/08\/Flyer-Seminario.png",2000,1414,false]},"rttpg_author":{"display_name":"CHAyA","author_link":"https:\/\/idihcs.fahce.unlp.edu.ar\/chaya\/author\/chaya\/"},"rttpg_comment":0,"rttpg_category":"<a href=\"https:\/\/idihcs.fahce.unlp.edu.ar\/chaya\/category\/novedades\/\" rel=\"category tag\">Novedades<\/a>","rttpg_excerpt":"Desde el\u00a0Centro de Historia Argentina y Americana (CHAyA), invitamos a participar del seminario de discusi\u00f3n\u00a0&#8220;El imperio portugu\u00e9s y el espa\u00f1ol en perspectiva comparada: el ejercito del poder pol\u00edtico y las pr\u00e1cticas sociales (siglos XVI a XIX)&#8221;. El mismo se realizar\u00e1 el d\u00eda 4\/09&nbsp; de 15 a 17:30 hs, en el&nbsp;Instituto de Historia de Espa\u00f1a &#8220;Claudio&hellip;","_links":{"self":[{"href":"https:\/\/idihcs.fahce.unlp.edu.ar\/chaya\/wp-json\/wp\/v2\/posts\/1102","targetHints":{"allow":["GET"]}}],"collection":[{"href":"https:\/\/idihcs.fahce.unlp.edu.ar\/chaya\/wp-json\/wp\/v2\/posts"}],"about":[{"href":"https:\/\/idihcs.fahce.unlp.edu.ar\/chaya\/wp-json\/wp\/v2\/types\/post"}],"author":[{"embeddable":true,"href":"https:\/\/idihcs.fahce.unlp.edu.ar\/chaya\/wp-json\/wp\/v2\/users\/16"}],"replies":[{"embeddable":true,"href":"https:\/\/idihcs.fahce.unlp.edu.ar\/chaya\/wp-json\/wp\/v2\/comments?post=1102"}],"version-history":[{"count":1,"href":"https:\/\/idihcs.fahce.unlp.edu.ar\/chaya\/wp-json\/wp\/v2\/posts\/1102\/revisions"}],"predecessor-version":[{"id":1105,"href":"https:\/\/idihcs.fahce.unlp.edu.ar\/chaya\/wp-json\/wp\/v2\/posts\/1102\/revisions\/1105"}],"wp:featuredmedia":[{"embeddable":true,"href":"https:\/\/idihcs.fahce.unlp.edu.ar\/chaya\/wp-json\/wp\/v2\/media\/1103"}],"wp:attachment":[{"href":"https:\/\/idihcs.fahce.unlp.edu.ar\/chaya\/wp-json\/wp\/v2\/media?parent=1102"}],"wp:term":[{"taxonomy":"category","embeddable":true,"href":"https:\/\/idihcs.fahce.unlp.edu.ar\/chaya\/wp-json\/wp\/v2\/categories?post=1102"}],"curies":[{"name":"wp","href":"https:\/\/api.w.org\/{rel}","templated":true}]}}