{"id":344,"date":"2018-10-26T14:16:04","date_gmt":"2018-10-26T17:16:04","guid":{"rendered":"http:\/\/idihcs.fahce.unlp.edu.ar\/ceh\/?p=344"},"modified":"2025-09-01T13:35:18","modified_gmt":"2025-09-01T16:35:18","slug":"deixis-social-y-performance-en-la-literatura-griega-clasica","status":"publish","type":"post","link":"https:\/\/idihcs.fahce.unlp.edu.ar\/ceh\/deixis-social-y-performance-en-la-literatura-griega-clasica\/","title":{"rendered":"Deixis Social y Performance en la Literatura Griega Cl\u00e1sica"},"content":{"rendered":"<p><img loading=\"lazy\" decoding=\"async\" class=\"size-medium wp-image-242 alignleft\" src=\"https:\/\/idihcs.fahce.unlp.edu.ar\/ceh\/wp-content\/uploads\/sites\/9\/2018\/09\/zecchin-deixis-209x300.jpg\" alt=\"\" width=\"209\" height=\"300\" srcset=\"https:\/\/idihcs.fahce.unlp.edu.ar\/ceh\/wp-content\/uploads\/sites\/9\/2018\/09\/zecchin-deixis-209x300.jpg 209w, https:\/\/idihcs.fahce.unlp.edu.ar\/ceh\/wp-content\/uploads\/sites\/9\/2018\/09\/zecchin-deixis-768x1102.jpg 768w, https:\/\/idihcs.fahce.unlp.edu.ar\/ceh\/wp-content\/uploads\/sites\/9\/2018\/09\/zecchin-deixis-713x1024.jpg 713w, https:\/\/idihcs.fahce.unlp.edu.ar\/ceh\/wp-content\/uploads\/sites\/9\/2018\/09\/zecchin-deixis-696x999.jpg 696w, https:\/\/idihcs.fahce.unlp.edu.ar\/ceh\/wp-content\/uploads\/sites\/9\/2018\/09\/zecchin-deixis-1068x1533.jpg 1068w, https:\/\/idihcs.fahce.unlp.edu.ar\/ceh\/wp-content\/uploads\/sites\/9\/2018\/09\/zecchin-deixis-293x420.jpg 293w, https:\/\/idihcs.fahce.unlp.edu.ar\/ceh\/wp-content\/uploads\/sites\/9\/2018\/09\/zecchin-deixis-1920x2756.jpg 1920w\" sizes=\"auto, (max-width: 209px) 100vw, 209px\" \/>Deixis social y Performance en <em>Il\u00edada<br \/>\n<\/em>Luz Pepe de Su\u00e1rez<\/p>\n<p>Deixis endof\u00f3rica y exof\u00f3rica en <em>Odisea<\/em> 23.263-287<br \/>\nGraciela C. Zecchin de Fasano<\/p>\n<p>Clitemnestra: deixis y referencia en la <em>Orest\u00edada<\/em> de Esquilo<br \/>\nGraciela N. Hamam\u00e9<\/p>\n<p>Deixis social en <em>Suplicantes<\/em> de Esquilo. Definici\u00f3n de v\u00ednculos: motivo y motor dram\u00e1tico<br \/>\nMar\u00eda del Pilar Fern\u00e1ndez Deagustini<\/p>\n<p>Doble presentaci\u00f3n de la acci\u00f3n en el pr\u00f3logo de Electra de S\u00f3focles: un an\u00e1lisis de los elementos de\u00edcticos<br \/>\nMar\u00eda In\u00e9s Moretti<\/p>\n<p>Looking at the Pain: Spatial Deixis and Body Language in Sophocles&#8217; <em>Trachiniae<\/em> and <em>Philoctetes<\/em><\/p>\n<p>Mar\u00eda Florencia Nelli<\/p>\n","protected":false},"excerpt":{"rendered":"<p>Deixis social y Performance en Il\u00edada Luz Pepe de Su\u00e1rez Deixis endof\u00f3rica y exof\u00f3rica en Odisea 23.263-287 Graciela C. Zecchin de Fasano Clitemnestra: deixis y referencia en la Orest\u00edada de Esquilo Graciela N. Hamam\u00e9 Deixis social en Suplicantes de Esquilo. Definici\u00f3n de v\u00ednculos: motivo y motor dram\u00e1tico Mar\u00eda del Pilar Fern\u00e1ndez Deagustini Doble presentaci\u00f3n de [&hellip;]<\/p>\n","protected":false},"author":19,"featured_media":242,"comment_status":"closed","ping_status":"closed","sticky":false,"template":"","format":"standard","meta":{"_themeisle_gutenberg_block_has_review":false,"footnotes":""},"categories":[11],"class_list":["post-344","post","type-post","status-publish","format-standard","has-post-thumbnail","hentry","category-libros"],"acf":[],"rttpg_featured_image_url":{"full":["https:\/\/idihcs.fahce.unlp.edu.ar\/ceh\/wp-content\/uploads\/sites\/9\/2018\/09\/zecchin-deixis.jpg",2160,3100,false],"landscape":["https:\/\/idihcs.fahce.unlp.edu.ar\/ceh\/wp-content\/uploads\/sites\/9\/2018\/09\/zecchin-deixis.jpg",2160,3100,false],"portraits":["https:\/\/idihcs.fahce.unlp.edu.ar\/ceh\/wp-content\/uploads\/sites\/9\/2018\/09\/zecchin-deixis.jpg",2160,3100,false],"thumbnail":["https:\/\/idihcs.fahce.unlp.edu.ar\/ceh\/wp-content\/uploads\/sites\/9\/2018\/09\/zecchin-deixis-150x150.jpg",150,150,true],"medium":["https:\/\/idihcs.fahce.unlp.edu.ar\/ceh\/wp-content\/uploads\/sites\/9\/2018\/09\/zecchin-deixis-209x300.jpg",209,300,true],"large":["https:\/\/idihcs.fahce.unlp.edu.ar\/ceh\/wp-content\/uploads\/sites\/9\/2018\/09\/zecchin-deixis-713x1024.jpg",696,1000,true],"1536x1536":["https:\/\/idihcs.fahce.unlp.edu.ar\/ceh\/wp-content\/uploads\/sites\/9\/2018\/09\/zecchin-deixis.jpg",1070,1536,false],"2048x2048":["https:\/\/idihcs.fahce.unlp.edu.ar\/ceh\/wp-content\/uploads\/sites\/9\/2018\/09\/zecchin-deixis.jpg",1427,2048,false],"td_80x60":["https:\/\/idihcs.fahce.unlp.edu.ar\/ceh\/wp-content\/uploads\/sites\/9\/2018\/09\/zecchin-deixis-80x60.jpg",80,60,true],"td_100x70":["https:\/\/idihcs.fahce.unlp.edu.ar\/ceh\/wp-content\/uploads\/sites\/9\/2018\/09\/zecchin-deixis-100x70.jpg",100,70,true],"td_218x150":["https:\/\/idihcs.fahce.unlp.edu.ar\/ceh\/wp-content\/uploads\/sites\/9\/2018\/09\/zecchin-deixis-218x150.jpg",218,150,true],"td_265x198":["https:\/\/idihcs.fahce.unlp.edu.ar\/ceh\/wp-content\/uploads\/sites\/9\/2018\/09\/zecchin-deixis-265x198.jpg",265,198,true],"td_324x160":["https:\/\/idihcs.fahce.unlp.edu.ar\/ceh\/wp-content\/uploads\/sites\/9\/2018\/09\/zecchin-deixis-324x160.jpg",324,160,true],"td_324x235":["https:\/\/idihcs.fahce.unlp.edu.ar\/ceh\/wp-content\/uploads\/sites\/9\/2018\/09\/zecchin-deixis-324x235.jpg",324,235,true],"td_324x400":["https:\/\/idihcs.fahce.unlp.edu.ar\/ceh\/wp-content\/uploads\/sites\/9\/2018\/09\/zecchin-deixis-324x400.jpg",324,400,true],"td_356x220":["https:\/\/idihcs.fahce.unlp.edu.ar\/ceh\/wp-content\/uploads\/sites\/9\/2018\/09\/zecchin-deixis-356x220.jpg",356,220,true],"td_356x364":["https:\/\/idihcs.fahce.unlp.edu.ar\/ceh\/wp-content\/uploads\/sites\/9\/2018\/09\/zecchin-deixis-356x364.jpg",356,364,true],"td_485x360":["https:\/\/idihcs.fahce.unlp.edu.ar\/ceh\/wp-content\/uploads\/sites\/9\/2018\/09\/zecchin-deixis-485x360.jpg",485,360,true],"td_533x261":["https:\/\/idihcs.fahce.unlp.edu.ar\/ceh\/wp-content\/uploads\/sites\/9\/2018\/09\/zecchin-deixis-533x261.jpg",533,261,true],"td_534x462":["https:\/\/idihcs.fahce.unlp.edu.ar\/ceh\/wp-content\/uploads\/sites\/9\/2018\/09\/zecchin-deixis-534x462.jpg",534,462,true],"td_696x0":["https:\/\/idihcs.fahce.unlp.edu.ar\/ceh\/wp-content\/uploads\/sites\/9\/2018\/09\/zecchin-deixis-696x999.jpg",696,999,true],"td_696x385":["https:\/\/idihcs.fahce.unlp.edu.ar\/ceh\/wp-content\/uploads\/sites\/9\/2018\/09\/zecchin-deixis-696x385.jpg",696,385,true],"td_741x486":["https:\/\/idihcs.fahce.unlp.edu.ar\/ceh\/wp-content\/uploads\/sites\/9\/2018\/09\/zecchin-deixis-741x486.jpg",741,486,true],"td_1068x580":["https:\/\/idihcs.fahce.unlp.edu.ar\/ceh\/wp-content\/uploads\/sites\/9\/2018\/09\/zecchin-deixis-1068x580.jpg",1068,580,true],"td_1068x0":["https:\/\/idihcs.fahce.unlp.edu.ar\/ceh\/wp-content\/uploads\/sites\/9\/2018\/09\/zecchin-deixis-1068x1533.jpg",1068,1533,true],"td_0x420":["https:\/\/idihcs.fahce.unlp.edu.ar\/ceh\/wp-content\/uploads\/sites\/9\/2018\/09\/zecchin-deixis-293x420.jpg",293,420,true],"td_1920x0":["https:\/\/idihcs.fahce.unlp.edu.ar\/ceh\/wp-content\/uploads\/sites\/9\/2018\/09\/zecchin-deixis-1920x2756.jpg",1920,2756,true],"rt_custom":["https:\/\/idihcs.fahce.unlp.edu.ar\/ceh\/wp-content\/uploads\/sites\/9\/2018\/09\/zecchin-deixis.jpg",2160,3100,false]},"rttpg_author":{"display_name":"cehelenicos","author_link":"https:\/\/idihcs.fahce.unlp.edu.ar\/ceh\/author\/cehelenicos\/"},"rttpg_comment":0,"rttpg_category":"<a href=\"https:\/\/idihcs.fahce.unlp.edu.ar\/ceh\/category\/libros\/\" rel=\"category tag\">Libros<\/a>","rttpg_excerpt":"Deixis social y Performance en Il\u00edada Luz Pepe de Su\u00e1rez Deixis endof\u00f3rica y exof\u00f3rica en Odisea 23.263-287 Graciela C. Zecchin de Fasano Clitemnestra: deixis y referencia en la Orest\u00edada de Esquilo Graciela N. Hamam\u00e9 Deixis social en Suplicantes de Esquilo. Definici\u00f3n de v\u00ednculos: motivo y motor dram\u00e1tico Mar\u00eda del Pilar Fern\u00e1ndez Deagustini Doble presentaci\u00f3n de&hellip;","_links":{"self":[{"href":"https:\/\/idihcs.fahce.unlp.edu.ar\/ceh\/wp-json\/wp\/v2\/posts\/344","targetHints":{"allow":["GET"]}}],"collection":[{"href":"https:\/\/idihcs.fahce.unlp.edu.ar\/ceh\/wp-json\/wp\/v2\/posts"}],"about":[{"href":"https:\/\/idihcs.fahce.unlp.edu.ar\/ceh\/wp-json\/wp\/v2\/types\/post"}],"author":[{"embeddable":true,"href":"https:\/\/idihcs.fahce.unlp.edu.ar\/ceh\/wp-json\/wp\/v2\/users\/19"}],"replies":[{"embeddable":true,"href":"https:\/\/idihcs.fahce.unlp.edu.ar\/ceh\/wp-json\/wp\/v2\/comments?post=344"}],"version-history":[{"count":2,"href":"https:\/\/idihcs.fahce.unlp.edu.ar\/ceh\/wp-json\/wp\/v2\/posts\/344\/revisions"}],"predecessor-version":[{"id":861,"href":"https:\/\/idihcs.fahce.unlp.edu.ar\/ceh\/wp-json\/wp\/v2\/posts\/344\/revisions\/861"}],"wp:featuredmedia":[{"embeddable":true,"href":"https:\/\/idihcs.fahce.unlp.edu.ar\/ceh\/wp-json\/wp\/v2\/media\/242"}],"wp:attachment":[{"href":"https:\/\/idihcs.fahce.unlp.edu.ar\/ceh\/wp-json\/wp\/v2\/media?parent=344"}],"wp:term":[{"taxonomy":"category","embeddable":true,"href":"https:\/\/idihcs.fahce.unlp.edu.ar\/ceh\/wp-json\/wp\/v2\/categories?post=344"}],"curies":[{"name":"wp","href":"https:\/\/api.w.org\/{rel}","templated":true}]}}